{"id":208843,"date":"2025-10-30T11:26:13","date_gmt":"2025-10-30T11:26:13","guid":{"rendered":"https:\/\/www.europesays.com\/es\/208843\/"},"modified":"2025-10-30T11:26:13","modified_gmt":"2025-10-30T11:26:13","slug":"las-cocinas-blancas-no-han-muerto-ha-madurado-hoy-las-combinamos-con-textura-madera-y-tonos-calidos","status":"publish","type":"post","link":"https:\/\/www.europesays.com\/es\/208843\/","title":{"rendered":"Las cocinas blancas no han muerto, ha madurado. Hoy las combinamos con textura, madera y tonos c\u00e1lidos"},"content":{"rendered":"<p>Durante a\u00f1os, <strong><a href=\"https:\/\/www.revistainteriores.es\/decoracion\/cocinas-blancas-20-fotos-inspiradoras-preciosas-grandes-ideas_10741\" rel=\"nofollow noopener\" target=\"_blank\">el blanco ha sido sin\u00f3nimo de cocina ideal<\/a><\/strong>: limpio, luminoso, atemporal. Sin embargo, los nuevos proyectos de interiorismo parecen haber girado hacia una est\u00e9tica m\u00e1s emocional, donde la textura, la calidez y la integraci\u00f3n con el resto de la vivienda marcan la pauta. Hoy las cocinas buscan ser <strong>espacios que se disfrutan, no solo que se ense\u00f1an<\/strong>; rincones donde cocinar, convivir y trabajar conviven en armon\u00eda.<\/p>\n<p>La <strong>interiorista Melchora Vidal-Pardo<\/strong>, ingeniero industrial de formaci\u00f3n, interiorista de profesi\u00f3n y fundadora de <a href=\"https:\/\/creaspacios.es\/quienes-somos\/\" rel=\"nofollow noopener\" target=\"_blank\">Crea Spacios<\/a>, lo tiene claro: <strong>el blanco no ha desaparecido, pero ya no es el protagonista absoluto. <\/strong>Desde su estudio, combina la precisi\u00f3n t\u00e9cnica con una visi\u00f3n est\u00e9tica centrada en el bienestar y la naturalidad. <strong>\u00abYa no buscamos cocinas as\u00e9pticas, sino vividas\u00bb<\/strong>, asegura.<\/p>\n<p>En esta entrevista, la experta analiza con nosotros las <strong><a href=\"https:\/\/www.revistainteriores.es\/ideas-casa\/interioristas-tendencias-2026_12285\" rel=\"nofollow noopener\" target=\"_blank\">nuevas tendencias para 2026<\/a><\/strong>, el papel de las <a href=\"https:\/\/www.revistainteriores.es\/tendencias\/cocinas-abiertas-salon-10-ideas-y-trucos-faciles-copiar-para-ganar-estilo-y-elegancia_10001\" rel=\"nofollow noopener\" target=\"_blank\">cocinas abiertas<\/a> o semiabiertas y la importancia de <a href=\"https:\/\/www.revistainteriores.es\/decoracion\/11-veces-que-nevera-no-fue-estorbo-ideasssss_9116\" rel=\"nofollow noopener\" target=\"_blank\">integrar los electrodom\u00e9sticos<\/a> para lograr un ambiente fluido y elegante. Un recorrido por el nuevo lenguaje de las <a href=\"https:\/\/www.revistainteriores.es\/decoracion\/cocinas-modernas-ideas_8558\" rel=\"nofollow noopener\" target=\"_blank\">cocinas contempor\u00e1neas<\/a>, donde <strong>la belleza y la funcionalidad se dan la mano.<\/strong><\/p>\n<p>Una conversaci\u00f3n sobre cocinas blancas, con la interiorista Melchora Vidal-Pardo&#13;<img loading=\"lazy\" decoding=\"async\"   src=\"https:\/\/www.europesays.com\/es\/wp-content\/uploads\/2025\/10\/cocina-en-madera_b542b9f9_251029130452_1536x2304.webp.webp\" alt=\"Cocina en madera\" class=\"lazyload\" width=\"1536\" height=\"2304\" data-aspectratio=\"1536\/2304\"\/><\/p>\n<p>&#13;&#13;Foto: Foto: Lupe Clemente Interiorismo: Crea Spacios&#13;<\/p>\n<p><strong>\u00bfEl blanco ha pasado de moda?<\/strong><\/p>\n<p>No ha muerto, ha madurado. Hoy lo combinamos <strong>con textura, madera y tonos c\u00e1lidos.<\/strong> Ya no buscamos cocinas as\u00e9pticas, sino vividas.<\/p>\n<p><strong>\u00bfQu\u00e9 se viene en 2026?<\/strong><\/p>\n<p>Tonos suaves como<strong> arena, oliva o vis\u00f3n, piedra natural, madera clara y acabados mate<\/strong>. Cocinas serenas, conectadas con el resto de la vivienda.<\/p>\n<p><a href=\"https:\/\/www.revistainteriores.es\/ideas-casa\/maria-lunas-arquitecta-inciensos-casa-saludables_12353\" data-ga4_event=\"custom_event\" data-ga4_event_name=\"click_intext\" data-ga4_link_url=\"https:\/\/www.revistainteriores.es\/ideas-casa\/maria-lunas-arquitecta-inciensos-casa-saludables_12353\" data-ga4_link_text=\"maria_lunas_arquitecta_los_inciensos_que_encendemos_en_casa_estan_lejos_de_ser_saludables\" data-ga4_content_type=\"photo\" data-ga4_element=\"related\" rel=\"nofollow noopener\" target=\"_blank\">&#13;&#13;<img loading=\"lazy\" decoding=\"async\" src=\"https:\/\/www.europesays.com\/es\/wp-content\/uploads\/2025\/10\/maria-lunas_d9d6ee38_251030120355_600x600.webp.webp\" alt=\"MARIA LUNAS\" class=\"lazyload\" width=\"600\" height=\"600\" data-aspectratio=\"600\/600\"\/>&#13;&#13;<\/p>\n<p class=\"epigraph\">                    &#13;Noticia relacionada<\/p>\n<p class=\"title\">Mar\u00eda Lunas, arquitecta \u00abLos inciensos que encendemos en casa est\u00e1n lejos de ser saludables\u00bb<\/p>\n<p><\/a>&#13;<img loading=\"lazy\" decoding=\"async\"   src=\"https:\/\/www.europesays.com\/es\/wp-content\/uploads\/2025\/10\/cocina-con-barra-en-l_f49c1996_251029130520_1340x1016.webp.webp\" alt=\"Cocina con barra en L\" class=\"lazyload\" width=\"1340\" height=\"1016\" data-aspectratio=\"1340\/1016\"\/><\/p>\n<p>&#13;&#13;Foto: Foto: Lupe Clemente Interiorismo: Crea Spacios&#13;<\/p>\n<p><strong>\u00a1Tenemos canal de WhatsApp! Sigue toda la informaci\u00f3n sobre interiorismo, decoraci\u00f3n, dise\u00f1o, reformas y mucho m\u00e1s en el\u00a0<\/strong><strong>. \u00bfTe lo vas a perder?<\/strong><\/p>\n<p><strong>\u00bfIsla s\u00ed o no?<\/strong><\/p>\n<p>S\u00ed, si el espacio lo permite. Si no, <strong>una pen\u00ednsula o mesa integrada. <\/strong>Siempre funcional, nunca impuesta.<\/p>\n<p><strong>\u00bfCocinas abiertas?<\/strong><\/p>\n<p>S\u00ed, pero con criterio. Espacios semiabiertos con<strong> paneles o correderas <\/strong>que permiten adaptarse al uso real del hogar.<\/p>\n<p><strong>\u00bfC\u00f3mo integrar electrodom\u00e9sticos?<\/strong><\/p>\n<p>Panelado todo. Queremos que <strong>la cocina fluya como el resto del proyecto<\/strong>, sin interrupciones visuales.<\/p>\n<p>Claves para acertar con el color y el acabado de tu cocina&#13;<img loading=\"lazy\" decoding=\"async\"   src=\"https:\/\/www.europesays.com\/es\/wp-content\/uploads\/2025\/10\/cocina-blanca-combinada_03dfb66d_251029131053_1280x853.webp.webp\" alt=\"Cocina blanca combinada\" class=\"lazyload\" width=\"1280\" height=\"853\" data-aspectratio=\"1280\/853\"\/><\/p>\n<p>&#13;&#13;Foto: Foto: Lupe Clemente Interiorismo: Crea Spacios&#13;<\/p>\n<p> <a href=\"https:\/\/www.revistainteriores.es\/ideas-casa\/melchora-vidal-pardo-interiorista-tendencias-puertas-casa_12310\" data-ga4_event=\"custom_event\" data-ga4_event_name=\"click_intext\" data-ga4_link_url=\"https:\/\/www.revistainteriores.es\/ideas-casa\/melchora-vidal-pardo-interiorista-tendencias-puertas-casa_12310\" data-ga4_link_text=\"melchora_vidal_pardo_interiorista_cada_vez_hay_mas_alternativas_a_las_puertas_blancas_tradicionales\" data-ga4_content_type=\"photo\" data-ga4_element=\"related\" rel=\"nofollow noopener\" target=\"_blank\">&#13;&#13;<img loading=\"lazy\" decoding=\"async\" src=\"https:\/\/www.europesays.com\/es\/wp-content\/uploads\/2025\/10\/entrada-acceso-salon-arroyo-fresno_8e934a64_251023133603_600x600.webp.webp\" alt=\"ENTRADA ( ACCESO SAL\u00d3N) ARROYO FRESNO\" class=\"lazyload\" width=\"600\" height=\"600\" data-aspectratio=\"600\/600\"\/>&#13;&#13;<\/p>\n<p class=\"epigraph\">                    &#13;Noticia relacionada<\/p>\n<p class=\"title\">Melchora Vidal-Pardo, interiorista: \u00abCada vez hay m\u00e1s alternativas a las puertas blancas tradicionales\u00bb<\/p>\n<p><\/a><\/p>\n<p>Aunque el blanco sigue siendo una apuesta segura, las cocinas actuales se abren a nuevas paletas y materiales que aportan calidez y personalidad. <strong>Elegir bien el color y el acabado<\/strong> no solo define el estilo del espacio, sino tambi\u00e9n<strong> c\u00f3mo se vive y se percibe<\/strong>. Estas son algunas claves para acertar con la elecci\u00f3n:<\/p>\n<ul>\n<li><strong>Aprovecha la luz natural: <\/strong>si tu cocina es oscura o interior, opta por tonos c\u00e1lidos y luminosos como arena, lino o vis\u00f3n. Reflejan mejor la luz sin caer en el blanco cl\u00ednico.<\/li>\n<li><strong>Elige materiales con textura: <\/strong>la combinaci\u00f3n de madera, piedra o laminados mates aporta profundidad visual y sensaci\u00f3n de naturalidad.<\/li>\n<li><strong>Coordina con el resto de la vivienda: <\/strong>las cocinas actuales ya no se entienden como espacios aislados: busca una paleta que dialogue con el sal\u00f3n o el comedor.<\/li>\n<li><strong>Cuida el mantenimiento: <\/strong>los acabados satinados y los tonos medios disimulan mejor las huellas y el uso diario que los lacados brillantes.<\/li>\n<li><strong>Atr\u00e9vete con el contraste: <\/strong>un detalle en color &#8211; una pen\u00ednsula en verde oliva o unos tiradores en negro mate &#8211; puede transformar por completo una cocina neutra.<\/li>\n<\/ul>\n","protected":false},"excerpt":{"rendered":"Durante a\u00f1os, el blanco ha sido sin\u00f3nimo de cocina ideal: limpio, luminoso, atemporal. Sin embargo, los nuevos proyectos&hellip;\n","protected":false},"author":2,"featured_media":208844,"comment_status":"","ping_status":"","sticky":false,"template":"","format":"standard","meta":{"footnotes":""},"categories":[173],"tags":[229,233,231,230,232,234,146,147,25,24,23],"class_list":{"0":"post-208843","1":"post","2":"type-post","3":"status-publish","4":"format-standard","5":"has-post-thumbnail","7":"category-arte-y-diseno","8":"tag-arte","9":"tag-arte-y-diseno","10":"tag-arts","11":"tag-arts-and-design","12":"tag-design","13":"tag-diseno","14":"tag-entertainment","15":"tag-entretenimiento","16":"tag-es","17":"tag-espana","18":"tag-spain"},"share_on_mastodon":{"url":"https:\/\/pubeurope.com\/@es\/115462877056556813","error":""},"_links":{"self":[{"href":"https:\/\/www.europesays.com\/es\/wp-json\/wp\/v2\/posts\/208843","targetHints":{"allow":["GET"]}}],"collection":[{"href":"https:\/\/www.europesays.com\/es\/wp-json\/wp\/v2\/posts"}],"about":[{"href":"https:\/\/www.europesays.com\/es\/wp-json\/wp\/v2\/types\/post"}],"author":[{"embeddable":true,"href":"https:\/\/www.europesays.com\/es\/wp-json\/wp\/v2\/users\/2"}],"replies":[{"embeddable":true,"href":"https:\/\/www.europesays.com\/es\/wp-json\/wp\/v2\/comments?post=208843"}],"version-history":[{"count":0,"href":"https:\/\/www.europesays.com\/es\/wp-json\/wp\/v2\/posts\/208843\/revisions"}],"wp:featuredmedia":[{"embeddable":true,"href":"https:\/\/www.europesays.com\/es\/wp-json\/wp\/v2\/media\/208844"}],"wp:attachment":[{"href":"https:\/\/www.europesays.com\/es\/wp-json\/wp\/v2\/media?parent=208843"}],"wp:term":[{"taxonomy":"category","embeddable":true,"href":"https:\/\/www.europesays.com\/es\/wp-json\/wp\/v2\/categories?post=208843"},{"taxonomy":"post_tag","embeddable":true,"href":"https:\/\/www.europesays.com\/es\/wp-json\/wp\/v2\/tags?post=208843"}],"curies":[{"name":"wp","href":"https:\/\/api.w.org\/{rel}","templated":true}]}}