{"id":208849,"date":"2025-10-30T11:30:12","date_gmt":"2025-10-30T11:30:12","guid":{"rendered":"https:\/\/www.europesays.com\/es\/208849\/"},"modified":"2025-10-30T11:30:12","modified_gmt":"2025-10-30T11:30:12","slug":"maria-jose-cuevas-juan-gabriel-era-mas-poderoso-que-el-mismo-poder","status":"publish","type":"post","link":"https:\/\/www.europesays.com\/es\/208849\/","title":{"rendered":"Mar\u00eda Jos\u00e9 Cuevas: \u201cJuan Gabriel era m\u00e1s poderoso que el mismo poder\u201d"},"content":{"rendered":"<p class=\"\">Era el 9 de mayo de 1990. Juan Gabriel sale a escena ataviado con un resplandeciente traje blanco, entre aplausos y gritos del p\u00fablico y con la Orquesta Sinf\u00f3nica Nacional de fondo. El lugar era el Palacio de Bellas Artes, entonces <a href=\"https:\/\/elpais.com\/cultura\/2016\/08\/30\/actualidad\/1472578598_236272.html\" target=\"_self\" rel=\"nofollow noopener\" title=\"https:\/\/elpais.com\/cultura\/2016\/08\/30\/actualidad\/1472578598_236272.html\">un emblema de la alta cultura en M\u00e9xico<\/a>. \u201cEra el \u00faltimo escenario que le faltaba conquistar\u201d, afirma Mar\u00eda Jos\u00e9 Cuevas (Ciudad de M\u00e9xico, 53 a\u00f1os), directora de la serie documental Juan Gabriel: Debo, puedo y quiero, que Netflix estrena este jueves a nivel mundial. Aquella fecha pasar\u00eda a la historia como el d\u00eda en el que, al ritmo de temas como No tengo dinero y Amor eterno, se evapor\u00f3 <a href=\"https:\/\/elpais.com\/mexico\/2023-10-08\/juan-gabriel-el-patriotismo-del-corazon.html\" target=\"_self\" rel=\"nofollow noopener\" title=\"https:\/\/elpais.com\/mexico\/2023-10-08\/juan-gabriel-el-patriotismo-del-corazon.html\">la l\u00ednea entre la cultura popular y la elitista<\/a>. Pero no fue f\u00e1cil. <\/p>\n<p class=\"\">La llegada del Divo de Ju\u00e1rez al ic\u00f3nico recinto cay\u00f3 como <a href=\"https:\/\/elpais.com\/mexico\/2024-09-21\/juan-gabriel-y-bellas-artes-como-el-divo-de-juarez-llego-al-palacio-entre-quejas-y-controversias.html\" target=\"_self\" rel=\"nofollow noopener\" title=\"https:\/\/elpais.com\/mexico\/2024-09-21\/juan-gabriel-y-bellas-artes-como-el-divo-de-juarez-llego-al-palacio-entre-quejas-y-controversias.html\">un balde de agua fr\u00eda en algunos sectores de la sociedad mexicana<\/a>. Cuando se hizo p\u00fablico el anuncio, los peri\u00f3dicos calificaron el concierto como un \u201csacrilegio\u201d y un evento \u201canticultural\u201d. Para Cuevas, hija del pintor <a href=\"https:\/\/elpais.com\/cultura\/2013\/04\/16\/actualidad\/1366070205_766976.html\" target=\"_blank\" rel=\"noreferrer nofollow noopener\" title=\"https:\/\/elpais.com\/cultura\/2013\/04\/16\/actualidad\/1366070205_766976.html\">mexicano Jos\u00e9 Luis Cuevas<\/a>, el rechazo del mundo intelectual de esos a\u00f1os a Juan Gabriel se deb\u00eda a que lo consideraban una figura creada por la televisi\u00f3n. \u201cComo sal\u00eda en Siempre en domingo, muchos cre\u00edan que era un producto de Televisa\u201d, explica. Seg\u00fan la cineasta, la \u201calta cultura\u201d era incapaz de catalogarlo: \u201cJuan Gabriel, como era un cantante de baladas, te cantaba Querida con su su\u00e9ter rojo y sus jeans blancos, pero tambi\u00e9n de pronto se arrancaba cantando ranchera como Se me olvid\u00f3 otra vez\u201d. <\/p>\n<p><img decoding=\"auto\" class=\"_re lazyload a_m-h\" height=\"276\"  width=\"414\"  src=\"https:\/\/www.europesays.com\/es\/wp-content\/uploads\/2025\/10\/5UERO2S77RM5ZOEVOGYBCSX5PQ.jpg\" loading=\"lazy\"\/>Mar\u00eda Jos\u00e9 Cuevas en Ciudad de M\u00e9xico, el 23 de octubre.Isaac Esquivel (EFE)<\/p>\n<p class=\"\">Al final, la soluci\u00f3n para hacer frente a la pol\u00e9mica vino de la misma persona que propuso la idea de los conciertos en Bellas Artes: Mar\u00eda de la Paz Arcaraz, m\u00e1nager de Juan Gabriel y a su vez hija del compositor Luis Arcaraz. \u201cHizo todas las gestiones pertinentes con las personas correctas\u201d, se escucha decir en el documental a Mar\u00eda Luisa, hija de Mar\u00eda de la Paz. Las \u201cpersonas correctas\u201d tienen nombre y apellido y apuntan a las m\u00e1s altas esferas del poder pol\u00edtico de M\u00e9xico en aquellos tiempos. La m\u00e1nager del int\u00e9rprete de Caray ten\u00eda una estrecha relaci\u00f3n con Cecilia Occelli, la entonces esposa del presidente Carlos Salinas de Gortari, y, de acuerdo al documental, fan\u00e1tica de Juan Gabriel. A Cuevas no le sorprende esta cercan\u00eda. \u201c<a href=\"https:\/\/elpais.com\/cultura\/2016\/09\/05\/actualidad\/1473071134_059447.html\" target=\"_self\" rel=\"nofollow noopener\" title=\"https:\/\/elpais.com\/cultura\/2016\/09\/05\/actualidad\/1473071134_059447.html\">Juan Gabriel era m\u00e1s poderoso que el mismo poder<\/a>\u201d, afirma la documentalista. <\/p>\n<p class=\"\">La directora habla del contexto del M\u00e9xico de finales del siglo XX, el del PRI, el partido hegem\u00f3nico en el que sus presidentes eleg\u00edan a sus sucesores. Aunque la intervenci\u00f3n de Salinas de Gortari fue determinante para la consumaci\u00f3n del concierto de Juan Gabriel en Bellas Artes, Cuevas considera que el talento del <a href=\"https:\/\/elpais.com\/elpais\/2016\/09\/13\/videos\/1473781877_980567.html\" target=\"_self\" rel=\"nofollow noopener\" title=\"https:\/\/elpais.com\/elpais\/2016\/09\/13\/videos\/1473781877_980567.html\">artista originario de Michoac\u00e1n<\/a> habl\u00f3 por s\u00ed mismo. \u201cM\u00e1s all\u00e1 del dedazo, de que [la decisi\u00f3n] ven\u00eda de Los Pinos, Juan Gabriel logra demostrar que pudo. Que pudo contestar y que no importaba de d\u00f3nde viniera ese dedazo\u201d, sostiene. A pesar de la resistencia de muchos, incluido el entonces director de la Orquesta Sinf\u00f3nica, quien se neg\u00f3 a formar parte de la presentaci\u00f3n, y de los trabajadores del recinto, que hab\u00edan amenazado con una huelga, el ahora m\u00edtico concierto en Bellas Artes se realiz\u00f3. <\/p>\n<p class=\"\">A lo largo de cuatro cap\u00edtulos, el documental se adentra en la vida privada de Alberto Aguilera Valadez, el nombre real del compositor. La obra muestra una faceta nunca vista del hombre que encarna al \u00eddolo mexicano. \u201cPara entender <a href=\"https:\/\/elpais.com\/cultura\/2016\/08\/29\/actualidad\/1472425281_962599.html\" target=\"_self\" rel=\"nofollow noopener\" title=\"https:\/\/elpais.com\/cultura\/2016\/08\/29\/actualidad\/1472425281_962599.html\">la grandeza de Juan Gabriel<\/a> hab\u00eda que voltear la c\u00e1mara al personaje privado\u201d, comenta Cuevas. La investigaci\u00f3n detr\u00e1s de la serie se basa en un archivo entregado por la familia del int\u00e9rprete y que est\u00e1 compuesto por m\u00e1s de 30.000 fotograf\u00edas, 2.268 cintas y casi medio mill\u00f3n de archivos de audio. Se trata de 390 TB de material digital acumulado, un espacio que ocupar\u00edan en un m\u00f3vil unas 130 millones de im\u00e1genes o 100.000 pel\u00edculas en alta definici\u00f3n, por ejemplo. La cineasta asegura que este archivo \u00edntimo es lo que hace \u00fanico a este proyecto y lo que permite mirar con otros ojos a un personaje del que muchos creen saberlo todo. \u201cTuvimos acceso a esta bodega de miles de todo tipo de cintas, porque resulta que Juan Gabriel, desde muy temprana edad, siendo un jovencito de 21 a\u00f1os, con el primer dinero que gana se compra una camarita Super 8 y empieza a registrar su cotidianidad\u201d, cuenta. <\/p>\n<p><img decoding=\"auto\" class=\"_re lazyload a_m-h\" height=\"233\"  width=\"414\"  src=\"https:\/\/www.europesays.com\/es\/wp-content\/uploads\/2025\/10\/E4PANMICAJCINPXPQFXLDOIPEA.jpg\" loading=\"lazy\"\/>Diapositivas, parte del material del cantante.Netflix<\/p>\n<p class=\"\">Las im\u00e1genes de la vida ordinaria de Alberto Aguilera, como si de cualquier persona se tratara, abundan en la serie: <a href=\"https:\/\/elpais.com\/cultura\/2016\/10\/23\/actualidad\/1477187500_187974.html\" target=\"_self\" rel=\"nofollow noopener\" title=\"https:\/\/elpais.com\/cultura\/2016\/10\/23\/actualidad\/1477187500_187974.html\">fiestas de cumplea\u00f1os de sus hijos<\/a>, vacaciones, comidas con amigos y momentos de ocio en casa con su familia. Una mirada tan profunda que Cuevas confiesa que ella y su equipo llegaron a sentirse \u201cun poco esp\u00edas de esta intimidad\u201d, pero que, al final, es esa dualidad entre la persona, Aguilera, y el personaje, Juan Gabriel, lo que hace diferente la historia que cuentan. \u201cAlberto Aguilera cre\u00f3 a Juan Gabriel para echarle la bolita. Alberto Aguilera es el ni\u00f1o abandonado, el adolescente con su cuadernito escribiendo todos sus sentimientos, pero \u00e9l prefer\u00eda de alguna manera quedarse tras bambalinas y pasarle esa batuta a Juan Gabriel\u201d, reflexiona. <\/p>\n<p class=\"\">Para Mar\u00eda Jos\u00e9 Cuevas, el mejor retrato de ese juego entre dos personalidades est\u00e1 en una grabaci\u00f3n del 13 de mayo de 1990. Un d\u00eda despu\u00e9s del \u00faltimo de los cuatro conciertos que el Divo de Ju\u00e1rez ofreci\u00f3 en Bellas Artes, tras su hist\u00f3rico triunfo, Juan Gabriel pasa a segundo plano. \u201cDe pronto viene el 13 de mayo y es el momento m\u00e1s cotidiano de Alberto Aguilera en sus shorts con sus hijos jugando a los cojinazos. \u00bfQu\u00e9 hizo Juan Gabriel? \u00bfQu\u00e9 hizo Alberto al d\u00eda siguiente? Sigui\u00f3 con su cotidianidad\u201d, narra con asombro. <\/p>\n<p class=\"\">Como cualquier personaje p\u00fablico, <a href=\"https:\/\/elpais.com\/elpais\/2017\/01\/12\/estilo\/1484185780_249644.html\" target=\"_self\" rel=\"nofollow noopener\" title=\"https:\/\/elpais.com\/elpais\/2017\/01\/12\/estilo\/1484185780_249644.html\">los esc\u00e1ndalos no faltaron a lo largo de toda una vida frente a los reflectores<\/a>. Al respecto, la cineasta afirma que el documental no esconde nada y que se pueden apreciar los claroscuros de un personaje que tambi\u00e9n ten\u00eda \u201cmal humor o la miradita impaciente\u201d. Agrega que su intenci\u00f3n era mostrar que \u201cun personaje no es negro y blanco\u201d y que \u201chay muchos matices como cualquier ser humano\u201d. Sobre las \u00faltimas decisiones editoriales en el montaje del documental, la directora asegura que la familia del cantante no intervino: \u201cEllos vieron un corte final y les encant\u00f3. En ning\u00fan momento censuraron nada. Incluso tuvieron esta confianza de compartir con producci\u00f3n esta bodega llena de materiales que ni siquiera ellos sab\u00edan lo que conten\u00eda\u201d. <\/p>\n<p><img decoding=\"auto\" class=\"_re lazyload a_m-h\" height=\"233\"  width=\"414\"  src=\"https:\/\/www.europesays.com\/es\/wp-content\/uploads\/2025\/10\/4AQI4UEHQFA3XNFHSHKVM3Z72A.jpg\" loading=\"lazy\"\/>Fotograma del documental &#8216;Juan Gabriel: Debo, puedo y quiero&#8217;.Netflix<\/p>\n<p class=\"\">El nombre de la serie de Netflix Juan Gabriel: Debo, puedo y quiero, disponible en la plataforma a partir de este 30 de octubre, no es coincidencia. Cuevas narra que el origen es un \u201cencabezado de peri\u00f3dico que sali\u00f3 el d\u00eda que le dieron luz verde a Juan Gabriel para presentarse en Bellas Artes\u201d. Para ella, es <a href=\"https:\/\/elpais.com\/mexico\/2024-07-15\/juan-gabriel-el-icono-mexicano-que-puso-en-vela-a-todo-mexico.html\" target=\"_self\" rel=\"nofollow noopener\" title=\"https:\/\/elpais.com\/mexico\/2024-07-15\/juan-gabriel-el-icono-mexicano-que-puso-en-vela-a-todo-mexico.html\">el reflejo de lo que era el \u00edcono mexicano<\/a>. \u201c\u00c9se es Juan Gabriel. Se met\u00eda algo en la cabeza y lo lograba\u201d, sostiene. \u201cYo lo llamo el gran conquistador. Juan Gabriel conquistaba en el palenque hasta al m\u00e1s macho. Termina conquistando todos los escenarios, todo el tipo de p\u00fablico, todas las clases sociales\u201d, afirma. <\/p>\n<p class=\"\">Y as\u00ed, 35 a\u00f1os despu\u00e9s de su c\u00e9lebre presentaci\u00f3n en Bellas Artes, y <a href=\"https:\/\/elpais.com\/cultura\/2017\/08\/27\/actualidad\/1503846011_281394.html\" target=\"_self\" rel=\"nofollow noopener\" title=\"https:\/\/elpais.com\/cultura\/2017\/08\/27\/actualidad\/1503846011_281394.html\">nueve a\u00f1os desde su muerte<\/a>, Juan Gabriel seguir\u00e1 sorprendiendo y enamorando al p\u00fablico. \u201cNo hay manera de que no veas ese concierto y se te ponga la piel chinita. Ahora, si sabes toda la historia que hay detr\u00e1s, todav\u00eda lo valoras much\u00edsimo m\u00e1s\u201d, concluye.<\/p>\n","protected":false},"excerpt":{"rendered":"Era el 9 de mayo de 1990. Juan Gabriel sale a escena ataviado con un resplandeciente traje blanco,&hellip;\n","protected":false},"author":2,"featured_media":208850,"comment_status":"","ping_status":"","sticky":false,"template":"","format":"standard","meta":{"footnotes":""},"categories":[169],"tags":[889,177,726,146,147,25,24,256,176,260,1804,1906,175,185,152,51630,23],"class_list":{"0":"post-208849","1":"post","2":"type-post","3":"status-publish","4":"format-standard","5":"has-post-thumbnail","7":"category-cine","8":"tag-america","9":"tag-cine","10":"tag-compositores","11":"tag-entertainment","12":"tag-entretenimiento","13":"tag-es","14":"tag-espana","15":"tag-famosos","16":"tag-film","17":"tag-gente","18":"tag-latinoamerica","19":"tag-mexico","20":"tag-movies","21":"tag-musica","22":"tag-netflix","23":"tag-series-documentales","24":"tag-spain"},"share_on_mastodon":{"url":"https:\/\/pubeurope.com\/@es\/115462893079775436","error":""},"_links":{"self":[{"href":"https:\/\/www.europesays.com\/es\/wp-json\/wp\/v2\/posts\/208849","targetHints":{"allow":["GET"]}}],"collection":[{"href":"https:\/\/www.europesays.com\/es\/wp-json\/wp\/v2\/posts"}],"about":[{"href":"https:\/\/www.europesays.com\/es\/wp-json\/wp\/v2\/types\/post"}],"author":[{"embeddable":true,"href":"https:\/\/www.europesays.com\/es\/wp-json\/wp\/v2\/users\/2"}],"replies":[{"embeddable":true,"href":"https:\/\/www.europesays.com\/es\/wp-json\/wp\/v2\/comments?post=208849"}],"version-history":[{"count":0,"href":"https:\/\/www.europesays.com\/es\/wp-json\/wp\/v2\/posts\/208849\/revisions"}],"wp:featuredmedia":[{"embeddable":true,"href":"https:\/\/www.europesays.com\/es\/wp-json\/wp\/v2\/media\/208850"}],"wp:attachment":[{"href":"https:\/\/www.europesays.com\/es\/wp-json\/wp\/v2\/media?parent=208849"}],"wp:term":[{"taxonomy":"category","embeddable":true,"href":"https:\/\/www.europesays.com\/es\/wp-json\/wp\/v2\/categories?post=208849"},{"taxonomy":"post_tag","embeddable":true,"href":"https:\/\/www.europesays.com\/es\/wp-json\/wp\/v2\/tags?post=208849"}],"curies":[{"name":"wp","href":"https:\/\/api.w.org\/{rel}","templated":true}]}}