{"id":208857,"date":"2025-10-30T11:34:08","date_gmt":"2025-10-30T11:34:08","guid":{"rendered":"https:\/\/www.europesays.com\/es\/208857\/"},"modified":"2025-10-30T11:34:08","modified_gmt":"2025-10-30T11:34:08","slug":"whatsapp-dejara-de-funcionar-en-estos-moviles-desde-el-1-de-noviembre-2","status":"publish","type":"post","link":"https:\/\/www.europesays.com\/es\/208857\/","title":{"rendered":"WhatsApp dejar\u00e1 de funcionar en estos m\u00f3viles desde el 1 de noviembre"},"content":{"rendered":"<p class=\"v-mdl-ath__p v-mdl-ath__p--6\">\nJueves, 30 de octubre 2025, 12:08<\/p>\n<p class=\"v-p\">Las <strong>actualizaciones<\/strong><strong>de WhatsApp <\/strong>no han parado estos \u00faltimos a\u00f1os, convirti\u00e9ndose en un problema para los m\u00f3viles m\u00e1s antiguos. Por este motivo, <strong>los dispositivos con sistemas operativos desactualizados desde hace m\u00e1s de 10 a\u00f1os<\/strong>, <strong>no pueden acceder a las mejoras de seguridad<\/strong> o no tienen implementado el hardware necesario que requiere las \u00faltimas actualizaciones de la aplicaci\u00f3n.<\/p>\n<p class=\"v-p\">La \u00faltima versi\u00f3n de software de privacidad implementada por WhatsApp se llama <strong>Privacidad avazada del chat <\/strong>y se encarga de que<strong> otras personas no puedan compartir el contenido fuera de WhatsApp<\/strong>, evitando que exporten chats, descargen el contenido en su tel\u00e9fono de manera autom\u00e1tica o usen los mensajes para funciones de IA. Este nuevo ajuste se encuentra disponible desde la \u00faltima actualizaci\u00f3n de WhatsApp del pasado mes de abril y <strong>s\u00f3lo la pueden usar los usuarios con las versiones m\u00e1s recientes de la aplicaci\u00f3n<\/strong>. <\/p>\n<p class=\"v-p\">Esto provoca que aquellos con softwares m\u00e1s antiguos se encuentren m\u00e1s desprotegidos y por ende<strong> la aplicaci\u00f3n dejar\u00e1 de funcionar en ellos a partir del 1 de noviembre <\/strong>de este a\u00f1o. Adem\u00e1s los dispositivos afectados no solo son de<strong> equipos de Android<\/strong> sino tambi\u00e9n <strong>de iPhone <\/strong>y son los siguientes: <\/p>\n<p>iPhone<\/p>\n<ul class=\"v-u v-u--t4\">\n<li class=\"v-u__l\">\n<p class=\"v-p\">\niPhone 5\n<\/p>\n<\/li>\n<li class=\"v-u__l\">\n<p class=\"v-p\">\niPhone 5C\n<\/p>\n<\/li>\n<li class=\"v-u__l\">\n<p class=\"v-p\">\niPhone 5s\n<\/p>\n<\/li>\n<li class=\"v-u__l\">\n<p class=\"v-p\">\niPhone 6\n<\/p>\n<\/li>\n<li class=\"v-u__l\">\n<p class=\"v-p\">\niPhone 6 plus\n<\/p>\n<\/li>\n<\/ul>\n<p>Motorola<\/p>\n<ul class=\"v-u v-u--t4\">\n<li class=\"v-u__l\">\n<p class=\"v-p\">\nMoto G (1ra generaci\u00f3n)\n<\/p>\n<\/li>\n<li class=\"v-u__l\">\n<p class=\"v-p\">\nMoto E (2014)\n<\/p>\n<\/li>\n<\/ul>\n<p>LG<\/p>\n<ul class=\"v-u v-u--t4\">\n<li class=\"v-u__l\">\n<p class=\"v-p\">\nLG Optimus G\n<\/p>\n<\/li>\n<li class=\"v-u__l\">\n<p class=\"v-p\">\nLG G3\n<\/p>\n<\/li>\n<li class=\"v-u__l\">\n<p class=\"v-p\">\nLG Nexus 4\n<\/p>\n<\/li>\n<li class=\"v-u__l\">\n<p class=\"v-p\">\nLG G2 Mini\n<\/p>\n<\/li>\n<\/ul>\n<p>Sony<\/p>\n<ul class=\"v-u v-u--t4\">\n<li class=\"v-u__l\">\n<p class=\"v-p\">\nSony Xperia Z\n<\/p>\n<\/li>\n<li class=\"v-u__l\">\n<p class=\"v-p\">\nSony SP\n<\/p>\n<\/li>\n<li class=\"v-u__l\">\n<p class=\"v-p\">\nSony T\n<\/p>\n<\/li>\n<li class=\"v-u__l\">\n<p class=\"v-p\">\nSony V\n<\/p>\n<\/li>\n<li class=\"v-u__l\">\n<p class=\"v-p\">\nSony Z2\n<\/p>\n<\/li>\n<\/ul>\n<p>Samsung<\/p>\n<ul class=\"v-u v-u--t4\">\n<li class=\"v-u__l\">\n<p class=\"v-p\">\nSamsung Galaxy S3\n<\/p>\n<\/li>\n<li class=\"v-u__l\">\n<p class=\"v-p\">\nSamsung Galaxy Core\n<\/p>\n<\/li>\n<li class=\"v-u__l\">\n<p class=\"v-p\">\nSamsung Galaxy Trend\n<\/p>\n<\/li>\n<li class=\"v-u__l\">\n<p class=\"v-p\">\nSamsung Galaxy S5\n<\/p>\n<\/li>\n<li class=\"v-u__l\">\n<p class=\"v-p\">\nSamsung Galaxy S4 Mini\n<\/p>\n<\/li>\n<li class=\"v-u__l\">\n<p class=\"v-p\">\nSamsung Galaxy Note 2\n<\/p>\n<\/li>\n<\/ul>\n<p class=\"v-p\">La tecnolog\u00eda sigue avanzando a pasos agigantados y tener un dispositivo protegido se ha vuelto algo esencial <a href=\"https:\/\/www.hoy.es\/sociedad\/nuevo-bulo-triple-check-azul-conversaciones-whatsapp-20250407113718-nt.html\" data-voc-vtm-id=\"in-text-traffic\" title=\"para evitar estafas y bulos\" data-mrf-link=\"www.hoy.es\" rel=\"nofollow noopener\" target=\"_blank\">para evitar estafas y bulos<\/a>. Esta nueva herramienta de protecci\u00f3n de WhatsApp ha generado pol\u00e9mica en un primer lugar por la distribuci\u00f3n de bulos sobre la misma. Por motivos como este es esencial leer las condiciones de cada actualizaci\u00f3n, y renovar el hardware para mantenerse lo m\u00e1s seguro posible.<\/p>\n<p>Reporta un error<\/p>\n","protected":false},"excerpt":{"rendered":"Jueves, 30 de octubre 2025, 12:08 Las actualizacionesde WhatsApp no han parado estos \u00faltimos a\u00f1os, convirti\u00e9ndose en un&hellip;\n","protected":false},"author":2,"featured_media":208858,"comment_status":"","ping_status":"","sticky":false,"template":"","format":"standard","meta":{"footnotes":""},"categories":[81],"tags":[7009,2823,119,123,124,56700,55154,25,24,1658,2822,48795,56701,1700,117,121,122,23,118,120,137],"class_list":{"0":"post-208857","1":"post","2":"type-post","3":"status-publish","4":"format-standard","5":"has-post-thumbnail","7":"category-ciencia-y-tecnologia","8":"tag-android","9":"tag-apple","10":"tag-ciencia","11":"tag-ciencia-y-tecnologia","12":"tag-cienciaytecnologia","13":"tag-dejara-funcionar","14":"tag-dispositivos","15":"tag-es","16":"tag-espana","17":"tag-huawei","18":"tag-iphone","19":"tag-lg","20":"tag-motorola","21":"tag-samsung","22":"tag-science","23":"tag-science-and-technology","24":"tag-scienceandtechnology","25":"tag-spain","26":"tag-technology","27":"tag-tecnologia","28":"tag-whatsapp"},"share_on_mastodon":{"url":"https:\/\/pubeurope.com\/@es\/115462908445735489","error":""},"_links":{"self":[{"href":"https:\/\/www.europesays.com\/es\/wp-json\/wp\/v2\/posts\/208857","targetHints":{"allow":["GET"]}}],"collection":[{"href":"https:\/\/www.europesays.com\/es\/wp-json\/wp\/v2\/posts"}],"about":[{"href":"https:\/\/www.europesays.com\/es\/wp-json\/wp\/v2\/types\/post"}],"author":[{"embeddable":true,"href":"https:\/\/www.europesays.com\/es\/wp-json\/wp\/v2\/users\/2"}],"replies":[{"embeddable":true,"href":"https:\/\/www.europesays.com\/es\/wp-json\/wp\/v2\/comments?post=208857"}],"version-history":[{"count":0,"href":"https:\/\/www.europesays.com\/es\/wp-json\/wp\/v2\/posts\/208857\/revisions"}],"wp:featuredmedia":[{"embeddable":true,"href":"https:\/\/www.europesays.com\/es\/wp-json\/wp\/v2\/media\/208858"}],"wp:attachment":[{"href":"https:\/\/www.europesays.com\/es\/wp-json\/wp\/v2\/media?parent=208857"}],"wp:term":[{"taxonomy":"category","embeddable":true,"href":"https:\/\/www.europesays.com\/es\/wp-json\/wp\/v2\/categories?post=208857"},{"taxonomy":"post_tag","embeddable":true,"href":"https:\/\/www.europesays.com\/es\/wp-json\/wp\/v2\/tags?post=208857"}],"curies":[{"name":"wp","href":"https:\/\/api.w.org\/{rel}","templated":true}]}}