{"id":208863,"date":"2025-10-30T11:37:06","date_gmt":"2025-10-30T11:37:06","guid":{"rendered":"https:\/\/www.europesays.com\/es\/208863\/"},"modified":"2025-10-30T11:37:06","modified_gmt":"2025-10-30T11:37:06","slug":"mazon-pide-un-tiempo-de-reflexion-tras-el-escarnio-publico-del-funeral-y-rehusa-responder-si-piensa-dimitir-espana","status":"publish","type":"post","link":"https:\/\/www.europesays.com\/es\/208863\/","title":{"rendered":"Maz\u00f3n pide un tiempo de reflexi\u00f3n tras el escarnio p\u00fablico del funeral y reh\u00fasa responder si piensa dimitir | Espa\u00f1a"},"content":{"rendered":"<p class=\"\">El presidente de la Generalitat, Carlos Maz\u00f3n, ha afirmado este jueves que se hace \u201ccargo\u201d del \u201cd\u00eda de ayer y de otros d\u00edas\u201d y ha pedido \u201cun tiempo de reflexi\u00f3n\u201d. Maz\u00f3n se<a href=\"https:\/\/elpais.com\/noticias\/inundaciones-dana-octubre-2024\/\" target=\"_self\" rel=\"nofollow noopener\" title=\"https:\/\/elpais.com\/noticias\/inundaciones-dana-octubre-2024\/\"> ha negado a responder si se ha planteado la dimisi\u00f3n<\/a>, antes de entrar, precisamente, en el Museu de les Ci\u00e8ncies de Val\u00e8ncia, donde el mi\u00e9rcoles fue recibo con gritos de asesino en el funeral de Estado por las v\u00edctimas de la dana. Fuentes de la Generalitat desligan ese periodo de reflexi\u00f3n de Maz\u00f3n con la posibilidad de que presente su dimisi\u00f3n por la presi\u00f3n social y pol\u00edtica, incluido algunos sectores del PP.<\/p>\n<p class=\"\">Maz\u00f3n ha manifestado a los medios que \u201cpronto\u201d habr\u00e1 una comparecencia y ha insistido en que es un momento de \u201creflexionar\u201d y que hoy mismo va a reunirse con una familia de las 229 v\u00edctimas de las inundaciones. El l\u00edder popular hace referencia a su comparecencia en la <a href=\"https:\/\/elpais.com\/espana\/2025-10-28\/feijoo-insta-a-mazon-a-contestar-a-todas-las-preguntas-sobre-lo-que-hizo-el-dia-de-la-dana-en-tres-comisiones-de-investigacion.html\" target=\"_blank\" rel=\"noreferrer nofollow noopener\" title=\"https:\/\/elpais.com\/espana\/2025-10-28\/feijoo-insta-a-mazon-a-contestar-a-todas-las-preguntas-sobre-lo-que-hizo-el-dia-de-la-dana-en-tres-comisiones-de-investigacion.html\">comisi\u00f3n de la dana del Congreso el pr\u00f3ximo 17 de noviembre<\/a>, en la que deber\u00e1 \u201ccontestar a todas y cada una de las preguntas\u201d, seg\u00fan le inst\u00f3 el jefe de los populares, Alberto N\u00fa\u00f1ez Feij\u00f3o.<\/p>\n<p class=\"\">Ante la insistencia de los periodistas, ha insistido en que su prop\u00f3sito es \u201creflexionar\u201d y ha rechazado varias veces contestar a la pregunta de si se ha planteado dimitir. La prensa esperaba a Maz\u00f3n a las puertas de la sala donde ten\u00eda previsto participar en la apertura de un congreso de cooperativas que se celebra en el mismo museo en el que el president <a href=\"https:\/\/elpais.com\/espana\/2025-10-29\/hasta-cuando-mazon.html\" target=\"_self\" rel=\"nofollow noopener\" title=\"https:\/\/elpais.com\/espana\/2025-10-29\/hasta-cuando-mazon.html\">recibi\u00f3 el escarnio p\u00fablico de buena parte de los familiares de las v\u00edctimas de la dana<\/a> en el funeral de Estado celebrado este mi\u00e9rcoles. Algunos de los familiares de las v\u00edctimas se levantaron de sus sillas cuando vieron entrar en la sala al jefe del Consell y mostraron im\u00e1genes de sus seres queridos mientras profer\u00edan <a href=\"https:\/\/elpais.com\/espana\/comunidad-valenciana\/2025-10-29\/el-dolor-y-la-indignacion-marcan-el-funeral-de-estado-por-las-victimas-de-la-dana-que-reciben-a-mazon-a-gritos.html\" target=\"_blank\" rel=\"noreferrer nofollow noopener\" title=\"https:\/\/elpais.com\/espana\/comunidad-valenciana\/2025-10-29\/el-dolor-y-la-indignacion-marcan-el-funeral-de-estado-por-las-victimas-de-la-dana-que-reciben-a-mazon-a-gritos.html\">gritos de \u201c\u00a1asesino!\u201d, \u201c\u00a1fuera!\u201d o \u201c\u00a1sinverg\u00fcenza!\u201d<\/a>. Durante la protesta, Maz\u00f3n callaba y manten\u00eda un gesto serio. Los gritos se calmaron con la entrada de los Reyes, recibidos con aplausos.<\/p>\n<p class=\"\">El presidente de las cooperativas agroalimentarias, Cirilo Arnand\u00eds, ha iniciado su intervenci\u00f3n afirmando: \u201cNosotros s\u00ed nos acordamos donde est\u00e1bamos. Los cooperativistas est\u00e1bamos quitando el barro\u201d.<\/p>\n","protected":false},"excerpt":{"rendered":"El presidente de la Generalitat, Carlos Maz\u00f3n, ha afirmado este jueves que se hace \u201ccargo\u201d del \u201cd\u00eda de&hellip;\n","protected":false},"author":2,"featured_media":208864,"comment_status":"","ping_status":"","sticky":false,"template":"","format":"standard","meta":{"footnotes":""},"categories":[8],"tags":[17,18,2007,25,24,13,14,9235,11,4274,19,20,9,10,15,16,956,23,12,21,22],"class_list":{"0":"post-208863","1":"post","2":"type-post","3":"status-publish","4":"format-standard","5":"has-post-thumbnail","7":"category-espana","8":"tag-breaking-news","9":"tag-breakingnews","10":"tag-carlos-mazon","11":"tag-es","12":"tag-espana","13":"tag-featured-news","14":"tag-featurednews","15":"tag-funerales","16":"tag-headlines","17":"tag-inundaciones-dana-octubre-2024","18":"tag-latest-news","19":"tag-latestnews","20":"tag-news","21":"tag-noticias","22":"tag-noticias-destacadas","23":"tag-noticiasdestacadas","24":"tag-pp","25":"tag-spain","26":"tag-titulares","27":"tag-ultimas-noticias","28":"tag-ultimasnoticias"},"share_on_mastodon":{"url":"https:\/\/pubeurope.com\/@es\/115462920241700516","error":""},"_links":{"self":[{"href":"https:\/\/www.europesays.com\/es\/wp-json\/wp\/v2\/posts\/208863","targetHints":{"allow":["GET"]}}],"collection":[{"href":"https:\/\/www.europesays.com\/es\/wp-json\/wp\/v2\/posts"}],"about":[{"href":"https:\/\/www.europesays.com\/es\/wp-json\/wp\/v2\/types\/post"}],"author":[{"embeddable":true,"href":"https:\/\/www.europesays.com\/es\/wp-json\/wp\/v2\/users\/2"}],"replies":[{"embeddable":true,"href":"https:\/\/www.europesays.com\/es\/wp-json\/wp\/v2\/comments?post=208863"}],"version-history":[{"count":0,"href":"https:\/\/www.europesays.com\/es\/wp-json\/wp\/v2\/posts\/208863\/revisions"}],"wp:featuredmedia":[{"embeddable":true,"href":"https:\/\/www.europesays.com\/es\/wp-json\/wp\/v2\/media\/208864"}],"wp:attachment":[{"href":"https:\/\/www.europesays.com\/es\/wp-json\/wp\/v2\/media?parent=208863"}],"wp:term":[{"taxonomy":"category","embeddable":true,"href":"https:\/\/www.europesays.com\/es\/wp-json\/wp\/v2\/categories?post=208863"},{"taxonomy":"post_tag","embeddable":true,"href":"https:\/\/www.europesays.com\/es\/wp-json\/wp\/v2\/tags?post=208863"}],"curies":[{"name":"wp","href":"https:\/\/api.w.org\/{rel}","templated":true}]}}