{"id":208866,"date":"2025-10-30T11:44:08","date_gmt":"2025-10-30T11:44:08","guid":{"rendered":"https:\/\/www.europesays.com\/es\/208866\/"},"modified":"2025-10-30T11:44:08","modified_gmt":"2025-10-30T11:44:08","slug":"movistar-team-avanza-en-su-transformacion-y-anuncia-una-profunda-reorganizacion-de-su-area-deportiva","status":"publish","type":"post","link":"https:\/\/www.europesays.com\/es\/208866\/","title":{"rendered":"Movistar Team avanza en su transformaci\u00f3n y anuncia una \u00abprofunda reorganizaci\u00f3n de su \u00c1rea Deportiva\u00bb"},"content":{"rendered":"<p>El conjunto telef\u00f3nico refuerza su estructura t\u00e9cnica con una profunda transformaci\u00f3n que busca optimizar el rendimiento y modernizar su gesti\u00f3n interna.<\/p>\n<p>El Movistar Team ha anunciado una importante reestructuraci\u00f3n en su \u00c1rea Deportiva, <strong>un paso m\u00e1s dentro del proceso de transformaci\u00f3n que la escuadra azul viene desarrollando en las \u00faltimas temporadas<\/strong>. El cambio estar\u00e1 liderado por Sebasti\u00e1n Unzu\u00e9, que asume el nuevo cargo de Head of Sports, con el objetivo de mejorar la coordinaci\u00f3n interna y afrontar con mayores garant\u00edas los pr\u00f3ximos retos deportivos.<\/p>\n<p>\u201cQueremos seguir evolucionando como organizaci\u00f3n y dotar al equipo de una estructura moderna, eficaz y alineada con las exigencias del ciclismo actual\u201d, explic\u00f3 Unzu\u00e9. \u201cEste nuevo modelo nos permitir\u00e1 optimizar procesos y fortalecer la colaboraci\u00f3n entre todos los departamentos\u201d.<\/p>\n<p><img class=\" lazyload\" border=\"0\" alt=\"Movistar Team avanza en su transformaci\u00f3n y anuncia una \" profunda=\"\" reorganizaci=\"\" de=\"\" su=\"\" deportiva=\"\" width=\"1376\" height=\"920\"  data-\/><\/p>\n<p>Cuatro departamentos clave<\/p>\n<p>La nueva organizaci\u00f3n se articula en cuatro grandes \u00e1reas que cubrir\u00e1n todos los aspectos del rendimiento y la gesti\u00f3n deportiva:<\/p>\n<ul>&#13;<\/p>\n<li>Rendimiento: liderado por Iv\u00e1n Velasco y Xabier Muriel, incluir\u00e1 las \u00e1reas de rendimiento, ingenier\u00eda, biomec\u00e1nica, nutrici\u00f3n e I+D, con el foco puesto en maximizar el potencial competitivo de los corredores.<\/li>\n<p>&#13;<\/p>\n<li>Carrera: bajo la direcci\u00f3n de Chente Garc\u00eda Acosta y Matthew White, reci\u00e9n incorporado al equipo, este departamento coordinar\u00e1 la planificaci\u00f3n y direcci\u00f3n deportiva en competici\u00f3n.<br \/>White declar\u00f3: \u201cTras m\u00e1s de 15 a\u00f1os como director deportivo, inicio una nueva etapa muy ilusionante. Siempre he sentido un profundo respeto por el Movistar Team y ahora tengo la oportunidad de contribuir desde dentro\u201d.<\/li>\n<p>&#13;<\/p>\n<li>Salud: dirigido por I\u00f1igo Michelena, se centrar\u00e1 en la gesti\u00f3n m\u00e9dica y el bienestar de los ciclistas.<\/li>\n<p>&#13;<\/p>\n<li>Corredores: nuevo departamento destinado a integrar la representaci\u00f3n de los ciclistas dentro de las diferentes estructuras del equipo.<\/li>\n<p>&#13;\n<\/ul>\n<p>Relevo generacional<\/p>\n<p>Con este movimiento,<strong> Eusebio Unzu\u00e9, 70 a\u00f1os, podr\u00eda pasar a asumir un papel m\u00e1s representativo, concediendo el relevo operativo a su hijo Sebasti\u00e1n Unzu\u00e9 como nuevo Head of Sports.<\/strong> Este anuncio refuerza el predominio de Sebasti\u00e1n al frente de la estructura deportiva y marca una transici\u00f3n generacional dentro del equipo.<\/p>\n","protected":false},"excerpt":{"rendered":"El conjunto telef\u00f3nico refuerza su estructura t\u00e9cnica con una profunda transformaci\u00f3n que busca optimizar el rendimiento y modernizar&hellip;\n","protected":false},"author":2,"featured_media":208867,"comment_status":"","ping_status":"","sticky":false,"template":"","format":"standard","meta":{"footnotes":""},"categories":[273],"tags":[313,312,168,25,24,23,167],"class_list":{"0":"post-208866","1":"post","2":"type-post","3":"status-publish","4":"format-standard","5":"has-post-thumbnail","7":"category-ciclismo","8":"tag-ciclismo","9":"tag-cycling","10":"tag-deportes","11":"tag-es","12":"tag-espana","13":"tag-spain","14":"tag-sports"},"share_on_mastodon":{"url":"https:\/\/pubeurope.com\/@es\/115462947671936945","error":""},"_links":{"self":[{"href":"https:\/\/www.europesays.com\/es\/wp-json\/wp\/v2\/posts\/208866","targetHints":{"allow":["GET"]}}],"collection":[{"href":"https:\/\/www.europesays.com\/es\/wp-json\/wp\/v2\/posts"}],"about":[{"href":"https:\/\/www.europesays.com\/es\/wp-json\/wp\/v2\/types\/post"}],"author":[{"embeddable":true,"href":"https:\/\/www.europesays.com\/es\/wp-json\/wp\/v2\/users\/2"}],"replies":[{"embeddable":true,"href":"https:\/\/www.europesays.com\/es\/wp-json\/wp\/v2\/comments?post=208866"}],"version-history":[{"count":0,"href":"https:\/\/www.europesays.com\/es\/wp-json\/wp\/v2\/posts\/208866\/revisions"}],"wp:featuredmedia":[{"embeddable":true,"href":"https:\/\/www.europesays.com\/es\/wp-json\/wp\/v2\/media\/208867"}],"wp:attachment":[{"href":"https:\/\/www.europesays.com\/es\/wp-json\/wp\/v2\/media?parent=208866"}],"wp:term":[{"taxonomy":"category","embeddable":true,"href":"https:\/\/www.europesays.com\/es\/wp-json\/wp\/v2\/categories?post=208866"},{"taxonomy":"post_tag","embeddable":true,"href":"https:\/\/www.europesays.com\/es\/wp-json\/wp\/v2\/tags?post=208866"}],"curies":[{"name":"wp","href":"https:\/\/api.w.org\/{rel}","templated":true}]}}