{"id":208872,"date":"2025-10-30T11:48:09","date_gmt":"2025-10-30T11:48:09","guid":{"rendered":"https:\/\/www.europesays.com\/es\/208872\/"},"modified":"2025-10-30T11:48:09","modified_gmt":"2025-10-30T11:48:09","slug":"sydney-sweeney-sorprende-con-un-vestido-efecto-desnudo-llevando-un-look-transparente-y-sin-sujetador","status":"publish","type":"post","link":"https:\/\/www.europesays.com\/es\/208872\/","title":{"rendered":"Sydney Sweeney sorprende con un vestido &#8216;efecto desnudo&#8217; llevando un &#8216;look&#8217; transparente y sin sujetador"},"content":{"rendered":"<p class=\"c-paragraph\">En los \u00faltimos a\u00f1os,<b> Sydney Sweeney se ha convertido en un icono de moda<\/b> por pleno derecho, desarrollando su estilo propio adaptando las tendencias a su gusto y a su tipo de cuerpo. Este 2025, y con ayuda de una de las mejores estilistas de Hollywood (Molly\u00a0Dickson), la actriz estadounidense se ha erigido como una de las mujeres m\u00e1s influyentes de la industria.\u00a0<\/p>\n<p class=\"c-paragraph\">En cada alfombra roja en la que se ha presentado en los \u00faltimos meses \u2014que no son pocas\u2014, Sweeney se ha convertido en la protagonista gracias a looks que, o bien <b>potencian su silueta para conseguir un estilismo muy favorecedor,<\/b> o se convierten en u<b>n\u00a0statement con dise\u00f1os arriesgados y atrevidos<\/b>, m\u00e1s propios de un editorial de moda de una revista que de un photocall.<\/p>\n<p class=\"c-paragraph\">Hace unos d\u00edas demostraba que incluso puede entremezclar ambas cosas, llevando al\u00a0<b>SCAD Savannah Film Festival\u00a0un minivestido blanco firmado por\u00a0Stella McCartney<\/b>, que pertenece a la colecci\u00f3n\u00a0Primavera-Verano 2026\u00a0de la marca. Se trata de un<a href=\"https:\/\/www.20minutos.es\/mujer\/moda\/sydney-sweeney-enloquece-sus-fans-con-un-mini-vestido-corsetero-tul-menuda-reina_6662427_0.html\" title=\"Sydney Sweeney enloquece a sus fans con un mini vestido corsetero de tul: &quot;Menuda reina&quot;\" rel=\"nofollow noopener\" target=\"_blank\"> dise\u00f1o de estilo arquitect\u00f3nico formado por con\u00a0cors\u00e9 con varillas<\/a>, cubierto con una tela blanca transparente\u00a0que dejaba al descubierto la estructura interna del vestido.<\/p>\n<p>Sydney Sweeney se atreve con el &#8216;braless&#8217; en la alfombra roja<\/p>\n<p class=\"c-paragraph\">Sin embargo, ayer se pas\u00f3 el juego con un estilismo que no hab\u00eda llevado hasta ahora. Durante el evento <b>Variety&#8217;s 2025 Power of Women,<\/b> donde la revista celebra a mujeres poderosas e influyentes,<b>\u00a0Sydney Sweeney, que era una de las homenajeadas,<\/b> se convirti\u00f3 en la estrella de la noche con un impresionante vestido que no pas\u00f3 desapercibido.<\/p>\n<p class=\"c-paragraph\">La actriz se present\u00f3 en la alfombra verde con un espectacular dise\u00f1o de<b>\u00a0Christian Cowan, <\/b>sacado de la colecci\u00f3n Primavera-Verano 2026.<b> <\/b>Se trata de un <b>vestido de punto plateado y brillante<\/b>, que se asemeja a una cota de malla, con un <b>cors\u00e9 interno y unos plisados en la cintura<\/b> que consiguen estrechar la zona y potenciar su figura de reloj de arena.\u00a0\u00a0<\/p>\n<p class=\"c-paragraph\">El tejido es tan liviano que se pega al cuerpo de Sydney Sweeney, destacando cada curva de la protagonista de Christy. Sin embargo, al ser un punto tan fino, hace que sea <b>transparente<\/b>, dejando ver la anatom\u00eda de la actriz. Con esto, la int\u00e9rprete se apunta a la tendencia <b>free the nipple al mostrar su pecho sin sujetador y al natural,<\/b> algo que no hab\u00eda hecho hasta ahora.\u00a0<\/p>\n<p class=\"c-paragraph\">Si bien esta moda se remonta a la liberaci\u00f3n del cuerpo femenino de los a\u00f1os 70, una de las pioneras en llevarla en el siglo XXI fue <b>Rihanna CFDA Fashion Icon Award del 2014, donde apareci\u00f3 con el &#8216;vestido diamante&#8217;<\/b> totalmente transparente, con un estilo similar al de Sweeney. No obstante, fue<b>\u00a0Florence Pugh quien abri\u00f3 la caja de Pandora durante el desfile del 2022 de Valentino<\/b>, donde apareci\u00f3 con un vestido de tul rosa transparente, mostrando su pecho sin ning\u00fan tipo de censura, y no tardaron en llegar las cr\u00edticas hacia su f\u00edsico.<\/p>\n<p class=\"c-paragraph\">\u00abNo es la primera vez y ciertamente no ser\u00e1 la \u00faltima vez que una mujer escucha a una multitud de extra\u00f1os hablar sobre lo que le pasa a su cuerpo, lo preocupante es cu\u00e1n vulgares pod\u00e9is ser.\u00a0<b><b>Muchos quer\u00edais hacerme saber agresivamente lo decepcionados que estabais por mis &#8216;tetas peque\u00f1as&#8217;,<\/b><\/b>\u00a0o c\u00f3mo deber\u00eda avergonzarme por tener un pecho tan plano\u00bb, escrib\u00eda Pugh en una publicaci\u00f3n, sin saber que hab\u00eda iniciado una revoluci\u00f3n en la moda.<\/p>\n<p class=\"c-paragraph\">Con este deslumbrante vestido de\u00a0Christian Cowan, Sydney Sweeney coge el testigo de todas las mujeres que han buscado que el <b>cuerpo femenino deje de tratarse como un objeto de consumo<\/b> y el pecho pase a ser tan irrelevante como el de los hombres, sin censura ni verg\u00fcenza al ense\u00f1arlo.\u00a0<\/p>\n","protected":false},"excerpt":{"rendered":"En los \u00faltimos a\u00f1os, Sydney Sweeney se ha convertido en un icono de moda por pleno derecho, desarrollando&hellip;\n","protected":false},"author":2,"featured_media":208873,"comment_status":"","ping_status":"","sticky":false,"template":"","format":"standard","meta":{"footnotes":""},"categories":[174],"tags":[384,255,146,147,25,24,256,3601,7745,23,15408,15407],"class_list":{"0":"post-208872","1":"post","2":"type-post","3":"status-publish","4":"format-standard","5":"has-post-thumbnail","7":"category-famosos","8":"tag-apunta","9":"tag-celebrities","10":"tag-entertainment","11":"tag-entretenimiento","12":"tag-es","13":"tag-espana","14":"tag-famosos","15":"tag-free","16":"tag-se","17":"tag-spain","18":"tag-sweeney","19":"tag-sydney"},"share_on_mastodon":{"url":"https:\/\/pubeurope.com\/@es\/115462963513849602","error":""},"_links":{"self":[{"href":"https:\/\/www.europesays.com\/es\/wp-json\/wp\/v2\/posts\/208872","targetHints":{"allow":["GET"]}}],"collection":[{"href":"https:\/\/www.europesays.com\/es\/wp-json\/wp\/v2\/posts"}],"about":[{"href":"https:\/\/www.europesays.com\/es\/wp-json\/wp\/v2\/types\/post"}],"author":[{"embeddable":true,"href":"https:\/\/www.europesays.com\/es\/wp-json\/wp\/v2\/users\/2"}],"replies":[{"embeddable":true,"href":"https:\/\/www.europesays.com\/es\/wp-json\/wp\/v2\/comments?post=208872"}],"version-history":[{"count":0,"href":"https:\/\/www.europesays.com\/es\/wp-json\/wp\/v2\/posts\/208872\/revisions"}],"wp:featuredmedia":[{"embeddable":true,"href":"https:\/\/www.europesays.com\/es\/wp-json\/wp\/v2\/media\/208873"}],"wp:attachment":[{"href":"https:\/\/www.europesays.com\/es\/wp-json\/wp\/v2\/media?parent=208872"}],"wp:term":[{"taxonomy":"category","embeddable":true,"href":"https:\/\/www.europesays.com\/es\/wp-json\/wp\/v2\/categories?post=208872"},{"taxonomy":"post_tag","embeddable":true,"href":"https:\/\/www.europesays.com\/es\/wp-json\/wp\/v2\/tags?post=208872"}],"curies":[{"name":"wp","href":"https:\/\/api.w.org\/{rel}","templated":true}]}}