{"id":208878,"date":"2025-10-30T11:52:10","date_gmt":"2025-10-30T11:52:10","guid":{"rendered":"https:\/\/www.europesays.com\/es\/208878\/"},"modified":"2025-10-30T11:52:10","modified_gmt":"2025-10-30T11:52:10","slug":"z-live-2026-confirma-a","status":"publish","type":"post","link":"https:\/\/www.europesays.com\/es\/208878\/","title":{"rendered":"Z! LIVE 2026 confirma a &#8230;"},"content":{"rendered":"<p>\u00a0<\/p>\n<p>\u00a0<\/p>\n<p><strong>Z! LIVE 2026 confirma a \u2026<\/strong><br \/>\n<img fetchpriority=\"high\" decoding=\"async\" src=\"https:\/\/www.europesays.com\/es\/wp-content\/uploads\/2025\/10\/confirmaciones2_500x267.jpg\" alt=\"Z! LIVE 2026\" width=\"500\" height=\"267\"\/><\/p>\n<p><strong><a href=\"https:\/\/delalmaoficial.com\/\" target=\"_blank\" rel=\"noopener nofollow\"> DELALMA<\/a><\/strong>, tocar\u00e1 en <strong><a href=\"https:\/\/zliverock.com\/\" target=\"_blank\" rel=\"noopener nofollow\"><strong>Z! LIVE<\/strong><\/a><\/strong><\/p>\n<p><img loading=\"lazy\" decoding=\"async\" src=\"https:\/\/www.europesays.com\/es\/wp-content\/uploads\/2025\/10\/dealma.jpg\" alt=\"Z! LIVE 2026\" width=\"500\" height=\"624\"\/><\/p>\n<p>En palabras del propio <strong>Seoane<\/strong>, \u201c<strong>volvemos a alzar el vuelo con m\u00e1s fuerza que nunca<\/strong>\u201d.<\/p>\n<p>Tras el par\u00e9ntesis anunciado a finales de 2024, <strong><a href=\"https:\/\/delalmaoficial.com\/\" target=\"_blank\" rel=\"noopener nofollow\">DELALMA<\/a> regresa con nueva energ\u00eda y una formaci\u00f3n consolidada<\/strong>, con <strong>Manuel Seoane<\/strong> a la guitarra, <strong>Jes\u00fas C\u00e1mara<\/strong> al bajo y <strong>Dave Landeroin<\/strong> a la bater\u00eda. Este tr\u00edo constituye el n\u00facleo de una etapa m\u00e1s ambiciosa y expansiva, que marca un nuevo cap\u00edtulo en la historia del metal en castellano.<\/p>\n<p>El pasado <strong>martes 28 de octubre<\/strong> la banda estren\u00f3 el videoclip de su nuevo single, <strong>\u201cCosas por decir\u201d<\/strong>, una potente carta de presentaci\u00f3n que introduce a los dos primeros vocalistas invitados de esta nueva etapa: <strong>Jos\u00e9 Andr\u00eba<\/strong> (ex M\u00e4go de Oz) y <strong>Ronnie Romero<\/strong> (Rainbow, MSG, Lords of Black). Ambos ser\u00e1n tambi\u00e9n parte de las <strong>presentaciones en directo<\/strong>, incluyendo el show exclusivo del Z! Live, donde DELALMA desplegar\u00e1 toda su fuerza con una <strong>producci\u00f3n completa<\/strong> y un planteamiento esc\u00e9nico de gran formato.<\/p>\n<p align=\"center\">Este es el videoclip de \u201cCosas Por Decir\u201d.<\/p>\n<p>El single es el primer adelanto del <strong>doble \u00e1lbum conceptual Santa \/ Compa\u00f1a<\/strong>, previsto para 2026, que profundiza en la dualidad entre luz y oscuridad a trav\u00e9s de siete voces diferentes y una narrativa \u00e9pica firmada por <strong>Seoane<\/strong>.<\/p>\n<p align=\"center\">El cartel de <strong><a href=\"https:\/\/zliverock.com\/\" target=\"_blank\" rel=\"noopener nofollow\"><strong>Z! LIVE<\/strong><\/a><\/strong> queda asi, de momento:<\/p>\n<ul>\n<li><strong>TWISTED SISTER<\/strong><\/li>\n<li><strong>H.E.A.T<\/strong><\/li>\n<li><strong>TESSERACT<\/strong><\/li>\n<li><strong>SOZIEDAD ALKOH\u00d3LIKA<\/strong><\/li>\n<li><strong>DELALMA<\/strong><\/li>\n<li><strong>BROTHERS OF METAL<\/strong><\/li>\n<li><strong>SERIOUS BLACK<\/strong><\/li>\n<li><strong>ROMANTHICA<\/strong><\/li>\n<li><strong>NOAH HISTERIA<\/strong><\/li>\n<li><strong>XERIA<\/strong><\/li>\n<\/ul>\n<p>\u00a0<\/p>\n<p><strong>Ma\u00f1ana, viernes, el festival anunciar\u00e1 una nueva incorporaci\u00f3n al cartel del Z! Live 2026.<\/strong><\/p>\n<p style=\"text-align: center;\"><strong>El <a href=\"https:\/\/zliverock.com\/\" target=\"_blank\" rel=\"noopener nofollow\"><strong>Z! LIVE<\/strong><\/a> 2026 ser\u00e1 del 11 al 13 de junio en IFEZA, Zamora<\/strong><\/p>\n<p style=\"text-align: center;\"><strong><a href=\"https:\/\/zliverock.com\/\" target=\"_blank\" rel=\"noopener nofollow\">M\u00e1s informaci\u00f3n y venta de entradas y abonos, aqui <\/a><\/strong>(al precio de 130 \u20ac + gastos de gesti\u00f3n)<\/p>\n<p>\u00a0<\/p>\n<p>\u00a0<\/p>\n","protected":false},"excerpt":{"rendered":"\u00a0 \u00a0 Z! LIVE 2026 confirma a \u2026 DELALMA, tocar\u00e1 en Z! LIVE En palabras del propio Seoane,&hellip;\n","protected":false},"author":2,"featured_media":150823,"comment_status":"","ping_status":"","sticky":false,"template":"","format":"standard","meta":{"footnotes":""},"categories":[170],"tags":[146,147,25,24,184,185,23,42228],"class_list":{"0":"post-208878","1":"post","2":"type-post","3":"status-publish","4":"format-standard","5":"has-post-thumbnail","7":"category-musica","8":"tag-entertainment","9":"tag-entretenimiento","10":"tag-es","11":"tag-espana","12":"tag-music","13":"tag-musica","14":"tag-spain","15":"tag-z-live-rock-fest"},"share_on_mastodon":{"url":"https:\/\/pubeurope.com\/@es\/115462979419954708","error":""},"_links":{"self":[{"href":"https:\/\/www.europesays.com\/es\/wp-json\/wp\/v2\/posts\/208878","targetHints":{"allow":["GET"]}}],"collection":[{"href":"https:\/\/www.europesays.com\/es\/wp-json\/wp\/v2\/posts"}],"about":[{"href":"https:\/\/www.europesays.com\/es\/wp-json\/wp\/v2\/types\/post"}],"author":[{"embeddable":true,"href":"https:\/\/www.europesays.com\/es\/wp-json\/wp\/v2\/users\/2"}],"replies":[{"embeddable":true,"href":"https:\/\/www.europesays.com\/es\/wp-json\/wp\/v2\/comments?post=208878"}],"version-history":[{"count":0,"href":"https:\/\/www.europesays.com\/es\/wp-json\/wp\/v2\/posts\/208878\/revisions"}],"wp:featuredmedia":[{"embeddable":true,"href":"https:\/\/www.europesays.com\/es\/wp-json\/wp\/v2\/media\/150823"}],"wp:attachment":[{"href":"https:\/\/www.europesays.com\/es\/wp-json\/wp\/v2\/media?parent=208878"}],"wp:term":[{"taxonomy":"category","embeddable":true,"href":"https:\/\/www.europesays.com\/es\/wp-json\/wp\/v2\/categories?post=208878"},{"taxonomy":"post_tag","embeddable":true,"href":"https:\/\/www.europesays.com\/es\/wp-json\/wp\/v2\/tags?post=208878"}],"curies":[{"name":"wp","href":"https:\/\/api.w.org\/{rel}","templated":true}]}}