{"id":208885,"date":"2025-10-30T11:56:12","date_gmt":"2025-10-30T11:56:12","guid":{"rendered":"https:\/\/www.europesays.com\/es\/208885\/"},"modified":"2025-10-30T11:56:12","modified_gmt":"2025-10-30T11:56:12","slug":"muere-de-un-infarto-floyd-roger-myers-jr-actor-de-el-principe-de-bel-air","status":"publish","type":"post","link":"https:\/\/www.europesays.com\/es\/208885\/","title":{"rendered":"Muere de un infarto Floyd Roger Myers Jr, actor de &#8216;El pr\u00edncipe de Bel-Air&#8217;"},"content":{"rendered":"<p class=\"voc-p\" style=\"\">El actor estadounidense Floyd Roger Myers Jr. (1983), conocido por su interpretaci\u00f3n en la serie &#8216;El Pr\u00edncipe de Bel-Air&#8217;, ha fallecido a los 42 a\u00f1os tras sufrir un<strong> infarto en su casa,<\/strong> seg\u00fan anunci\u00f3 su madre al medio estadounidense TMZ.<\/p>\n<p class=\"voc-p\" style=\"\">Myers muri\u00f3  &#8230; en la madrugada del mi\u00e9rcoles en su domicilio de Maryland (EE.UU.). Su madre explic\u00f3 que <strong>el int\u00e9rprete hab\u00eda sufrido tres ataques card\u00edacos en los \u00faltimos tres a\u00f1os<\/strong> y que hab\u00eda hablado con \u00e9l por tel\u00e9fono la noche anterior a su fallecimiento.<\/p>\n<p class=\"voc-p\" style=\"\"><strong>El actor comenz\u00f3 su carrera art\u00edstica siendo muy joven<\/strong>, lleg\u00f3 a participar en anuncios televisivos antes de saltar a la fama por su papel en la m\u00edtica serie &#8216;El Pr\u00edncipe de Bel-Air&#8217;. Durante un cap\u00edtulo interpret\u00f3 la versi\u00f3n adolescente de Will Smith en un episodio de la tercera temporada. <\/p>\n<p class=\"voc-p\" style=\"\">Tuvo tambi\u00e9n su aparici\u00f3n en &#8216;The Jacksons: An American Dream&#8217;, donde interpret\u00f3 a un joven Marlon Jackson, y en el a\u00f1o 2000 tuvo un peque\u00f1o papel en un episodio del drama televisivo &#8216;Young Americans&#8217;.<\/p>\n<p class=\"voc-p\" style=\"\">La muerte de Myers ha causado conmoci\u00f3n entre los seguidores de las series cl\u00e1sicas de los a\u00f1os 90, donde <strong>dej\u00f3 una breve pero recordada huella en la televisi\u00f3n estadounidense.<\/strong><\/p>\n<p>\nArt\u00edculo solo para suscriptores\n<\/p>\n<p>Reportar un error<\/p>\n","protected":false},"excerpt":{"rendered":"El actor estadounidense Floyd Roger Myers Jr. (1983), conocido por su interpretaci\u00f3n en la serie &#8216;El Pr\u00edncipe de&hellip;\n","protected":false},"author":2,"featured_media":208886,"comment_status":"","ping_status":"","sticky":false,"template":"","format":"standard","meta":{"footnotes":""},"categories":[91],"tags":[1339,56705,146,147,25,24,11367,10578,8938,32819,14921,11368,23],"class_list":{"0":"post-208885","1":"post","2":"type-post","3":"status-publish","4":"format-standard","5":"has-post-thumbnail","7":"category-entretenimiento","8":"tag-actor","9":"tag-belair","10":"tag-entertainment","11":"tag-entretenimiento","12":"tag-es","13":"tag-espana","14":"tag-floyd","15":"tag-infarto","16":"tag-muere","17":"tag-myers","18":"tag-principe","19":"tag-roger","20":"tag-spain"},"share_on_mastodon":{"url":"https:\/\/pubeurope.com\/@es\/115462995034833205","error":""},"_links":{"self":[{"href":"https:\/\/www.europesays.com\/es\/wp-json\/wp\/v2\/posts\/208885","targetHints":{"allow":["GET"]}}],"collection":[{"href":"https:\/\/www.europesays.com\/es\/wp-json\/wp\/v2\/posts"}],"about":[{"href":"https:\/\/www.europesays.com\/es\/wp-json\/wp\/v2\/types\/post"}],"author":[{"embeddable":true,"href":"https:\/\/www.europesays.com\/es\/wp-json\/wp\/v2\/users\/2"}],"replies":[{"embeddable":true,"href":"https:\/\/www.europesays.com\/es\/wp-json\/wp\/v2\/comments?post=208885"}],"version-history":[{"count":0,"href":"https:\/\/www.europesays.com\/es\/wp-json\/wp\/v2\/posts\/208885\/revisions"}],"wp:featuredmedia":[{"embeddable":true,"href":"https:\/\/www.europesays.com\/es\/wp-json\/wp\/v2\/media\/208886"}],"wp:attachment":[{"href":"https:\/\/www.europesays.com\/es\/wp-json\/wp\/v2\/media?parent=208885"}],"wp:term":[{"taxonomy":"category","embeddable":true,"href":"https:\/\/www.europesays.com\/es\/wp-json\/wp\/v2\/categories?post=208885"},{"taxonomy":"post_tag","embeddable":true,"href":"https:\/\/www.europesays.com\/es\/wp-json\/wp\/v2\/tags?post=208885"}],"curies":[{"name":"wp","href":"https:\/\/api.w.org\/{rel}","templated":true}]}}