{"id":208897,"date":"2025-10-30T12:07:08","date_gmt":"2025-10-30T12:07:08","guid":{"rendered":"https:\/\/www.europesays.com\/es\/208897\/"},"modified":"2025-10-30T12:07:08","modified_gmt":"2025-10-30T12:07:08","slug":"vuelta-ciclista-a-lanzarote-anuncia-la-celebracion-de-su-tercera-edicion-en-2026","status":"publish","type":"post","link":"https:\/\/www.europesays.com\/es\/208897\/","title":{"rendered":"Vuelta Ciclista a Lanzarote anuncia la celebraci\u00f3n de su tercera edici\u00f3n en 2026"},"content":{"rendered":"<p data-mrf-recirculation=\"Links P\u00e1rrafos\" class=\"ue-c-article__paragraph paragraph ue-c-article--first-letter-highlighted\">Despu\u00e9s de un debut hist\u00f3rico y una segunda entrega que ha superado aquel gran arranque, Vuelta Ciclista a Lanzarote no para y ya ultima los preparativos para su edici\u00f3n de 2026. De hecho, las inscripciones para el a\u00f1o que viene ya est\u00e1n abiertas con el concepto del<strong> \u201cCiclismo para todos\u201d como bandera. En la marcha de este a\u00f1o, ciclistas reconocidos como Carlos Verona, Lourdes Oyarbide, Luis Pasamontes, Anita Gonz\u00e1lez o Anne Haug <\/strong>conformaron un pelot\u00f3n de \u00e9lite que rod\u00f3 junto a otros m\u00e1s de 600 ciclistas aficionados procedentes de 28 pa\u00edses. Un evento que no ha modificado su principal foco, potenciar el ciclismo y transmitir la importancia de la vida activa entre los habitantes de toda la isla.<\/p>\n<p>Precisamente ah\u00ed reside uno de los ejes que sostienen la marcha: recorrer todos los municipios de Lanzarote para atravesar la isla de principio a fin. Al \u00e9xito de esta prueba cicloturista tambi\u00e9n contribuyen el ambiente festivo y los puntos de avituallamiento convertidos en fan zones, aut\u00e9nticos puntos de uni\u00f3n entre ciclistas amateurs, profesionales y espectadores. En esta \u00faltima edici\u00f3n de Vuelta Ciclista a Lanzarote tambi\u00e9n se estren\u00f3 la canci\u00f3n oficial de la prueba interpretada por Samuel Herrera Pulido.<\/p>\n<p>Los eventos deportivos internacionales, apoyados desde las instituciones y con la experiencia y liderazgo de <strong>Club La Santa por detr\u00e1s, garantizan que Lanzarote reciba un turismo de m\u00e1xima calidad y que aporta un valor a\u00f1adido a m\u00faltiples sectores. <\/strong>Para disfrutar de los ex\u00f3ticos paisajes de la isla en bicicleta y con el tr\u00e1fico cerrado, lo cual supone una experiencia \u00fanica, puedes registrarte <a href=\"https:\/\/www.clublasanta.com\/es\/eventos\/vuelta-ciclista-a-lanzarote.\" rel=\"nofollow noopener\" target=\"_blank\">ya en el siguiente enlace.<\/a><\/p>\n<p>En Club La Santa, el ciclismo no descansa. Para no esperar hasta Vuelta Ciclista a Lanzarote de octubre, el complejo hotelero deportivo organizar\u00e1 una nueva edici\u00f3n de la 4 Stage MTB Race Lanzarote un mes antes. La 24\u00aa entrega de la prueba se celebrar\u00e1 del 3 al 6 de septiembre de 2026, de jueves a domingo, en lugar de en enero como en otras ediciones. Este evento UCI de mountain bike supone un gran desaf\u00edo tanto para los ciclistas de \u00e9lite como para los aficionados que se animen a ponerse a prueba.<\/p>\n","protected":false},"excerpt":{"rendered":"Despu\u00e9s de un debut hist\u00f3rico y una segunda entrega que ha superado aquel gran arranque, Vuelta Ciclista a&hellip;\n","protected":false},"author":2,"featured_media":208898,"comment_status":"","ping_status":"","sticky":false,"template":"","format":"standard","meta":{"footnotes":""},"categories":[273],"tags":[313,312,168,25,24,23,167],"class_list":{"0":"post-208897","1":"post","2":"type-post","3":"status-publish","4":"format-standard","5":"has-post-thumbnail","7":"category-ciclismo","8":"tag-ciclismo","9":"tag-cycling","10":"tag-deportes","11":"tag-es","12":"tag-espana","13":"tag-spain","14":"tag-sports"},"share_on_mastodon":{"url":"https:\/\/pubeurope.com\/@es\/115463038091006309","error":""},"_links":{"self":[{"href":"https:\/\/www.europesays.com\/es\/wp-json\/wp\/v2\/posts\/208897","targetHints":{"allow":["GET"]}}],"collection":[{"href":"https:\/\/www.europesays.com\/es\/wp-json\/wp\/v2\/posts"}],"about":[{"href":"https:\/\/www.europesays.com\/es\/wp-json\/wp\/v2\/types\/post"}],"author":[{"embeddable":true,"href":"https:\/\/www.europesays.com\/es\/wp-json\/wp\/v2\/users\/2"}],"replies":[{"embeddable":true,"href":"https:\/\/www.europesays.com\/es\/wp-json\/wp\/v2\/comments?post=208897"}],"version-history":[{"count":0,"href":"https:\/\/www.europesays.com\/es\/wp-json\/wp\/v2\/posts\/208897\/revisions"}],"wp:featuredmedia":[{"embeddable":true,"href":"https:\/\/www.europesays.com\/es\/wp-json\/wp\/v2\/media\/208898"}],"wp:attachment":[{"href":"https:\/\/www.europesays.com\/es\/wp-json\/wp\/v2\/media?parent=208897"}],"wp:term":[{"taxonomy":"category","embeddable":true,"href":"https:\/\/www.europesays.com\/es\/wp-json\/wp\/v2\/categories?post=208897"},{"taxonomy":"post_tag","embeddable":true,"href":"https:\/\/www.europesays.com\/es\/wp-json\/wp\/v2\/tags?post=208897"}],"curies":[{"name":"wp","href":"https:\/\/api.w.org\/{rel}","templated":true}]}}