{"id":208958,"date":"2025-10-30T12:57:08","date_gmt":"2025-10-30T12:57:08","guid":{"rendered":"https:\/\/www.europesays.com\/es\/208958\/"},"modified":"2025-10-30T12:57:08","modified_gmt":"2025-10-30T12:57:08","slug":"la-alegria-de-anne-igartiburu-tras-completar-la-coleccion-de-cromos-del-athletic","status":"publish","type":"post","link":"https:\/\/www.europesays.com\/es\/208958\/","title":{"rendered":"La alegr\u00eda de Anne Igartiburu tras completar la colecci\u00f3n de cromos del Athletic"},"content":{"rendered":"<p>\n        La presentadora <a href=\"https:\/\/www.deia.eus\/tags\/anne-igartiburu\/\" title=\"Anne Igartiburu\" rel=\"nofollow noopener\" target=\"_blank\" class=\"link copy\">Anne Igartiburu<\/a> ha demostrado una vez m\u00e1s su <strong>orgullo zurigorri<\/strong> con una publicaci\u00f3n que ha encantado a los aficionados del <strong>Athletic<\/strong>. A trav\u00e9s de una historia en <strong>Instagram<\/strong>, la comunicadora vizcaina ha compartido un breve v\u00eddeo en el que se le ve <strong>repasando su colecci\u00f3n de cromos de Panini<\/strong>, dedicada \u00edntegramente al conjunto bilbaino.\n<\/p>\n<p class=\"article-body__text \">\n        Mientras suena de fondo la versi\u00f3n del <strong>himno del Athletic <\/strong>de<strong> \u00abLos Chimberos\u00bb<\/strong>, Igartiburu muestra con una sonrisa c\u00f3mo ha <strong>completado el \u00e1lbum con toda la plantilla de la pasada temporada<\/strong>. Acompa\u00f1\u00f3 el v\u00eddeo con el mensaje: \u201cYa hemos completado los cromos del @athleticclub\u201d.\n<\/p>\n<p class=\"article-photo__footer\">\n            Anne Igartiburu muestra su colecci\u00f3n            Instagram: @anneigartiburu        <\/p>\n<p>  Una fiel seguidora<\/p>\n<p class=\"article-body__text \">\n        La relaci\u00f3n de Anne Igartiburu con el Athletic va m\u00e1s all\u00e1 de este hecho. Su admiraci\u00f3n por el equipo rojiblanco qued\u00f3 reflejada en los<strong>\u00a0Premios Hitz Sariak &#8211; Premios Palabra del a\u00f1o pasado<\/strong>, organizados por\u00a0<strong>Grupo Noticias<\/strong>\u00a0y celebrados en el Museo Guggenheim de <a href=\"https:\/\/www.deia.eus\/ciencia-y-tecnologia\/2025\/10\/23\/estatuas-bilbao-cobran-vida-gracias-a-la-inteligencia-artificial-10256305.html\" title=\"Bilbao\" target=\"_blank\" class=\"link copy\" rel=\"nofollow noopener\">Bilbao<\/a>. En dicho evento, la presentadora tuvo un\u00a0<strong>emotivo reencuentro con\u00a0<\/strong>Jos\u00e9 \u00c1ngel Iribar, el legendario portero del Athletic, a quien confes\u00f3 haber admirado desde su infancia. En un gesto de nostalgia y cari\u00f1o, revel\u00f3 que de peque\u00f1a<strong>\u00a0ten\u00eda p\u00f3sters de el \u00abTxopo\u00bb en su habitaci\u00f3n<\/strong>, un detalle que demostr\u00f3 su pasi\u00f3n y v\u00ednculo con el club bilbaino.\n<\/p>\n<p class=\"article-photo__footer\">\n            El emotivo momento de Anne Igartiburu con su \u00eddolo en los Premios Palabra: \u00abDe peque\u00f1a ten\u00eda p\u00f3sters de Iribar\u00bb            Instagram @anneigartiburu        <\/p>\n<p class=\"article-body__text \">\n        En la gala, Anne Igartiburu destac\u00f3<strong>\u00a0la importancia de la identidad y la lealtad<\/strong>, valores que representan tanto a la trayectoria profesional del m\u00edtico portero como al Athletic. Sus palabras finales en el evento, en las que destac\u00f3 la capacidad de ser uno mismo, resonaron entre los asistentes y reflejaron el esp\u00edritu de un club y una afici\u00f3n que nunca dejan de creer en sus colores.\n<\/p>\n<p>  <strong>\u00bfQui\u00e9n es Anne Igartiburu?<\/strong><\/p>\n<p class=\"article-body__text \">\n        <a href=\"https:\/\/www.deia.eus\/gente\/2025\/10\/21\/anne-igartiburu-emocionada-recibir-hitz-saria-premios-palabra-10244960.html\" title=\"Anne Igartiburu\" target=\"_blank\" class=\"link copy\" rel=\"nofollow noopener\">Anne Igartiburu<\/a>, natural de Elorrio, es una de las <strong>presentadoras m\u00e1s reconocibles de la televisi\u00f3n<\/strong>. Con una trayectoria de m\u00e1s de tres d\u00e9cadas, ha sido rostro habitual de <strong>TVE<\/strong>, donde ha conducido programas emblem\u00e1ticos como Coraz\u00f3n y ha presentado en numerosas ocasiones las <strong>Campanadas de Nochevieja<\/strong> desde la Puerta del Sol.\n<\/p>\n<p class=\"article-body__text \">\n        Formada en <strong>comunicaci\u00f3n y danza<\/strong>, tambi\u00e9n ha trabajado como <strong>actriz, productora y entrevistadora<\/strong>, destacando por su estilo cercano y su imagen amable. Su carrera combina <strong>un gran protagonismo en la escena televisiva<\/strong> y un fuerte <strong>arraigo con Euskadi<\/strong>, donde mantiene una presencia constante en eventos culturales y sociales.<\/p>\n","protected":false},"excerpt":{"rendered":"La presentadora Anne Igartiburu ha demostrado una vez m\u00e1s su orgullo zurigorri con una publicaci\u00f3n que ha encantado&hellip;\n","protected":false},"author":2,"featured_media":208959,"comment_status":"","ping_status":"","sticky":false,"template":"","format":"standard","meta":{"footnotes":""},"categories":[174],"tags":[20708,9526,2182,255,3000,23476,56709,146,147,25,24,256,16739,23],"class_list":{"0":"post-208958","1":"post","2":"type-post","3":"status-publish","4":"format-standard","5":"has-post-thumbnail","7":"category-famosos","8":"tag-alegria","9":"tag-anne","10":"tag-athletic","11":"tag-celebrities","12":"tag-coleccion","13":"tag-completar","14":"tag-cromos","15":"tag-entertainment","16":"tag-entretenimiento","17":"tag-es","18":"tag-espana","19":"tag-famosos","20":"tag-igartiburu","21":"tag-spain"},"share_on_mastodon":{"url":"https:\/\/pubeurope.com\/@es\/115463234864955873","error":""},"_links":{"self":[{"href":"https:\/\/www.europesays.com\/es\/wp-json\/wp\/v2\/posts\/208958","targetHints":{"allow":["GET"]}}],"collection":[{"href":"https:\/\/www.europesays.com\/es\/wp-json\/wp\/v2\/posts"}],"about":[{"href":"https:\/\/www.europesays.com\/es\/wp-json\/wp\/v2\/types\/post"}],"author":[{"embeddable":true,"href":"https:\/\/www.europesays.com\/es\/wp-json\/wp\/v2\/users\/2"}],"replies":[{"embeddable":true,"href":"https:\/\/www.europesays.com\/es\/wp-json\/wp\/v2\/comments?post=208958"}],"version-history":[{"count":0,"href":"https:\/\/www.europesays.com\/es\/wp-json\/wp\/v2\/posts\/208958\/revisions"}],"wp:featuredmedia":[{"embeddable":true,"href":"https:\/\/www.europesays.com\/es\/wp-json\/wp\/v2\/media\/208959"}],"wp:attachment":[{"href":"https:\/\/www.europesays.com\/es\/wp-json\/wp\/v2\/media?parent=208958"}],"wp:term":[{"taxonomy":"category","embeddable":true,"href":"https:\/\/www.europesays.com\/es\/wp-json\/wp\/v2\/categories?post=208958"},{"taxonomy":"post_tag","embeddable":true,"href":"https:\/\/www.europesays.com\/es\/wp-json\/wp\/v2\/tags?post=208958"}],"curies":[{"name":"wp","href":"https:\/\/api.w.org\/{rel}","templated":true}]}}