{"id":208989,"date":"2025-10-30T13:21:27","date_gmt":"2025-10-30T13:21:27","guid":{"rendered":"https:\/\/www.europesays.com\/es\/208989\/"},"modified":"2025-10-30T13:21:27","modified_gmt":"2025-10-30T13:21:27","slug":"un-nuevo-video-muestra-la-huida-del-museo","status":"publish","type":"post","link":"https:\/\/www.europesays.com\/es\/208989\/","title":{"rendered":"un nuevo v\u00eddeo muestra la huida del museo"},"content":{"rendered":"<p class=\"paragraph\">Un nuevo v\u00eddeo, difundido recientemente en redes y medios internacionales, revela el momento en que los autores del espectacular robo al Museo del Louvre abandonan el lugar usando un cami\u00f3n con plataforma elevadora, lo que desat\u00f3 un aluvi\u00f3n de cr\u00edticas hacia la seguridad del emblem\u00e1tico museo.<\/p>\n<p>Qu\u00e9 muestra el v\u00eddeo<\/p>\n<p class=\"paragraph\">En el metraje, se observa una escena improbable: los ladrones haciendo uso de una cesta elevadora montada sobre un veh\u00edculo para descender lentamente desde la fachada del Louvre mientras escapan con su bot\u00edn. Dos de los individuos aparecen apoyados en la plataforma, mientras el resto de la operaci\u00f3n contin\u00faa fuera de cuadro. Medios como The Telegraph destacan que la fuga transcurri\u00f3 \u201ca plena vista\u201d, sin que la presencia de peatones o transe\u00fantes detuviera la maniobra.<\/p>\n<p class=\"paragraph\">Otras grabaciones tambi\u00e9n revelan con claridad c\u00f3mo los delincuentes utilizaron herramientas como una sierra o amoladora para abrir vitrinas en la <b>Galer\u00eda de Apolo<\/b> y tuvieron que improvisar una huida con un mecanismo que normalmente sirve para mudanzas.<\/p>\n<p>El robo en cifras y modus operandi<\/p>\n<p class=\"paragraph\">El atraco ocurri\u00f3 el domingo 19 de octubre de 2025, alrededor de las 9:30 a.m., apenas media hora despu\u00e9s de que el museo abriera sus puertas.<\/p>\n<p class=\"paragraph\">Cuatro individuos, vestidos con chalecos tipo obra y con el rostro cubierto, llegaron con herramientas especializadas y un cami\u00f3n con plataforma elevadora (monte-mueble) destinado a acceder a una ventana del segundo piso.<\/p>\n<p class=\"paragraph\">Tras penetrar por una ventana de la <b>Galer\u00eda de Apolo<\/b>, abrieron dos vitrinas con amoladoras y amenazaron a los guardias, aunque sin usar armas de fuego.<\/p>\n<p class=\"paragraph\"><b>En total, se sustrajeron ocho piezas valiosas de las Joyas de la Corona francesa<\/b> (de un total de nueve objetos presuntamente apuntados). Una de las coronas, perteneciente a la emperatriz Eugenia, fue descartada durante la huida y recuperada posteriormente en la calle.<\/p>\n","protected":false},"excerpt":{"rendered":"Un nuevo v\u00eddeo, difundido recientemente en redes y medios internacionales, revela el momento en que los autores del&hellip;\n","protected":false},"author":2,"featured_media":208990,"comment_status":"","ping_status":"","sticky":false,"template":"","format":"standard","meta":{"footnotes":""},"categories":[173],"tags":[229,233,231,230,232,234,146,147,25,24,23],"class_list":{"0":"post-208989","1":"post","2":"type-post","3":"status-publish","4":"format-standard","5":"has-post-thumbnail","7":"category-arte-y-diseno","8":"tag-arte","9":"tag-arte-y-diseno","10":"tag-arts","11":"tag-arts-and-design","12":"tag-design","13":"tag-diseno","14":"tag-entertainment","15":"tag-entretenimiento","16":"tag-es","17":"tag-espana","18":"tag-spain"},"share_on_mastodon":{"url":"https:\/\/pubeurope.com\/@es\/115463329108378134","error":""},"_links":{"self":[{"href":"https:\/\/www.europesays.com\/es\/wp-json\/wp\/v2\/posts\/208989","targetHints":{"allow":["GET"]}}],"collection":[{"href":"https:\/\/www.europesays.com\/es\/wp-json\/wp\/v2\/posts"}],"about":[{"href":"https:\/\/www.europesays.com\/es\/wp-json\/wp\/v2\/types\/post"}],"author":[{"embeddable":true,"href":"https:\/\/www.europesays.com\/es\/wp-json\/wp\/v2\/users\/2"}],"replies":[{"embeddable":true,"href":"https:\/\/www.europesays.com\/es\/wp-json\/wp\/v2\/comments?post=208989"}],"version-history":[{"count":0,"href":"https:\/\/www.europesays.com\/es\/wp-json\/wp\/v2\/posts\/208989\/revisions"}],"wp:featuredmedia":[{"embeddable":true,"href":"https:\/\/www.europesays.com\/es\/wp-json\/wp\/v2\/media\/208990"}],"wp:attachment":[{"href":"https:\/\/www.europesays.com\/es\/wp-json\/wp\/v2\/media?parent=208989"}],"wp:term":[{"taxonomy":"category","embeddable":true,"href":"https:\/\/www.europesays.com\/es\/wp-json\/wp\/v2\/categories?post=208989"},{"taxonomy":"post_tag","embeddable":true,"href":"https:\/\/www.europesays.com\/es\/wp-json\/wp\/v2\/tags?post=208989"}],"curies":[{"name":"wp","href":"https:\/\/api.w.org\/{rel}","templated":true}]}}