{"id":209021,"date":"2025-10-30T13:48:12","date_gmt":"2025-10-30T13:48:12","guid":{"rendered":"https:\/\/www.europesays.com\/es\/209021\/"},"modified":"2025-10-30T13:48:12","modified_gmt":"2025-10-30T13:48:12","slug":"el-protagonista-de-toy-story-5-confirma-el-cambio-de-la-saga-de-disney-lo-reinician-todo-estamos-todos-dispersos-vandal","status":"publish","type":"post","link":"https:\/\/www.europesays.com\/es\/209021\/","title":{"rendered":"El protagonista de &#039;Toy Story 5&#039; confirma el cambio de la saga de Disney: &#039;Lo reinician todo. Estamos todos dispersos&#039; &#8211; Vandal"},"content":{"rendered":"<ol>\n<li><a href=\"https:\/\/news.google.com\/rss\/articles\/CBMi8AFBVV95cUxNdUNlbGxnWldETUlCaEoxazlfWEZuaGlscHNYem83THhIMnY5ZzhSZDFNMEF0Q3dhdzZrNGx0R2pwWGtEMGF2Qld5dTZBZDFhcHd2ZW1yREdDTmNIZEgzeFNKQk9rNFpROUxER2hCR0lpcXR0bzNMSXIwLVNtNFBQMFQ1Y3NhYmNMWFdLak1iT0ZBODc1SFg4RUpRLTZGaDhoUFMxbk8zcnRyT19neS1OSXd5ZWFFVlF2cFpuUXFJbDV4eTZNdEVMRFRFOUdjN2QxR0Rtb29VNVh5WEdZUjlobVV1V0V3dGhaUWVkbU4yRDXSAfYBQVVfeXFMTjVDLXNkTHRnQnAxNEFJRlJ2TTczenVQY0FQUEx4aDJvX3U4ejNqOFlhZkZTSHBsODNIbTViaUh6MWd4QzFNbGRhNHBvWkE5cGEybU9TYTlmWkRQb3plSEFTaVFmQlhzN0lLYVFDMGlfSHdVVWh2RnpzenExcU9SblNWRHEzRm1FaEl3OWU3eGhnMnJ0LVpVRWlUWUhVTkpRVnhIMG9XWXotZEt2WFc4YUFqQ1hvemVFaF9hbXJnRUJDZVRaazFLU0d2UnpQNnRJcF9fRnZZSHJrcnlGa0dadVhkSExsTUpLV21BRlhGX2RDRF9OMzd3?oc=5\" target=\"_blank\" rel=\"nofollow noopener\">El protagonista de &#8216;Toy Story 5&#8217; confirma el cambio de la saga de Disney: &#8216;Lo reinician todo. Estamos todos dispersos&#8217;<\/a>&nbsp;&nbsp;Vandal<\/li>\n<li><a href=\"https:\/\/news.google.com\/rss\/articles\/CBMia0FVX3lxTE1NSzlQVEhXREtYaHdLUU9mWmUzbVJCUGJnd2dKSDVVZ3FCdmt1ay01NUl0RktyQ0g0dnNib25BNHJtRjVLZ3JjTzVhVWlId2ljU0c1SnZhM3pUM2FtcnREeFptVkN5TGM5OUNr0gFwQVVfeXFMTzJYeVJOSUNUdER4c3pFaU1td3FaLVBneWVvZFdIa3U5M2hJLTYzdFBEdGptVUtLN052Y3Z2Y0lHMVJtWmJZTnk3aUlleHM3WkJiUlluTEVrYUhiZzc2aFZrb21Edy1fUzZHTHVPWmo1SA?oc=5\" target=\"_blank\" rel=\"nofollow noopener\">30 a\u00f1os despu\u00e9s, Pixar reinicia su mejor saga de fantas\u00eda y aventuras<\/a>&nbsp;&nbsp;SensaCine<\/li>\n<li><a href=\"https:\/\/news.google.com\/rss\/articles\/CBMiugFBVV95cUxOWnNQcko5czhHandMWVhTUVhQOVFQLXNneklTa1FOVTM5YjhpNks3ckQ0MmxEc1Ywb2ZzMVFjblVCZDNLczlsTlB0dkZoWng4czNFOXZRZ0tNdlJRZmpFbFNpcDJLRVpkS2lCdVlFdEVkNlBKellOV2Q4Q2ZWUTd0LWVyVnctTjhfYVJCeU9UTFJhbTkxUFd1QlBlcktSd0pnVlBDak9FNWl6bWpnLTByeFc5VjdkM2xzaFE?oc=5\" target=\"_blank\" rel=\"nofollow noopener\">Toy Story 5 ya tiene protagonista principal: Tim Allen desvela que \u00abtodo gira en torno a Jessie\u00bb<\/a>&nbsp;&nbsp;Hobby Consolas<\/li>\n<li><a href=\"https:\/\/news.google.com\/rss\/articles\/CBMiygFBVV95cUxPY2FhWEJ4cnZaVXR5ZFo5SVhXUHZUWUQ3dHp1eFFxMzZwUUw4bENWcnRUME16a3FTa1dCQmMxRnRzVDh0NDEyYlp5cS1QODFyWUEwcDFOVnNBVWQxeUFOaXpjZjVoMGxObXR3UzRGOWx4V2k2TjY4eVRMTWtvYVFmUnVGVWMyLTg0WklodXFOb2xhOXU1cVNWbjVnSTJFWGc3TlRhTWFrSzlsR0dCNHVyS3FTUkdRTXhkX1l2VEwzSW5PMFAzOW11dkpB?oc=5\" target=\"_blank\" rel=\"nofollow noopener\">Las reacciones tras el preestreno de Toy Story 5 revelan si hace honor a la franquicia<\/a>&nbsp;&nbsp;Las cosas que nos hacen felices<\/li>\n<li><a href=\"https:\/\/news.google.com\/rss\/articles\/CBMihgFBVV95cUxNVUVReWpRa1lSWFlzZ3RHYjNiVHpuSGhpLUo2RXk4c3B4dFVXMFFZdHR4MlR3cTFvWGljRWgwamlKOEZxZk8tWjZKc0tnSFQtMHRIb3p1VHAxMlpKWGk3a1pJb3VrcjVvRUJrcXJtMG5aTnpsR0tJeXZzTjQzbVktRHBRQXBRUQ?oc=5\" target=\"_blank\" rel=\"nofollow noopener\">Tim Allen describe a \u2018Toy Story 5\u2019 como un reinicio con Jessie y habla de una \u00e9pica escena que encantar\u00e1 a los fans<\/a>&nbsp;&nbsp;Yahoo en Espa\u00f1ol Vida y Estilo<\/li>\n<\/ol>\n","protected":false},"excerpt":{"rendered":"El protagonista de &#8216;Toy Story 5&#8217; confirma el cambio de la saga de Disney: &#8216;Lo reinician todo. Estamos&hellip;\n","protected":false},"author":2,"featured_media":209022,"comment_status":"","ping_status":"","sticky":false,"template":"","format":"standard","meta":{"footnotes":""},"categories":[169],"tags":[177,146,147,25,24,2065,176,175,23],"class_list":{"0":"post-209021","1":"post","2":"type-post","3":"status-publish","4":"format-standard","5":"has-post-thumbnail","7":"category-cine","8":"tag-cine","9":"tag-entertainment","10":"tag-entretenimiento","11":"tag-es","12":"tag-espana","13":"tag-faltan-tags","14":"tag-film","15":"tag-movies","16":"tag-spain"},"share_on_mastodon":{"url":"https:\/\/pubeurope.com\/@es\/115463435360988616","error":""},"_links":{"self":[{"href":"https:\/\/www.europesays.com\/es\/wp-json\/wp\/v2\/posts\/209021","targetHints":{"allow":["GET"]}}],"collection":[{"href":"https:\/\/www.europesays.com\/es\/wp-json\/wp\/v2\/posts"}],"about":[{"href":"https:\/\/www.europesays.com\/es\/wp-json\/wp\/v2\/types\/post"}],"author":[{"embeddable":true,"href":"https:\/\/www.europesays.com\/es\/wp-json\/wp\/v2\/users\/2"}],"replies":[{"embeddable":true,"href":"https:\/\/www.europesays.com\/es\/wp-json\/wp\/v2\/comments?post=209021"}],"version-history":[{"count":0,"href":"https:\/\/www.europesays.com\/es\/wp-json\/wp\/v2\/posts\/209021\/revisions"}],"wp:featuredmedia":[{"embeddable":true,"href":"https:\/\/www.europesays.com\/es\/wp-json\/wp\/v2\/media\/209022"}],"wp:attachment":[{"href":"https:\/\/www.europesays.com\/es\/wp-json\/wp\/v2\/media?parent=209021"}],"wp:term":[{"taxonomy":"category","embeddable":true,"href":"https:\/\/www.europesays.com\/es\/wp-json\/wp\/v2\/categories?post=209021"},{"taxonomy":"post_tag","embeddable":true,"href":"https:\/\/www.europesays.com\/es\/wp-json\/wp\/v2\/tags?post=209021"}],"curies":[{"name":"wp","href":"https:\/\/api.w.org\/{rel}","templated":true}]}}