{"id":209023,"date":"2025-10-30T13:49:07","date_gmt":"2025-10-30T13:49:07","guid":{"rendered":"https:\/\/www.europesays.com\/es\/209023\/"},"modified":"2025-10-30T13:49:07","modified_gmt":"2025-10-30T13:49:07","slug":"bmw-espana-entrega-los-vehiculos-oficiales-al-primer-equipo-femenino","status":"publish","type":"post","link":"https:\/\/www.europesays.com\/es\/209023\/","title":{"rendered":"BMW Espa\u00f1a entrega los veh\u00edculos oficiales al primer equipo femenino"},"content":{"rendered":"<p>El primer equipo femenino de f\u00fatbol recibi\u00f3 los coches oficiales de BMW en un acto que tuvo lugar en la <b>Ciudad Real Madrid<\/b>. En la cuarta temporada del acuerdo con la marca alemana, el equipo utilizar\u00e1 la mayor oferta de veh\u00edculos electrificados y variantes mec\u00e1nicas, predominando los modelos BMW iX y el BMW iX2.<\/p>\n<p>Este a\u00f1o, el esp\u00edritu innovador de la Neue Klasse de BMW se une al car\u00e1cter ganador del <b>Real Madrid<\/b>. En el acto de entrega, la plantilla pos\u00f3 junto al nuevo BMW iX3, el primer modelo de la nueva generaci\u00f3n de veh\u00edculos el\u00e9ctricos de la marca, que encarna a la perfecci\u00f3n la combinaci\u00f3n de deportividad, tecnolog\u00eda y sostenibilidad. Esta imagen simboliza la alianza entre dos referentes: el placer de conducir de BMW y la excelencia deportiva del <b>Real Madrid<\/b>.<\/p>\n<p><b>Los modelos<\/b><br \/>El modelo predominante es el BMW iX, que es 100% el\u00e9ctrico y uno de los m\u00e1s tecnol\u00f3gicos de la marca. Destaca adem\u00e1s por el uso extensivo de materiales secundarios, alta proporci\u00f3n de aluminio y pl\u00e1stico reciclados. Est\u00e1 disponible con tres motorizaciones (xDrive45, xDrive60 y M70) y cuenta con una gran autonom\u00eda.<\/p>\n<p>Por su parte, el BMW iX2 cuenta con una motorizaci\u00f3n de entrada, denominada BMW iX2 eDrive20. El BMW iX2 xDrive30, el m\u00e1s prestacional, cuenta con dos motores el\u00e9ctricos que permiten una autonom\u00eda de entre 417 y 449 kil\u00f3metros.<\/p>\n","protected":false},"excerpt":{"rendered":"El primer equipo femenino de f\u00fatbol recibi\u00f3 los coches oficiales de BMW en un acto que tuvo lugar&hellip;\n","protected":false},"author":2,"featured_media":171506,"comment_status":"","ping_status":"","sticky":false,"template":"","format":"standard","meta":{"footnotes":""},"categories":[93],"tags":[168,25,24,23,167],"class_list":{"0":"post-209023","1":"post","2":"type-post","3":"status-publish","4":"format-standard","5":"has-post-thumbnail","7":"category-deportes","8":"tag-deportes","9":"tag-es","10":"tag-espana","11":"tag-spain","12":"tag-sports"},"share_on_mastodon":{"url":"https:\/\/pubeurope.com\/@es\/115463439333272936","error":""},"_links":{"self":[{"href":"https:\/\/www.europesays.com\/es\/wp-json\/wp\/v2\/posts\/209023","targetHints":{"allow":["GET"]}}],"collection":[{"href":"https:\/\/www.europesays.com\/es\/wp-json\/wp\/v2\/posts"}],"about":[{"href":"https:\/\/www.europesays.com\/es\/wp-json\/wp\/v2\/types\/post"}],"author":[{"embeddable":true,"href":"https:\/\/www.europesays.com\/es\/wp-json\/wp\/v2\/users\/2"}],"replies":[{"embeddable":true,"href":"https:\/\/www.europesays.com\/es\/wp-json\/wp\/v2\/comments?post=209023"}],"version-history":[{"count":0,"href":"https:\/\/www.europesays.com\/es\/wp-json\/wp\/v2\/posts\/209023\/revisions"}],"wp:featuredmedia":[{"embeddable":true,"href":"https:\/\/www.europesays.com\/es\/wp-json\/wp\/v2\/media\/171506"}],"wp:attachment":[{"href":"https:\/\/www.europesays.com\/es\/wp-json\/wp\/v2\/media?parent=209023"}],"wp:term":[{"taxonomy":"category","embeddable":true,"href":"https:\/\/www.europesays.com\/es\/wp-json\/wp\/v2\/categories?post=209023"},{"taxonomy":"post_tag","embeddable":true,"href":"https:\/\/www.europesays.com\/es\/wp-json\/wp\/v2\/tags?post=209023"}],"curies":[{"name":"wp","href":"https:\/\/api.w.org\/{rel}","templated":true}]}}