{"id":209041,"date":"2025-10-30T14:05:10","date_gmt":"2025-10-30T14:05:10","guid":{"rendered":"https:\/\/www.europesays.com\/es\/209041\/"},"modified":"2025-10-30T14:05:10","modified_gmt":"2025-10-30T14:05:10","slug":"entrevista-jesus-gamez-schuster-es-el-entrenador-menos-profesional-que-me-encontre-en-el-futbol","status":"publish","type":"post","link":"https:\/\/www.europesays.com\/es\/209041\/","title":{"rendered":"Entrevista: Jes\u00fas G\u00e1mez: \u00abSchuster es el entrenador menos profesional que me encontr\u00e9 en el f\u00fatbol\u00bb"},"content":{"rendered":"<p>S\u00f3lo desde el sacrificio, la constancia y la humildad se entiende que Jes\u00fas G\u00e1mez (Fuengirola, 1985) hiciese historia en el M\u00e1laga Club de F\u00fatbol como  &#8230; el futbolista local con m\u00e1s partidos (293) en su historia. El titular del lateral derecho del equipo entre 2005 y 2014 ejerce ahora de embajador de la entidad de Martiricos y es momento para repasar su trayectoria, sus inversiones, su vida actual y su visi\u00f3n del actual proyecto deportivo. Como suele ser habitual en \u00e9l, habla sin morderse la lengua y apenas esquiva una pregunta de este diario.<\/p>\n<p class=\"v-p\"><strong>-A diferencia de otros futbolistas, no anunci\u00f3 puntualmente su retirada tras no seguir en el Newcastle, al t\u00e9rmino de la campa\u00f1a 2017-18. \u00bfPor qu\u00e9?<\/strong><\/p>\n<p class=\"v-p\">-No, no hubo un momento concreto. Todo arranca desde que termin\u00e9 contrato en el Newcastle. Qued\u00e9 libre y empec\u00e9 unas negociaciones con el M\u00e1laga. Si recordamos, era la \u00e9poca en la que fichaba Mu\u00f1iz y Caminero era el director deportivo. El M\u00e1laga me present\u00f3 un contrato por delante, pero no hab\u00eda una fecha de firma. Iba condicionado a que en aquel momento hab\u00eda tres laterales derechos, Miguel Torres, Rosales y Cifu, y que dos al menos iban a salir. Se fue Torres y quedaba tambi\u00e9n la salida de Rosales pendiente. Entonces, el mercado estaba abierto. Llegaron tres veces a bajar las cantidades, poner condiciones, y yo estaba expuesto a todo. Dec\u00eda que si era por parte de m\u00ed, que firmaba con mil condiciones porque se estaba poniendo en duda una lesi\u00f3n que yo hab\u00eda tenido y yo no ten\u00eda ning\u00fan problema, y que hac\u00eda reconocimientos m\u00e9dicos. Mi misi\u00f3n era retirarme aqu\u00ed en M\u00e1laga y ayudar al equipo. Se cerr\u00f3 el mercado, sali\u00f3 Rosales y no hubo sinton\u00eda, siguieron dando patadas hacia adelante, y es verdad que yo ten\u00eda ofertas para ir a otros clubes, que las rechac\u00e9 porque mi idea era muy fija. En el mes de noviembre, aproximadamente, segu\u00eda sin tener noticias. Yo llamaba, me segu\u00edan dando largas y parec\u00eda que era yo el que no quer\u00eda aceptar las condiciones. Entonces hago una entrevista en la que expongo mi situaci\u00f3n y sab\u00eda que esto no iba a surgir. Ya en mi cabeza me hab\u00eda retirado. No vi el momento ni de hacer un post en Instagram o una rueda de prensa o una declaraci\u00f3n. Yo me retir\u00e9 en mi casa, se lo comuniqu\u00e9 a los que se lo ten\u00eda que comunicar y ah\u00ed qued\u00f3.<\/p>\n<p class=\"v-p\"><strong>-Realmente es que tampoco ten\u00eda que demostrar nada a nadie, ya con una carrera impresionante. No es que tuviera muchas m\u00e1s cosas que hacer en el f\u00fatbol..<\/strong><\/p>\n<p class=\"v-p\">-Pero ten\u00eda la ambici\u00f3n de retirarme aqu\u00ed en mi casa, era lo que yo ten\u00eda en mi cabeza. He tenido una carrera magn\u00edfica aqu\u00ed en el M\u00e1laga, despu\u00e9s jugu\u00e9 en el Atl\u00e9tico de Madrid y en el Newcastle. All\u00ed las lesiones no me dejaron disfrutar de ese f\u00fatbol, pero yo sent\u00eda que uno de los objetivos que marcaba mi vida lo hab\u00eda cumplido, era feliz. Mis hijos volv\u00edan a M\u00e1laga pues hab\u00edamos estado cuatro a\u00f1os fuera. Ten\u00eda mi empresa (la franquicia Pad Thai Wok), mis inversiones, y realmente no necesitaba nada m\u00e1s, no era nada econ\u00f3mico. Si hubiera sido por tema as\u00ed hubiera seguido jugando al f\u00fatbol en otros equipos. Ten\u00eda esa espinita en el coraz\u00f3n de volver aqu\u00ed a M\u00e1laga y retirarme, y no pudo ser. <\/p>\n<p><img decoding=\"async\" loading=\"lazy\" src=\"https:\/\/www.europesays.com\/es\/wp-content\/uploads\/2025\/10\/campo-U66823377033uCT-650x455@Diario Sur.jpg\" class=\"v-a-img\" width=\"650\" height=\"455\" alt=\"Jes\u00fas G\u00e1mez, delante del terreno de juego de La Rosaleda.\" data-voc-vtm-id=\"in-text-traffic\"\/><\/p>\n<p>Jes\u00fas G\u00e1mez, delante del terreno de juego de La Rosaleda.<\/p>\n<p>\u00d1ITO SALAS<\/p>\n<p><img loading=\"lazy\" decoding=\"async\" src=\"https:\/\/www.europesays.com\/es\/wp-content\/uploads\/2025\/10\/campo-U66823377033uCT-650x455@Diario Sur.jpg\" class=\"v-mdl__img-z\" width=\"650\" height=\"455\" alt=\"\"\/><\/p>\n<p class=\"v-p\"><strong>-Normalmente en los exjugadores no hay escala de grises en cuanto al f\u00edsico. O se cuidan o ganan peso. Usted es de los primeros&#8230; <\/strong><\/p>\n<p class=\"v-p\">-Mi estilo de vida sigue siendo el mismo, entrenarme todos los d\u00edas, y el fin de semana descanso. Sigo jugando al f\u00fatbol en una liga de veteranos en Fuengirola, juego al p\u00e1del, hago surf.. Mi rutina diaria va enfocada al deporte. La alimentaci\u00f3n hoy en d\u00eda es clave. Si no te cuidas y vas a tener excesos&#8230;<\/p>\n<p class=\"v-p\"><strong>-Le repaso la alineaci\u00f3n del partido del t\u00edtulo en la Liga de Campeones de juveniles en Divisi\u00f3n de Honor en Cambrils (Tarragona) en mayo de 2003: Manolo Reina; Jes\u00fas G\u00e1mez, Marcos (Rub\u00e9n), Silva, Armando, Alberto Aguilar, Dopico, Gala (Anto\u00f1ete), Ador (Henares), Perico (Luisja) y Quique. Si excluimos al portero Manolo o a Alexis, que no acudi\u00f3 a esa fase, usted fue de largo el que m\u00e1s jug\u00f3 en la \u00e9lite. Sin embargo, no era ni de lejos el jugador que m\u00e1s promet\u00eda de esa camada. <\/strong><\/p>\n<p class=\"v-p\">-Siempre tuve las ideas muy claras desde que llegu\u00e9 a la cantera del M\u00e1laga. Fui de escal\u00f3n a escal\u00f3n, sin ir pegando saltos como otros compa\u00f1eros. Por ejemplo, en ese campeonato, en Divisi\u00f3n de Honor, despu\u00e9s le dieron el premio a siete jugadores de ir con el primer equipo, y muchos debutaron en Mallorca (\u00faltima jornada liguera, sin nada en juego y con A\u00f1\u00f3n ejerciendo de entrenador, en lugar de Peir\u00f3). Yo no estuve entre ellos y considero que hab\u00eda sido uno de los mejores en ese torneo. Fui curr\u00e1ndomelo, despu\u00e9s llegu\u00e9 al filial, y siempre que daba un paso me asentaba. Creo que ha sido una de las claves de mi vida: tener las ideas muy claras, siempre saber d\u00f3nde he estado y que todo cuesta mucho trabajo. A trav\u00e9s del sacrificio y la constancia, eso me ha servido para asentarme en cada paso que he dado. Nunca di uno hacia atr\u00e1s.<\/p>\n<p>\nAmbici\u00f3n\n<\/p>\n<p>\u00abNo me gusta cuando el equipo se salva en Segunda Divisi\u00f3n que se celebre la permanencia, son situaciones que no las comparto\u00bb<\/p>\n<p class=\"v-p\"><strong>-\u00bfHa estado siempre con el mismo representante? <\/strong><\/p>\n<p class=\"v-p\">-No. A Garc\u00eda Quil\u00f3n lo tuve a partir de la llegada del jeque. Antes estuve con Joseba D\u00edaz. Con lo que hab\u00eda en el M\u00e1laga, no creo que fuese un trabajo muy complicado. Pienso que muchas veces se le da la importancia al agente, cuando la tiene en realidad el jugador. Si el futbolista no juega, todo se dificulta, y creo que en aquel momento aqu\u00ed jugaba todos los partidos, y llegaban ofertas cada verano y durante el a\u00f1o. Fieron varias renovaciones en el M\u00e1laga, y creo que le hice el trabajo bastante f\u00e1cil a Garc\u00eda Quil\u00f3n.<\/p>\n<p class=\"v-p\"><strong>-Durante la temporada 2010-2011 estuvo en el foco al perder la capitan\u00eda en el equipo. \u00bfNos va a explicar ya qu\u00e9 es lo que sucedi\u00f3?<\/strong><\/p>\n<p class=\"v-p\">-Realmente eran decisiones que se tomaron dentro del vestuario. Fueron unas circunstancias que&#8230; <\/p>\n<p class=\"v-p\"><strong>-\u00bfPero sucedi\u00f3 algo grave a nivel extradeportivo para ser castigado as\u00ed?<\/strong><\/p>\n<p class=\"v-p\">-No, no. Pero yo creo que son cosas que se quedan ah\u00ed. Hay cosas que son del vestuario, del &#8216;m\u00edster&#8217; y se quedar\u00e1n ah\u00ed. <\/p>\n<p>\nLa selecci\u00f3n espa\u00f1ola nunca lleg\u00f3\n<\/p>\n<p>\u00abEstuve en una prelista de cincuenta jugadores, y en aquel momento hab\u00eda un vac\u00edo en mi posici\u00f3n\u00bb<\/p>\n<p class=\"v-p\"><strong>-\u00bfDe qu\u00e9 es de lo que se siente m\u00e1s orgulloso en su carrera? <\/strong><\/p>\n<p class=\"v-p\">-Lo que me llena m\u00e1s de orgullo es el cari\u00f1o que recibo ahora de la gente. Creo que cuando t\u00fa est\u00e1s en activo hay momentos buenos, momentos malos, le puedes gustar a uno, le puedes gustar a otro&#8230; Hay gente a favor de ti y en los momentos que el equipo va bien, todo bonito. Cuando van mal, est\u00e1n las cr\u00edticas. Yo me consideraba un jugador de car\u00e1cter, que no le iba a gustar a todo el mundo. En las ruedas de prensa dec\u00eda lo que pensaba, porque cre\u00eda que eran los que yo ve\u00eda y sent\u00eda como malaguista y como malague\u00f1o. Despu\u00e9s voy a un Atl\u00e9tico de Madrid y la afici\u00f3n me reconoce mucho el trabajo que hago all\u00ed, y llego al Newcastle y ves ese cari\u00f1o de un jugador que tiene aceptaci\u00f3n. Al final, el jugador lo siente. Y ahora cuando me retiro, los detalles de la gente, de acercarse, de decirte que eres el lateral leyenda del M\u00e1laga&#8230; creo que es la semilla que has dejado por el camino.<\/p>\n<p class=\"v-p\"><strong>-Hay una cosa que no me ha dicho, que es el malague\u00f1o con m\u00e1s partidos oficiales, 293, en la historia del M\u00e1laga. Yo creo que esto es un motivo para sentirse m\u00e1s que orgulloso.<\/strong><\/p>\n<p class=\"v-p\">-Y hay otra estad\u00edstica que le doy yo, de la que tampoco se habla mucho, que soy el jugador con m\u00e1s minutos dentro del campo. Creo que son dos cifras muy importantes para m\u00ed. Hay mucho trabajo, sacrificios, tristezas, alegr\u00edas, familiares a mi lado que sufren&#8230; Creo que hay mucha gente detr\u00e1s de todos esos partidos y todos esos minutos que estar\u00e1 agradecido de por vida. Hay mucha gente que ha apostado por m\u00ed. Es lo que te da el f\u00fatbol, que se encuentra gente en el camino como Antonio Tapia o Jos\u00e9 Mari Bakero. Lleg\u00f3 y yo no pasaba una situaci\u00f3n f\u00e1cil en ese filial, pues no jugaba mucho, y apost\u00f3 por m\u00ed. Luego Mu\u00f1iz, Simeone, Pellegrini&#8230; Creo que he tenido en el camino buenos entrenadores y buenas personas que han sabido reconocer mi trabajo diario, transformarlo en minutos, transformarlo en confianza. Y eso al final es muy gratificante para m\u00ed.<\/p>\n<p><img decoding=\"async\" loading=\"lazy\" src=\"https:\/\/www.europesays.com\/es\/wp-content\/uploads\/2025\/10\/banquillo-U32863610055YFU-650x455@Diario Sur.jpg\" class=\"v-a-img\" width=\"650\" height=\"455\" alt=\"Jes\u00fas G\u00e1mez, en el banquillo de La Rosaleda.\" data-voc-vtm-id=\"in-text-traffic\"\/><\/p>\n<p>Jes\u00fas G\u00e1mez, en el banquillo de La Rosaleda.<\/p>\n<p>\u00d1ITO SALAS<\/p>\n<p><img loading=\"lazy\" decoding=\"async\" src=\"https:\/\/www.europesays.com\/es\/wp-content\/uploads\/2025\/10\/banquillo-U32863610055YFU-650x455@Diario Sur.jpg\" class=\"v-mdl__img-z\" width=\"650\" height=\"455\" alt=\"\"\/><\/p>\n<p class=\"v-p\"><strong>-\u00bfPor qu\u00e9 en el f\u00fatbol profesional espa\u00f1ol hay jugadores que no hablan abiertamente de su homosexualidad? \u00bfCu\u00e1ntas d\u00e9cadas cree que tendr\u00e1n que transcurrir paraque esto se produzca con normalidad?<\/strong><\/p>\n<p class=\"v-p\">-Yo creo que la vida hoy en d\u00eda va bastante r\u00e1pido para ciertas cosas. En otros pa\u00edses del mundo ya veo jugadores que se est\u00e1n destapando. Aqu\u00ed todav\u00eda le queda mucho a la gente abrirse. Es un mundo tab\u00fa este del mundo del f\u00fatbol, pero al final creo que es algo muy normal, que se est\u00e1 viendo en las ciudades, c\u00f3mo van evolucionando, c\u00f3mo la gente realmente va aceptando todo lo que va sucediendo. Y va a ir m\u00e1s r\u00e1pido de lo que la gente piensa.<\/p>\n<p class=\"v-p\"><strong>-\u00bfCu\u00e1l es el mejor amigo que ha hecho en el f\u00fatbol?<\/strong><\/p>\n<p class=\"v-p\">-Manu S\u00e1nchez. <\/p>\n<p class=\"v-p\"><strong>-\u00bfCu\u00e1l es el mejor futbolista al que se ha medido en el campo?<\/strong><\/p>\n<p class=\"v-p\">-Yo dir\u00eda que Leo Messi.<\/p>\n<p class=\"v-p\"><strong>-\u00bfY cu\u00e1l es el mejor futbolista que ha tenido como compa\u00f1ero? <\/strong><\/p>\n<p class=\"v-p\">-Le voy a hacer un global, como persona y como futbolista. Me quedo con Santi Cazorla. Y estar\u00eda empujando Isco.<\/p>\n<p class=\"v-p\"><strong>-\u00bfCu\u00e1ndo cree que estuvo m\u00e1s cerca de tener opciones de debutar con la selecci\u00f3n espa\u00f1ola absoluta? <\/strong><\/p>\n<p class=\"v-p\">-En la \u00e9poca de la Champions, cuando empieza el Mundial (2012). Hay un partido del que me acordar\u00e9 siempre, aqu\u00ed contra el Valencia. Me sali\u00f3 una gran actuaci\u00f3n y empec\u00e9 a sonar. Ya llevaba un tiempecito sonando. Anteriormente, tambi\u00e9n surgi\u00f3 el rumor en la \u00e9poca de Fernando Sanz. Estuve en una prelista de 50.<\/p>\n<p class=\"v-p\"><strong>-Entre 2008 y 2012, en su apogeo tambi\u00e9n, Espa\u00f1a gan\u00f3 dos Eurocopas y un Mundial. Le toc\u00f3 coincidir conel momento m\u00e1s alto de la historia de la selecci\u00f3n&#8230;<\/strong><\/p>\n<p class=\"v-p\">-S\u00ed, pero si recordamos, estaba la vacante ah\u00ed, en mi puesto. Creo que ya M\u00edchel Salgado hab\u00eda salido yestaba llegando Arbeloa, que era central o lateral. Empez\u00f3 a llegar Juanfran, que era un lateral reconvertido de extremo. Entonces, ah\u00ed hubo una laguna. Incluso, Bruno Saltor, del Valencia, fue. Hubo un momento en que el lateral derecho no ten\u00eda un due\u00f1o. <\/p>\n<p class=\"v-p\"><strong>-Pero usted fue tambi\u00e9n un gran lateral izquierdo con Simeone&#8230;<\/strong><\/p>\n<p class=\"v-p\">-Bueno, s\u00ed. Pienso que, al final no era un jugador torpe con la pierna menos mala y, sobre todo que, t\u00e1cticamente, val\u00eda para jugar en diferentes posiciones.<\/p>\n<p>\nSobre Al-Thani\n<\/p>\n<p>\u00abS\u00f3lo puedo decir que me ha dado lo mejor y ahora estamos viendo lo peor. Al final hay cosas que superan los momentos buenos y ahora la actitud de \u00e9l no es la correcta\u00bb<\/p>\n<p class=\"v-p\"><strong>-Despu\u00e9s de retirarse, \u00bfno se ha planteado ser entrenador? <\/strong><\/p>\n<p class=\"v-p\">-Al final, cuando uno se retira quedas un poco apartado del f\u00fatbol. Necesitaba mi tiempo, desconectar un poco, pero mi ni\u00f1o empieza a jugar al f\u00fatbol, y ya empiezas a ir a los estadios y estar en el d\u00eda a d\u00eda del f\u00fatbol. En su tercer a\u00f1o me met\u00ed de entrenador y estuve dos temporadas, y ahora que ha hecho ese salto al M\u00e1laga hice un par\u00f3n. Tengo el nivel 1 y el 2, y me quiero sacar el 3.<\/p>\n<p class=\"v-p\"><strong>-Def\u00edname en pocas palabras a los entrenadores que le voy a mencionar: Manuel Pellegrini. <\/strong><\/p>\n<p class=\"v-p\">-Tranquilidad diaria ante diferentes tipos de situaciones. Transmite mucha confianza y, como se le define, es un ingeniero.<\/p>\n<p class=\"v-p\"><strong>-Diego Pablo Simeone&#8230;<\/strong><\/p>\n<p class=\"v-p\">-Intensidad diaria y constancia. Todo se traduce al final en trabajo, trabajo y trabajo. <\/p>\n<p class=\"v-p\"><strong>-Antonio Tapia&#8230;<\/strong><\/p>\n<p class=\"v-p\">-Un gran currante del f\u00fatbol, al que nadie le ha regalado nada y al que le estar\u00e9 eternamente agradecido.<\/p>\n<p class=\"v-p\"><strong>-Bernd Schuster&#8230; <\/strong><\/p>\n<p class=\"v-p\">-Puede ser el entrenador menos profesional al que me he encontrado en el f\u00fatbol.<\/p>\n<p class=\"v-p\"><strong>-Jesualdo Ferreira&#8230;<\/strong><\/p>\n<p class=\"v-p\">-Creo que su metodolog\u00eda no encaj\u00f3 con el sistema de jugadores que hab\u00eda aqu\u00ed.<\/p>\n<p class=\"v-p\"><strong>-Manolo Hierro&#8230;<\/strong><\/p>\n<p class=\"v-p\">-Tuvo la equivocaci\u00f3n de meterse a entrenador.<\/p>\n<p class=\"v-p\"><strong>-Rafa Ben\u00edtez&#8230;<\/strong><\/p>\n<p class=\"v-p\">-Est\u00e1 m\u00e1s valorado de lo que es como entrenador.<\/p>\n<p>\nBalance de su trayectoria\n<\/p>\n<p>\u00abLo que m\u00e1s me llena m\u00e1s de orgullo en mi carrera es el cari\u00f1o que recibo ahora de la gente\u00bb<\/p>\n<p class=\"v-p\"><strong>-\u00bfLe han visto jugar sus hijos antes de retirarse?<\/strong><\/p>\n<p class=\"v-p\">-Mi hija, que cumple ahora 18 a\u00f1os y est\u00e1 ya en la universidad, s\u00ed, pero el chiquitillo ha cumplido diez a\u00f1os y ,cuando yo me retir\u00e9, ten\u00eda dos.<\/p>\n<p class=\"v-p\"><strong>-\u00bfEs deportista \u00e9l? <\/strong><\/p>\n<p class=\"v-p\">-S\u00ed, es futbolista. Empez\u00f3 en el Athletic Fuengirola y ha fichado este a\u00f1o por el M\u00e1laga, en el alev\u00edn preferente. Ahora mismo est\u00e1 jugando de pivote, es un poco polivalente por sus cualidades.<\/p>\n<p class=\"v-p\"><strong>-\u00bfC\u00f3mo describir\u00eda a Al-Thani, usted que ha podido tener contacto m\u00e1s o menos cercano con \u00e9l?<\/strong><\/p>\n<p class=\"v-p\">-S\u00f3lo puedo decir que me ha dado lo mejor y ahora estamos viendo lo peor. Es una sensaci\u00f3n muy rara, porque realmente nadie nos ha dado lo que \u00e9l nos dio, pero despu\u00e9s ha dejado esto de ir, y no le importa nada. Entonces al final hay cosas que superan los momentos buenos, y ahora mismo creo que la actitud de \u00e9l no es la correcta.<\/p>\n<p class=\"v-p\"><strong>-\u00bfQui\u00e9n se puso en contacto con usted para ofrecerle ser embajador del M\u00e1laga? <\/strong><\/p>\n<p class=\"v-p\">-Es una iniciativa que hace Kike P\u00e9rez. \u00c9l vio desde fuera el club c\u00f3mo estaba y que aqu\u00ed no hab\u00eda tanta gente de la casacomo en otros clubes, o futbolistas ya retirados que est\u00e9n involucrados. Me explic\u00f3 la iniciativa, hablamos y no tardamos ni cinco minutos. Estoy muy c\u00f3modo y a gusto con el club. <\/p>\n<p>\nLa nueva Ciudad Deportiva\n<\/p>\n<p>\u00abMe entran ganas de llorar cada vez que entro en ella, con esas instalaciones donde nosotros realmente nos hemos criado, en El Viso o despu\u00e9s de haber estado repartidos por diferentes campos\u00bb<\/p>\n<p class=\"v-p\"><strong>-\u00bfEn qu\u00e9 consiste su labor?<\/strong><\/p>\n<p class=\"v-p\">-Al final es un poco tener un jugador cercano de la historia del M\u00e1laga que siga involucrado en el club participando en diferentes eventos que haya con alguna pe\u00f1a, premios, patrocinadores, asistencia aqu\u00ed en los partidos, estar cerca del aficionado&#8230; Se trata de crear malaguismo en todos los sectores. Hoy, por ejemplo, hab\u00eda una comida, un desayuno de empresas. Al empresario que ha invertido aqu\u00ed en el M\u00e1laga le gusta ver gente de la casa, que esto es cercano, una familia y mi misi\u00f3n es la de transmitir. <\/p>\n<p class=\"v-p\"><strong>-\u00bfQu\u00e9 cree que vamos a ver antes: un cambio de la propiedad del M\u00e1laga o el equipo en Primera Divisi\u00f3n? <\/strong><\/p>\n<p class=\"v-p\">-Si me da a elegir, yo prefiero el M\u00e1laga en Primera, pero no me gusta que la situaci\u00f3n que tenemos se vaya a alargar en el tiempo. Prefiero sobre todo que esto se aclare, porque en ciertas parcelas estamos atados econ\u00f3micamente a la hora de poder crecer.<\/p>\n<p class=\"v-p\"><strong>-Se va a cumplir el octavo a\u00f1o sin ver al M\u00e1laga en Primera&#8230;<\/strong><\/p>\n<p class=\"v-p\">-La verdad es que me cuesta, y es algo que me duele porque hemos estado muchos a\u00f1os en Primera, algunos complicados. Al final somos un equipo sufridor. Hemos conseguido la permanencia en el \u00faltimo minuto, en la \u00faltima jugada, en el \u00faltimo partido, pero no termino de acostumbrarme a estar en esta situaci\u00f3n, y quiz\u00e1s tambi\u00e9n para el que lleva mucho tiempo siendo aficionado. Hay otras personas nuevas y ven esto como que una alegr\u00eda, una fiesta,pero a m\u00ed me duele ver este campo lleno con esta afici\u00f3n y estas ganas de f\u00fatbol que hay y no poder ver el M\u00e1laga en Primera.<\/p>\n<p>\nOptimismo sobre el rumbo del M\u00e1laga\n<\/p>\n<p>\u00abAl equipo, lo veo totalmente mejorado. Si analizamos los partidos un poco, antes nos costaba mucho crear situaciones de gol, y ahora en cada encuentro hay muchas situaciones\u00bb<\/p>\n<p class=\"v-p\"><strong>-Usted ha jugado con el M\u00e1laga en la Champions, pero la sensaci\u00f3n que tenemos muchos desde fuera es queahora hay como m\u00e1s fervor, m\u00e1s abonados, \u00bfno lo cree? <\/strong><\/p>\n<p class=\"v-p\">-Creo que la semilla de la Champions ha hecho mucho. Son ni\u00f1os con ciertas edades que han ido creciendo, pero han apostado por el M\u00e1laga. Despu\u00e9s hay mucho trabajo familiar de transmitir, traer al campo. La labor que est\u00e1 haciendo ahora el M\u00e1laga con el aficionado, involucr\u00e1ndolo en diferentes eventos con el malaguismo, con los jugadores, creo que eso al final hace algo que se asiente. Despu\u00e9s muchas veces veo situaciones que no las comparto o que no me gustan, cuando el equipo se salva en Segunda que se celebre la permanencia. Creo que es un desahogo, pero no veo un motivo de celebraci\u00f3n. Yo soy m\u00e1s ambicioso. Quiero m\u00e1s, porque he estado en otras situaciones y en momentos malos la afici\u00f3n se lo ha hecho notar al futbolista. Y ahora muchas veces hay demasiada alegr\u00eda. Vi muchos encuentros en los que el jugador no era consciente de por d\u00f3nde estaba pasando o le evitaban a los jugadores ciertas ruedas de prensa, un exceso de protecci\u00f3n. El futbolista al final tiene que saber d\u00f3nde est\u00e1, qu\u00e9 sentimiento hay, qu\u00e9 se respira afuera, porque eso te hace muchas veces apretar.<\/p>\n<p class=\"v-p\"><strong>-\u00bfC\u00f3mo ve el actual proyecto deportivo, con una apuesta muy clara por la cantera?<\/strong><\/p>\n<p class=\"v-p\">-En mi \u00e9poca estaba un poco as\u00ed, y era la etapa de Recio, de Portillo, de Juanmi, los Samu&#8230;, aunque era dif\u00edcil asentarse, porque est\u00e1bamos en Primera. El proyecto que tengo ahora mismo en M\u00e1laga me ilusiona.<\/p>\n<p class=\"v-p\"><strong>-Y hay ya una ciudad deportiva en Arraijanal&#8230;<\/strong><\/p>\n<p class=\"v-p\">-Si le digo la verdad me entran ganas de llorar cada vez que entro por la Ciudad Deportiva, con esas instalaciones donde nosotros realmente nos hemos criado, en El Viso o despu\u00e9s de haber estado repartidos por diferentes campos. Hay que cuidar esa cantera. Ahora mismo el jugador tiene una proyecci\u00f3n para llegar al primer equipo m\u00e1s f\u00e1cil que en otras ocasiones. Y sobre todo hay que aprovechar este nido de futbolistas que hay en el M\u00e1laga, que realmente tienen ahora un sitio en el primer equipo y se est\u00e1 apostando por ello. Ahora mismo tenemos que afinar mucho en el tema de los fichajes y consolidar ese equipo, que lo veo totalmente mejorado. Si analizamos los partidos un poco, antes nos costaba mucho crear situaciones de gol. Ahora en cada encuentro hay muchas situaciones de gol y yo creo que ah\u00ed s\u00ed noto una mejora en el equipo. <\/p>\n<p>\nEl futuro institucional\n<\/p>\n<p>\u00abOjal\u00e1 se aclare el tema de la propiedad, porque en ciertas parcelas estamos atados econ\u00f3micamente a la hora de poder crecer\u00bb<\/p>\n<p class=\"v-p\"><strong>-Cambiamos totalmente de tercio. \u00bfC\u00f3mo van sus negocios? <\/strong><\/p>\n<p class=\"v-p\">-Seguimos con Pad Thai Wok. Hemos abierto el establecimiento n\u00famero 50 y este a\u00f1o tenemos proyecci\u00f3n de siete u ocho m\u00e1s. En Portugal ya hay un par de locales, y estamos en crecimiento total en Espa\u00f1a. Hemos abierto el primero en Catalu\u00f1a. Es un negocio que est\u00e1 estabilizado con mucho trabajo y esfuerzo diario, pero va en crecimiento. Mi entrada en la franquicia fue en 2014. Tambi\u00e9n tengo temas inmobiliarios y financieros y un par de negocios m\u00e1s, La Terraza del Castillo, que est\u00e1 justamente pegado al r\u00edo, debajo del castillo (de Sohail, en su Fuengirola, natal). Y tengo una cafeter\u00eda. <\/p>\n","protected":false},"excerpt":{"rendered":"S\u00f3lo desde el sacrificio, la constancia y la humildad se entiende que Jes\u00fas G\u00e1mez (Fuengirola, 1985) hiciese historia&hellip;\n","protected":false},"author":2,"featured_media":209042,"comment_status":"","ping_status":"","sticky":false,"template":"","format":"standard","meta":{"footnotes":""},"categories":[268],"tags":[17577,56716,168,24574,25,24,280,282,56715,5782,3855,1078,859,281,23,167,809],"class_list":{"0":"post-209041","1":"post","2":"type-post","3":"status-publish","4":"format-standard","5":"has-post-thumbnail","7":"category-futbol","8":"tag-acabo","9":"tag-acostumbrarme","10":"tag-deportes","11":"tag-duele","12":"tag-es","13":"tag-espana","14":"tag-football","15":"tag-futbol","16":"tag-gamez","17":"tag-jesus","18":"tag-malaga","19":"tag-primera","20":"tag-situacion","21":"tag-soccer","22":"tag-spain","23":"tag-sports","24":"tag-ver"},"share_on_mastodon":{"url":"https:\/\/pubeurope.com\/@es\/115463502523381854","error":""},"_links":{"self":[{"href":"https:\/\/www.europesays.com\/es\/wp-json\/wp\/v2\/posts\/209041","targetHints":{"allow":["GET"]}}],"collection":[{"href":"https:\/\/www.europesays.com\/es\/wp-json\/wp\/v2\/posts"}],"about":[{"href":"https:\/\/www.europesays.com\/es\/wp-json\/wp\/v2\/types\/post"}],"author":[{"embeddable":true,"href":"https:\/\/www.europesays.com\/es\/wp-json\/wp\/v2\/users\/2"}],"replies":[{"embeddable":true,"href":"https:\/\/www.europesays.com\/es\/wp-json\/wp\/v2\/comments?post=209041"}],"version-history":[{"count":0,"href":"https:\/\/www.europesays.com\/es\/wp-json\/wp\/v2\/posts\/209041\/revisions"}],"wp:featuredmedia":[{"embeddable":true,"href":"https:\/\/www.europesays.com\/es\/wp-json\/wp\/v2\/media\/209042"}],"wp:attachment":[{"href":"https:\/\/www.europesays.com\/es\/wp-json\/wp\/v2\/media?parent=209041"}],"wp:term":[{"taxonomy":"category","embeddable":true,"href":"https:\/\/www.europesays.com\/es\/wp-json\/wp\/v2\/categories?post=209041"},{"taxonomy":"post_tag","embeddable":true,"href":"https:\/\/www.europesays.com\/es\/wp-json\/wp\/v2\/tags?post=209041"}],"curies":[{"name":"wp","href":"https:\/\/api.w.org\/{rel}","templated":true}]}}