{"id":209043,"date":"2025-10-30T14:06:07","date_gmt":"2025-10-30T14:06:07","guid":{"rendered":"https:\/\/www.europesays.com\/es\/209043\/"},"modified":"2025-10-30T14:06:07","modified_gmt":"2025-10-30T14:06:07","slug":"muere-de-un-infarto-floyd-roger-myers-jr-actor-de-el-principe-de-bel-air-a-los-42-anos","status":"publish","type":"post","link":"https:\/\/www.europesays.com\/es\/209043\/","title":{"rendered":"Muere de un infarto Floyd Roger Myers Jr, actor de &#8216;El pr\u00edncipe de Bel-Air&#8217;, a los 42 a\u00f1os"},"content":{"rendered":"<p class=\"c-paragraph\">El actor estadounidense <b>Floyd Roger Myers Jr.<\/b>, recordado por interpretar al joven Will Smith en un cap\u00edtulo de la serie <a href=\"https:\/\/www.20minutos.es\/noticia\/5724428\/0\/ross-bagley-que-fue-pequeno-nicky-banks-principe-bel-air\/\" title=\"Qu\u00e9 fue de Ross Bagley, el peque\u00f1o Nicky Banks de &#039;El pr\u00edncipe de Bel-Air&#039;\" rel=\"nofollow noopener\" target=\"_blank\">El pr\u00edncipe de Bel-Air<\/a>, ha fallecido a los 42 a\u00f1os tras sufrir un <b>infarto en su casa de Maryland<\/b>, seg\u00fan confirm\u00f3 su madre, Renee Trice, al medio estadounidense TMZ. Myers hab\u00eda padecido varios problemas de salud en los \u00faltimos a\u00f1os, entre ellos <b>tres ataques card\u00edacos previos<\/b>.<\/p>\n<p class=\"c-paragraph\">Myers debut\u00f3 en televisi\u00f3n en 1992, cuando particip\u00f3 en un episodio de la exitosa comedia protagonizada por Will Smith. Ese mismo a\u00f1o <b>interpret\u00f3 a Marlon Jackson en la miniserie <\/b><b>The Jacksons<\/b>: An American Dream, donde comparti\u00f3 pantalla con actores como Angela Bassett, Vanessa Williams y Billy Dee Williams. Su \u00faltima aparici\u00f3n en la peque\u00f1a pantalla fue en el a\u00f1o 2000, en la serie juvenil Young Americans del canal The WB.<\/p>\n<p class=\"c-paragraph\">M\u00e1s all\u00e1 de su carrera como actor infantil, Myers dedic\u00f3 su vida adulta a proyectos sociales. Fue <b>cofundador del colectivo Fellaship Men\u2019s Group<\/b>, una organizaci\u00f3n sin \u00e1nimo de lucro centrada en la <b>salud mental masculina<\/b>. El grupo le rindi\u00f3 homenaje a trav\u00e9s de un mensaje en redes sociales en el que destacaban su compromiso y legado: \u00abLa misi\u00f3n continuar\u00e1 en tu honor. Te queremos, hermano, descansa en paz\u00bb.<\/p>\n<p class=\"c-paragraph\">Nacido en 1983, Floyd Roger Myers Jr. creci\u00f3 en Maryland y comenz\u00f3 su carrera art\u00edstica a una edad temprana, participando en anuncios y peque\u00f1os papeles televisivos antes de alcanzar al gran p\u00fablico con su aparici\u00f3n\u00a0El pr\u00edncipe de Bel-Air, antes de apartarse de la actuaci\u00f3n en los a\u00f1os 2000.<\/p>\n","protected":false},"excerpt":{"rendered":"El actor estadounidense Floyd Roger Myers Jr., recordado por interpretar al joven Will Smith en un cap\u00edtulo de&hellip;\n","protected":false},"author":2,"featured_media":209044,"comment_status":"","ping_status":"","sticky":false,"template":"","format":"standard","meta":{"footnotes":""},"categories":[174],"tags":[255,146,147,25,24,256,11367,10578,8938,11368,23,16743],"class_list":{"0":"post-209043","1":"post","2":"type-post","3":"status-publish","4":"format-standard","5":"has-post-thumbnail","7":"category-famosos","8":"tag-celebrities","9":"tag-entertainment","10":"tag-entretenimiento","11":"tag-es","12":"tag-espana","13":"tag-famosos","14":"tag-floyd","15":"tag-infarto","16":"tag-muere","17":"tag-roger","18":"tag-spain","19":"tag-un"},"share_on_mastodon":{"url":"https:\/\/pubeurope.com\/@es\/115463506190168168","error":""},"_links":{"self":[{"href":"https:\/\/www.europesays.com\/es\/wp-json\/wp\/v2\/posts\/209043","targetHints":{"allow":["GET"]}}],"collection":[{"href":"https:\/\/www.europesays.com\/es\/wp-json\/wp\/v2\/posts"}],"about":[{"href":"https:\/\/www.europesays.com\/es\/wp-json\/wp\/v2\/types\/post"}],"author":[{"embeddable":true,"href":"https:\/\/www.europesays.com\/es\/wp-json\/wp\/v2\/users\/2"}],"replies":[{"embeddable":true,"href":"https:\/\/www.europesays.com\/es\/wp-json\/wp\/v2\/comments?post=209043"}],"version-history":[{"count":0,"href":"https:\/\/www.europesays.com\/es\/wp-json\/wp\/v2\/posts\/209043\/revisions"}],"wp:featuredmedia":[{"embeddable":true,"href":"https:\/\/www.europesays.com\/es\/wp-json\/wp\/v2\/media\/209044"}],"wp:attachment":[{"href":"https:\/\/www.europesays.com\/es\/wp-json\/wp\/v2\/media?parent=209043"}],"wp:term":[{"taxonomy":"category","embeddable":true,"href":"https:\/\/www.europesays.com\/es\/wp-json\/wp\/v2\/categories?post=209043"},{"taxonomy":"post_tag","embeddable":true,"href":"https:\/\/www.europesays.com\/es\/wp-json\/wp\/v2\/tags?post=209043"}],"curies":[{"name":"wp","href":"https:\/\/api.w.org\/{rel}","templated":true}]}}