{"id":209045,"date":"2025-10-30T14:07:09","date_gmt":"2025-10-30T14:07:09","guid":{"rendered":"https:\/\/www.europesays.com\/es\/209045\/"},"modified":"2025-10-30T14:07:09","modified_gmt":"2025-10-30T14:07:09","slug":"la-upna-restaura-la-escultura-de-jorge-oteiza-homenaje-a-saenz-de-oiza","status":"publish","type":"post","link":"https:\/\/www.europesays.com\/es\/209045\/","title":{"rendered":"La UPNA restaura la escultura de Jorge Oteiza \u201cHomenaje a S\u00e1enz de Oiza\u201d"},"content":{"rendered":"<p>\n        <a href=\"https:\/\/www.noticiasdenavarra.com\/cultura\/2025\/10\/29\/ortzadar-upna-celebran-miercoles-jornadas-10275528.html\" title=\"La Universidad P\u00fablica de Navarra\" class=\"link copy\" rel=\"nofollow noopener\" target=\"_blank\">La Universidad P\u00fablica de Navarra <\/a>(UPNA) ha restaurado la escultura<strong> \u201cHomenaje a S\u00e1enz de Oiza. Partici\u00f3n del espacio por oposici\u00f3n de dos diedros\u201d<\/strong>, obra del artista Jorge Oteiza (Orio, 1908-San Sebasti\u00e1n, 2003). Los trabajos, que se han prolongado durante dos meses, han sido ejecutados por la empresa especializada <strong>Cloister Services 2000, S.L.<\/strong>, bajo la direcci\u00f3n t\u00e9cnica de la Fundaci\u00f3n Museo Jorge Oteiza. La pieza rinde tributo al arquitecto navarro <strong>Francisco Javier S\u00e1enz de Oiza <\/strong>(C\u00e1seda, 1918-Madrid, 2000), referente de la arquitectura contempor\u00e1nea en Espa\u00f1a y autor del campus de <strong>Arrosadia<\/strong>, donde se encuentra, al aire libre, esta creaci\u00f3n del escultor vasco; en concreto, en el <strong>jard\u00edn de Am\u00e9rica, junto al Aulario.<\/strong>\n<\/p>\n<p class=\"article-body__text \">\n        La intervenci\u00f3n ha contemplado, en primer lugar, un estudio pormenorizado del estado de la obra, que ha incluido el mapeo de da\u00f1os y la identificaci\u00f3n de los agentes de deterioro. Posteriormente, se ha llevado a cabo la eliminaci\u00f3n de <strong>suciedad superficial, grafitis, adhesivos y otros residuos acumulados <\/strong>mediante procedimientos mec\u00e1nicos y qu\u00edmicos.\n<\/p>\n<p class=\"article-body__text \">\n        El proceso ha continuado con la limpieza general y la eliminaci\u00f3n de \u00f3xidos, adem\u00e1s de la inhibici\u00f3n de las zonas afectadas. Tambi\u00e9n se han recuperado las \u00e1reas donde se hab\u00eda perdido la protecci\u00f3n met\u00e1lica original. Adem\u00e1s, <strong>se ha aplicado una nueva protecci\u00f3n localizada y general para preservar la escultura en el futuro.<\/strong> El proyecto ha concluido con la aplicaci\u00f3n de una protecci\u00f3n final y la redacci\u00f3n de un informe t\u00e9cnico detallado sobre las actuaciones realizadas.\n<\/p>\n<p class=\"article-photo__footer\">\n            La obra del escultor vasco, protegida por una carpa mientras ha durado la restauraci\u00f3n.            Diario de Noticias        <\/p>\n<p>  Descripci\u00f3n de la escultura<\/p>\n<p class=\"article-body__text \">\n        La escultura \u201cHomenaje a S\u00e1enz de Oiza. Partici\u00f3n del espacio por oposici\u00f3n de dos diedros\u201d data de 1996 y est\u00e1 fabricada en chapa de acero. <strong>Fue la primera obra escult\u00f3rica instalada en el campus de Arrosadia. <\/strong>De estructura sencilla, se compone de una base met\u00e1lica y tres piezas verticales dispuestas en diferentes planos. El espacio vac\u00edo act\u00faa como elemento protagonista, una constante en la trayectoria de Oteiza.\n<\/p>\n<p class=\"article-body__text \">\n        La escultura tiene su origen en una maqueta realizada por Oteiza en 1959 y titulada<strong> \u201cOposici\u00f3n de dos diedros\u201d<\/strong>, en la que el artista exploraba la apertura y desocupaci\u00f3n del espacio tras su serie de <strong>\u201cCajas vac\u00edas\u201d<\/strong>. El original de esta obra se conserva actualmente en la<strong> Fundaci\u00f3n Museo Jorge Oteiza de Alzuza.<\/strong>\n<\/p>\n<p class=\"article-body__text \">\n        <strong>Francisco Javier S\u00e1enz de Oiza,<\/strong> a quien est\u00e1 dedicada la pieza, era amigo de Oteiza, con quien coincidi\u00f3 durante la construcci\u00f3n de la bas\u00edlica de Nuestra Se\u00f1ora de Ar\u00e1nzazu: uno, como arquitecto, y el otro, como autor del friso escult\u00f3rico del apostolado. En la Comunidad Foral, adem\u00e1s de los edificios y el campus de Arrosadia, <strong>el navarro dise\u00f1\u00f3 el Museo Jorge Oteiza en Alzuza.<\/strong><\/p>\n","protected":false},"excerpt":{"rendered":"La Universidad P\u00fablica de Navarra (UPNA) ha restaurado la escultura \u201cHomenaje a S\u00e1enz de Oiza. Partici\u00f3n del espacio&hellip;\n","protected":false},"author":2,"featured_media":209046,"comment_status":"","ping_status":"","sticky":false,"template":"","format":"standard","meta":{"footnotes":""},"categories":[173],"tags":[229,233,231,230,232,234,146,147,25,1246,24,6552,56717,56718,23,26720],"class_list":{"0":"post-209045","1":"post","2":"type-post","3":"status-publish","4":"format-standard","5":"has-post-thumbnail","7":"category-arte-y-diseno","8":"tag-arte","9":"tag-arte-y-diseno","10":"tag-arts","11":"tag-arts-and-design","12":"tag-design","13":"tag-diseno","14":"tag-entertainment","15":"tag-entretenimiento","16":"tag-es","17":"tag-escultura","18":"tag-espana","19":"tag-homenaje","20":"tag-restaura","21":"tag-saenz","22":"tag-spain","23":"tag-upna"},"share_on_mastodon":{"url":"https:\/\/pubeurope.com\/@es\/115463510008026200","error":""},"_links":{"self":[{"href":"https:\/\/www.europesays.com\/es\/wp-json\/wp\/v2\/posts\/209045","targetHints":{"allow":["GET"]}}],"collection":[{"href":"https:\/\/www.europesays.com\/es\/wp-json\/wp\/v2\/posts"}],"about":[{"href":"https:\/\/www.europesays.com\/es\/wp-json\/wp\/v2\/types\/post"}],"author":[{"embeddable":true,"href":"https:\/\/www.europesays.com\/es\/wp-json\/wp\/v2\/users\/2"}],"replies":[{"embeddable":true,"href":"https:\/\/www.europesays.com\/es\/wp-json\/wp\/v2\/comments?post=209045"}],"version-history":[{"count":0,"href":"https:\/\/www.europesays.com\/es\/wp-json\/wp\/v2\/posts\/209045\/revisions"}],"wp:featuredmedia":[{"embeddable":true,"href":"https:\/\/www.europesays.com\/es\/wp-json\/wp\/v2\/media\/209046"}],"wp:attachment":[{"href":"https:\/\/www.europesays.com\/es\/wp-json\/wp\/v2\/media?parent=209045"}],"wp:term":[{"taxonomy":"category","embeddable":true,"href":"https:\/\/www.europesays.com\/es\/wp-json\/wp\/v2\/categories?post=209045"},{"taxonomy":"post_tag","embeddable":true,"href":"https:\/\/www.europesays.com\/es\/wp-json\/wp\/v2\/tags?post=209045"}],"curies":[{"name":"wp","href":"https:\/\/api.w.org\/{rel}","templated":true}]}}