{"id":209054,"date":"2025-10-30T14:14:08","date_gmt":"2025-10-30T14:14:08","guid":{"rendered":"https:\/\/www.europesays.com\/es\/209054\/"},"modified":"2025-10-30T14:14:08","modified_gmt":"2025-10-30T14:14:08","slug":"ayuso-patrocina-con-15-millones-de-euros-la-proxima-pelicula-de-woody-allen-para-promocionar-madrid-cultura","status":"publish","type":"post","link":"https:\/\/www.europesays.com\/es\/209054\/","title":{"rendered":"Ayuso patrocina con 1,5 millones de euros la pr\u00f3xima pel\u00edcula de Woody Allen para promocionar Madrid | Cultura"},"content":{"rendered":"<p class=\"\">El Gobierno de la Comunidad de Madrid, presidido por Isabel D\u00edaz Ayuso, patrocinar\u00e1 con 1,5 millones de euros la nueva pel\u00edcula de Woody Allen, que se rodar\u00e1 en la regi\u00f3n, como parte de una campa\u00f1a de promoci\u00f3n de la capital, <a href=\"https:\/\/contratos-publicos.comunidad.madrid\/contrato-publico\/contrato-privado-patrocinio-campana-promocion-largometraje-denominado\" target=\"_self\" rel=\"nofollow noopener\" title=\"https:\/\/contratos-publicos.comunidad.madrid\/contrato-publico\/contrato-privado-patrocinio-campana-promocion-largometraje-denominado\">seg\u00fan el contrato publicado en el portal de contrataci\u00f3n p\u00fablica de la CAM<\/a>, que fue adjudicado el 24 de octubre. El filme, seg\u00fan el documento, tiene el t\u00edtulo provisional de Wasp 2026, aunque el acuerdo establece que tendr\u00e1 que incluir el nombre de Madrid. La cantidad se dividir\u00e1 en tres pagos. Un primero este 2025 de 150.000 euros; 600.000, en 2026; y 750.000, en 2027.<\/p>\n<p>M\u00e1s informaci\u00f3n<\/p>\n<p class=\"\">\u201c<a href=\"https:\/\/elpais.com\/cultura\/2025-09-27\/woody-allen-mientras-haya-libertad-de-expresion-habra-humor.html\" target=\"_self\" rel=\"nofollow noopener\" title=\"https:\/\/elpais.com\/cultura\/2025-09-27\/woody-allen-mientras-haya-libertad-de-expresion-habra-humor.html\">Woody Allen es uno de los artistas contempor\u00e1neos <\/a>m\u00e1s polifac\u00e9ticos del panorama cinematogr\u00e1fico que ha configurado uno de los estilos m\u00e1s originales y valorados de la creaci\u00f3n cinematogr\u00e1fica\u201d, se explica<a href=\"https:\/\/contratos-publicos.comunidad.madrid\/contrato-publico\/contrato-privado-patrocinio-campana-promocion-largometraje-denominado\" target=\"_self\" rel=\"nofollow noopener\" title=\"https:\/\/contratos-publicos.comunidad.madrid\/contrato-publico\/contrato-privado-patrocinio-campana-promocion-largometraje-denominado\"> en la memoria justificativa del contrato. <\/a>El mismo documento agrega: \u201cLa publicidad y promoci\u00f3n de los destinos mediante la cinematograf\u00eda ha sido a lo largo de la historia del cine un instrumento de marca\u201d. A continuaci\u00f3n cita, entre otros largos, Vicky Cristina Barcelona (2008), que Allen rod\u00f3 en la ciudad catalana. En ese caso, entre el Ayuntamiento y la Generalitat de Catalu\u00f1a aportaron 1,5 millones de euros, la misma cifra que invierte ahora la Comunidad de Madrid. El cineasta estadounidense tambi\u00e9n film\u00f3 parte de aquel largo en Oviedo y Avil\u00e9s, y volvi\u00f3 a Espa\u00f1a para rodar El festival de Rifkin (2020), en San Sebasti\u00e1n. Tambi\u00e9n film\u00f3 en Espa\u00f1a algunas escenas interiores de Conocer\u00e1s al hombre de tus sue\u00f1os (2010), rodada principalmente en Londres pero que cont\u00f3 con financiaci\u00f3n de la productora espa\u00f1ola Mediapro. <\/p>\n<p class=\"\">El contrato con la Comunidad de Madrid incluye un desglose de los pagos, en funci\u00f3n de distintas condiciones. Entre otros, el primero, de un 10%, vendr\u00e1 \u201ctras la comunicaci\u00f3n internacional del rodaje en Madrid de la pel\u00edcula\u201d; el tercero, otro 10%, \u201ctras la realizaci\u00f3n de la visita institucional al rodaje\u201d; el quinto, de un 15%, \u201ctras la realizaci\u00f3n de la pr\u00e9miere en un Festival internacional (Festival de Berl\u00edn o festival de similar prestigio internacional)\u201d; el sexto, de un 20%, \u201ctras la presentaci\u00f3n de la pel\u00edcula en Madrid con presencia de los actores protagonistas disponibles. Los \u00faltimos tres tramos se pagar\u00e1n al realizarse el estreno en al menos tres ciudades internacionales. <\/p>\n<p class=\"\">El acuerdo incluye un plazo de 26 meses para su realizaci\u00f3n, \u201cdebiendo finalizar necesariamente antes del 31 de diciembre de 2027\u201d. \u201cEl comienzo de los pagos requerir\u00e1 que se haya obtenido la aprobaci\u00f3n del proyecto de coproducci\u00f3n de la obra por el Instituto de la Cinematograf\u00eda y las Artes Audiovisuales (ICAA)\u201c, reza el texto. Tambi\u00e9n se establece una reducci\u00f3n del precio pagado por la Comunidad de Madrid, en el caso de que se incumplan algunas de las prestaciones previstas en el desglose de los pagos, o su cancelaci\u00f3n, si finalmente no se realizara ninguna de las actividades enumeradas. <\/p>\n<p class=\"\">En una reciente entrevista con EL PA\u00cdS, por la promoci\u00f3n de su primera novela, <a href=\"https:\/\/elpais.com\/cultura\/2025-09-27\/woody-allen-mientras-haya-libertad-de-expresion-habra-humor.html\" target=\"_self\" rel=\"nofollow noopener\" title=\"https:\/\/elpais.com\/cultura\/2025-09-27\/woody-allen-mientras-haya-libertad-de-expresion-habra-humor.html\">\u00bfQu\u00e9 pasa con Baum?<\/a>, Allen contest\u00f3 sobre la posibilidad de poner en marcha una nueva pel\u00edcula: \u201cSolo si alguien viene a buscarme con el dinero. Siempre tengo problemas con la financiaci\u00f3n, porque quieren saber de qu\u00e9 trata la pel\u00edcula y qu\u00e9 estrella va a actuar y yo no quiero tener que debatir nada de eso\u201d.<\/p>\n<p class=\"\">\u201cPara los destinos tur\u00edsticos estar presente en pel\u00edculas o series supone una herramienta de marketing fundamental. [&#8230;] El llamado turismo cinematogr\u00e1fico, tambi\u00e9n conocido como turismo inducido por el cine cineturismo, turismo de pantalla o set-jetting est\u00e1 en auge\u00bb, se lee en la memoria justificativa del acuerdo. Madrid acaba de tener el r\u00e9cord de visitas internacionales en verano de su historia, superando por primera vez los cuatro millones de pernoctaciones, un 9 % m\u00e1s respecto al mismo periodo que 2024, en datos del Ayuntamiento. \u201cEl rodaje de una pel\u00edcula en un territorio pude suponer un enorme crecimiento en popularidad, imagen internacional, atracci\u00f3n tur\u00edstica adem\u00e1s de retornos que muestre escenas o localizaciones claramente representativas o identificativas de un territorio y que tengan a este como un elemento protagonista m\u00e1s de la historia favorece su reconocimiento y su fijaci\u00f3n en la memoria del espectador\u201d, a\u00f1ade el documento. <\/p>\n<p class=\"\">Allen est\u00e1 considerado como uno de los cineastas m\u00e1s relevantes de las \u00faltimas d\u00e9cadas. Dirigi\u00f3 50 pel\u00edculas que han retratado ciudades del mundo como Nueva York, Roma, Par\u00eds, Barcelona, Oviedo y Londres. Su \u00faltimo filme fue Golpe de suerte, estrenada en 2023 y presentada en el Festival de Venecia.<\/p>\n<p class=\"\">La popularidad del cineasta, sin embargo,<a href=\"https:\/\/elpais.com\/cultura\/2025-09-27\/woody-allen-mientras-haya-libertad-de-expresion-habra-humor.html\" target=\"_self\" rel=\"nofollow noopener\" title=\"https:\/\/elpais.com\/cultura\/2025-09-27\/woody-allen-mientras-haya-libertad-de-expresion-habra-humor.html\"> se ha visto ensombrecida en los \u00faltimos a\u00f1os<\/a> por acusaciones de abuso sexual que surgieron en el contexto del movimiento Me Too. En 1992 se descubri\u00f3 que Allen manten\u00eda una relaci\u00f3n con Soon-Yi Previn, hija adoptiva de Mia Farrow (aunque no hija adoptiva de Allen). Ella era adulta cuando comenz\u00f3 la relaci\u00f3n, pero el hecho de que Allen hubiera sido pareja de su madre y figura paterna en su entorno familiar gener\u00f3 un gran esc\u00e1ndalo \u00e9tico y medi\u00e1tico. <\/p>\n<p class=\"\">Ese mismo a\u00f1o, Dylan Farrow, hija adoptiva de ambos, acus\u00f3 al director de haberla agredido sexualmente cuando ella ten\u00eda siete a\u00f1os. Las investigaciones oficiales de la \u00e9poca (en Connecticut y Nueva York) no hallaron pruebas concluyentes y no se presentaron cargos. El caso volvi\u00f3 a cobrar fuerza en los a\u00f1os 2010\u20132020, especialmente cuando Dylan reafirm\u00f3 p\u00fablicamente su testimonio en entrevistas y art\u00edculos. Woody Allen y Soon-Yi se casaron en 1997 y siguen juntos. <\/p>\n","protected":false},"excerpt":{"rendered":"El Gobierno de la Comunidad de Madrid, presidido por Isabel D\u00edaz Ayuso, patrocinar\u00e1 con 1,5 millones de euros&hellip;\n","protected":false},"author":2,"featured_media":209055,"comment_status":"","ping_status":"","sticky":false,"template":"","format":"standard","meta":{"footnotes":""},"categories":[91],"tags":[177,209,146,147,25,24,753,23,44011],"class_list":{"0":"post-209054","1":"post","2":"type-post","3":"status-publish","4":"format-standard","5":"has-post-thumbnail","7":"category-entretenimiento","8":"tag-cine","9":"tag-cultura","10":"tag-entertainment","11":"tag-entretenimiento","12":"tag-es","13":"tag-espana","14":"tag-peliculas","15":"tag-spain","16":"tag-woody-allen"},"share_on_mastodon":{"url":"https:\/\/pubeurope.com\/@es\/115463537600759105","error":""},"_links":{"self":[{"href":"https:\/\/www.europesays.com\/es\/wp-json\/wp\/v2\/posts\/209054","targetHints":{"allow":["GET"]}}],"collection":[{"href":"https:\/\/www.europesays.com\/es\/wp-json\/wp\/v2\/posts"}],"about":[{"href":"https:\/\/www.europesays.com\/es\/wp-json\/wp\/v2\/types\/post"}],"author":[{"embeddable":true,"href":"https:\/\/www.europesays.com\/es\/wp-json\/wp\/v2\/users\/2"}],"replies":[{"embeddable":true,"href":"https:\/\/www.europesays.com\/es\/wp-json\/wp\/v2\/comments?post=209054"}],"version-history":[{"count":0,"href":"https:\/\/www.europesays.com\/es\/wp-json\/wp\/v2\/posts\/209054\/revisions"}],"wp:featuredmedia":[{"embeddable":true,"href":"https:\/\/www.europesays.com\/es\/wp-json\/wp\/v2\/media\/209055"}],"wp:attachment":[{"href":"https:\/\/www.europesays.com\/es\/wp-json\/wp\/v2\/media?parent=209054"}],"wp:term":[{"taxonomy":"category","embeddable":true,"href":"https:\/\/www.europesays.com\/es\/wp-json\/wp\/v2\/categories?post=209054"},{"taxonomy":"post_tag","embeddable":true,"href":"https:\/\/www.europesays.com\/es\/wp-json\/wp\/v2\/tags?post=209054"}],"curies":[{"name":"wp","href":"https:\/\/api.w.org\/{rel}","templated":true}]}}