{"id":209058,"date":"2025-10-30T14:16:09","date_gmt":"2025-10-30T14:16:09","guid":{"rendered":"https:\/\/www.europesays.com\/es\/209058\/"},"modified":"2025-10-30T14:16:09","modified_gmt":"2025-10-30T14:16:09","slug":"el-bce-mantiene-los-tipos-mientras-la-economia-resiste-pese-a-las-tensiones-comerciales","status":"publish","type":"post","link":"https:\/\/www.europesays.com\/es\/209058\/","title":{"rendered":"El BCE mantiene los tipos, mientras la econom\u00eda resiste pese a las tensiones comerciales"},"content":{"rendered":"\n<p class=\"yf-1090901\">Por Francesco Canepa y Balazs Koranyi<\/p>\n<p class=\"yf-1090901\">FLORENCIA, Italia, 30 oct (Reuters) -El Banco Central Europeo mantuvo el jueves los tipos de inter\u00e9s en el 2% por tercera vez consecutiva y no ofreci\u00f3 pistas sobre futuras medidas, mientras disfruta de un periodo poco habitual de baja inflaci\u00f3n y crecimiento estable, incluso frente a las turbulencias comerciales.<\/p>\n<p class=\"yf-1090901\">El banco central de los 20 pa\u00edses que comparten el euro recort\u00f3 los tipos de inter\u00e9s en un total de 2 puntos porcentuales en el a\u00f1o hasta junio, pero desde entonces se ha mantenido al margen. Ha dejado claro que no tiene prisa por cambiar su pol\u00edtica monetaria, dado que la inflaci\u00f3n se encuentra en el nivel objetivo, un punto \u00f3ptimo que no han logrado alcanzar ni la Reserva Federal de Estados Unidos, ni el Banco de Inglaterra, ni el Banco de Jap\u00f3n.<\/p>\n<p class=\"yf-1090901\">Manteniendo todas las opciones sobre la mesa, el BCE repiti\u00f3 su orientaci\u00f3n de siempre de que las decisiones futuras se guiar\u00edan por los datos que se recibieran y que no se comprometer\u00eda de antemano con ninguna senda concreta.<\/p>\n<p class=\"yf-1090901\">EL BCE SIGUE EN \u00abBUEN LUGAR\u00bb<\/p>\n<p class=\"yf-1090901\">\u00abLa valoraci\u00f3n del Consejo de Gobierno sobre las perspectivas de inflaci\u00f3n se mantiene pr\u00e1cticamente sin cambios\u00bb, se\u00f1al\u00f3 el BCE en un comunicado. \u00abEl robusto mercado de trabajo, los s\u00f3lidos balances del sector privado y los anteriores recortes de tipos de inter\u00e9s del Consejo de Gobierno siguen siendo importantes fuentes de resistencia\u00bb.<\/p>\n<p class=\"yf-1090901\">Se espera que la presidenta del BCE, Christine Lagarde, repita en una rueda de prensa a las 1345 GMT que la pol\u00edtica monetaria se encuentra en un \u00abbuen momento\u00bb y que los dirigentes monetarios pueden aceptar peque\u00f1as desviaciones temporales del objetivo de inflaci\u00f3n.<\/p>\n<p class=\"yf-1090901\">Sin embargo, es poco probable que Lagarde cierre la puerta a una mayor relajaci\u00f3n de la pol\u00edtica monetaria, ya que los aranceles estadounidenses, en constante evoluci\u00f3n, a\u00fan no han calado plenamente en la econom\u00eda, lo que mantiene elevada la incertidumbre y eleva el riesgo de que el crecimiento y la inflaci\u00f3n caigan demasiado.<\/p>\n<p class=\"yf-1090901\">\u00abLas perspectivas siguen siendo inciertas, debido en particular a las continuas disputas comerciales mundiales y a las tensiones geopol\u00edticas\u00bb, a\u00f1adi\u00f3 el BCE. \u00abEl Consejo de Gobierno no se est\u00e1 comprometiendo de antemano con una senda de tipos concreta\u00bb.<\/p>\n<p class=\"yf-1090901\">Aunque algunos dirigentes monetarios han advertido repetidamente de los riesgos a la baja, algunos datos clave han sorprendido al alza en las \u00faltimas semanas, apuntando a un panorama m\u00e1s equilibrado.<\/p>\n<p class=\"yf-1090901\">EL CRECIMIENTO SE MANTIENE<\/p>\n<p class=\"yf-1090901\">El producto interior bruto de la zona euro creci\u00f3 un 0,2% en el trimestre, superando la previsi\u00f3n de estancamiento del BCE y el crecimiento del 0,1% previsto por los economistas.<\/p>\n<p class=\"yf-1090901\">Algunas de las primeras cifras del cuarto trimestre podr\u00edan incluso apuntar a un repunte del crecimiento.<\/p>\n<p class=\"yf-1090901\">La actividad empresarial, medida por el \u00edndice de gestores de compras, se est\u00e1 acelerando, mientras que la confianza en Alemania, la mayor econom\u00eda del bloque, est\u00e1 mejorando y las empresas se est\u00e1n volviendo m\u00e1s optimistas, en parte porque la niebla sobre los aranceles est\u00e1 empezando a disiparse.<\/p>\n<p class=\"yf-1090901\">Pero estos informes relativamente optimistas se ven contrarrestados por datos m\u00e1s sombr\u00edos que muestran que la industria sigue sufriendo y que las exportaciones a Estados Unidos se han reducido dr\u00e1sticamente, as\u00ed como por la creciente evidencia de que China est\u00e1 haciendo \u00abdumping\u00bb en los mercados europeos con productos que no puede vender en Estados Unidos.<\/p>\n<p class=\"yf-1090901\">El \u00abdumping\u00bb es una pr\u00e1ctica comercial consistente en vender un producto por debajo de su precio normal o incluso por debajo de su coste de producci\u00f3n para obtener ventajas competitivas.<\/p>\n<p class=\"yf-1090901\">(Informaci\u00f3n adicional de Valentina Za; edici\u00f3n de Catherine Evans; editado en espa\u00f1ol por Tom\u00e1s Cobos; Mar\u00eda Bayarri C\u00e1rdenas y Benjam\u00edn Mej\u00edas Valencia )<\/p>\n","protected":false},"excerpt":{"rendered":"Por Francesco Canepa y Balazs Koranyi FLORENCIA, Italia, 30 oct (Reuters) -El Banco Central Europeo mantuvo el jueves&hellip;\n","protected":false},"author":2,"featured_media":209059,"comment_status":"","ping_status":"","sticky":false,"template":"","format":"standard","meta":{"footnotes":""},"categories":[80],"tags":[82,1844,32679,95,94,37610,25,24,56719,23,6407],"class_list":{"0":"post-209058","1":"post","2":"type-post","3":"status-publish","4":"format-standard","5":"has-post-thumbnail","7":"category-economia","8":"tag-business","9":"tag-christine-lagarde","10":"tag-consejo-de-gobierno","11":"tag-economia","12":"tag-economy","13":"tag-el-banco-central-europeo","14":"tag-es","15":"tag-espana","16":"tag-por-francesco-canepa","17":"tag-spain","18":"tag-tipos-de-interes"},"share_on_mastodon":{"url":"https:\/\/pubeurope.com\/@es\/115463545434229562","error":""},"_links":{"self":[{"href":"https:\/\/www.europesays.com\/es\/wp-json\/wp\/v2\/posts\/209058","targetHints":{"allow":["GET"]}}],"collection":[{"href":"https:\/\/www.europesays.com\/es\/wp-json\/wp\/v2\/posts"}],"about":[{"href":"https:\/\/www.europesays.com\/es\/wp-json\/wp\/v2\/types\/post"}],"author":[{"embeddable":true,"href":"https:\/\/www.europesays.com\/es\/wp-json\/wp\/v2\/users\/2"}],"replies":[{"embeddable":true,"href":"https:\/\/www.europesays.com\/es\/wp-json\/wp\/v2\/comments?post=209058"}],"version-history":[{"count":0,"href":"https:\/\/www.europesays.com\/es\/wp-json\/wp\/v2\/posts\/209058\/revisions"}],"wp:featuredmedia":[{"embeddable":true,"href":"https:\/\/www.europesays.com\/es\/wp-json\/wp\/v2\/media\/209059"}],"wp:attachment":[{"href":"https:\/\/www.europesays.com\/es\/wp-json\/wp\/v2\/media?parent=209058"}],"wp:term":[{"taxonomy":"category","embeddable":true,"href":"https:\/\/www.europesays.com\/es\/wp-json\/wp\/v2\/categories?post=209058"},{"taxonomy":"post_tag","embeddable":true,"href":"https:\/\/www.europesays.com\/es\/wp-json\/wp\/v2\/tags?post=209058"}],"curies":[{"name":"wp","href":"https:\/\/api.w.org\/{rel}","templated":true}]}}