{"id":209066,"date":"2025-10-30T14:29:11","date_gmt":"2025-10-30T14:29:11","guid":{"rendered":"https:\/\/www.europesays.com\/es\/209066\/"},"modified":"2025-10-30T14:29:11","modified_gmt":"2025-10-30T14:29:11","slug":"vallter-y-el-coll-de-pal-cimas-durisimas-para-la-volta-a-catalunya","status":"publish","type":"post","link":"https:\/\/www.europesays.com\/es\/209066\/","title":{"rendered":"Vallter y el Coll de Pal, cimas dur\u00edsimas para la Volta a Catalunya"},"content":{"rendered":"<p class=\"\"><b>La Volta a Catalunya<\/b>, que se disputar\u00e1 del 23 al 29 de marzo, ha confirmado que en la edici\u00f3n del pr\u00f3ximo a\u00f1o se ascender\u00e1n dos de los puertos m\u00e1s duros de los Pirineos en la vertiente catalana, ya que <b>se subir\u00e1 a Vallter y al Coll de Pal, que se suman al final en alto previamente confirmado en Queralt.<\/b><\/p>\n<p class=\"\">De esta forma, <b>la Volta regresar\u00e1 a Vallter,<\/b> que ya se ha convertido en una subida cl\u00e1sica en el recorrido de la prueba con su <b>subida de 11 kil\u00f3metros al 7,6% <\/b>y que coronar\u00e1n a 2.135 metros de altitud. Ser\u00e1 la novena vez que la Volta acabe en Vallter tras ver triunfar a ciclistas de la talla de Juan Fern\u00e1ndez, ganador en 1986; Nairo Quintana (2013), Tejay Van Garderen (2014), Adam Yates (2019 y 2021), <b>Giulio Ciccone (2023) y Tadej Pogacar, que se impuso en la \u00faltima visita a la cima en 2024.<\/b><\/p>\n<p class=\"\">Una Volta que, adem\u00e1s, recuperar\u00e1 para su recorrido la dur\u00edsima subida al <b>Coll de Pal,<\/b> que no se sub\u00eda en la prueba masculina desde hace 45 a\u00f1os cuando se ascendi\u00f3 en 1978 y 1979 con victorias para Francisco Gald\u00f3s y Ricardo Z\u00fa\u00f1iga respectivamente. De esta forma el pelot\u00f3n deber\u00e1 afrontar una ascensi\u00f3n de categor\u00eda especial con m\u00e1s de<b> 20 kil\u00f3metros de subida al 6,6% de pendiente media y rampas que alcanzan el 12-13% <\/b>camino a una cima que coronar\u00e1n a m\u00e1s de 2.000 metros de altitud. Una Volta que a\u00f1ade la subida al Coll de Pal a su recorrido despu\u00e9s de que haya sido protagonista en este 2025 <b>durante la Volta a Catalunya Femenina, con victoria para la neerlandesa Demi Vollering<\/b> tras una gran exhibici\u00f3n.<\/p>\n<p>Noticias relacionadas<\/p>\n<p class=\"\">Una Volta a Catalunya Femenina que se disputar\u00e1 del 19 al 21 de junio y que tendr\u00e1 como gran final en alto otro cl\u00e1sico de la carrera: <b>la subida final a La Molina<\/b>, que ya se ascendi\u00f3 hace dos a\u00f1os en la primera edici\u00f3n de la ronda femenina y donde la neerlandesa Marianne Vons se hizo con el triunfo de etapa para conquistar finalmente la clasificaci\u00f3n general.<\/p>\n<p class=\"\"><b>\u00a1Tus opiniones importan!<\/b> Comenta en los art\u00edculos y suscr\u00edbete gratis a nuestra <a href=\"https:\/\/asfan.as.com\/newsletters\/\" target=\"_blank\" rel=\"nofollow noopener\" title=\"https:\/\/asfan.as.com\/newsletters\/\">newsletter<\/a> y a las alertas informativas en la <a href=\"https:\/\/as.com\/aplicacion-de-as-n\/\" target=\"_blank\" rel=\"nofollow noopener\" title=\"https:\/\/as.com\/aplicacion-de-as-n\/\">App<\/a> o el canal de <a href=\"https:\/\/www.whatsapp.com\/channel\/0029VaAasdA7j6g745nz9M10\" target=\"_blank\" rel=\"nofollow noopener\" title=\"https:\/\/www.whatsapp.com\/channel\/0029VaAasdA7j6g745nz9M10\">WhatsApp<\/a>. \u00bfBuscas licenciar contenido? Haz clic <a href=\"https:\/\/profesional.elpais.com\/soluciones-sindicacion?utm_medium=interno&amp;utm_source=crosslinking&amp;utm_campaign=sindicacion_as_pie_articulos\" target=\"_blank\" rel=\"nofollow noopener\" title=\"https:\/\/profesional.elpais.com\/soluciones-sindicacion?utm_medium=interno&amp;utm_source=crosslinking&amp;utm_campaign=sindicacion_as_pie_articulos\">aqu\u00ed<\/a><\/p>\n","protected":false},"excerpt":{"rendered":"La Volta a Catalunya, que se disputar\u00e1 del 23 al 29 de marzo, ha confirmado que en la&hellip;\n","protected":false},"author":2,"featured_media":209067,"comment_status":"","ping_status":"","sticky":false,"template":"","format":"standard","meta":{"footnotes":""},"categories":[273],"tags":[313,312,168,25,24,23,167],"class_list":{"0":"post-209066","1":"post","2":"type-post","3":"status-publish","4":"format-standard","5":"has-post-thumbnail","7":"category-ciclismo","8":"tag-ciclismo","9":"tag-cycling","10":"tag-deportes","11":"tag-es","12":"tag-espana","13":"tag-spain","14":"tag-sports"},"share_on_mastodon":{"url":"https:\/\/pubeurope.com\/@es\/115463596451478904","error":""},"_links":{"self":[{"href":"https:\/\/www.europesays.com\/es\/wp-json\/wp\/v2\/posts\/209066","targetHints":{"allow":["GET"]}}],"collection":[{"href":"https:\/\/www.europesays.com\/es\/wp-json\/wp\/v2\/posts"}],"about":[{"href":"https:\/\/www.europesays.com\/es\/wp-json\/wp\/v2\/types\/post"}],"author":[{"embeddable":true,"href":"https:\/\/www.europesays.com\/es\/wp-json\/wp\/v2\/users\/2"}],"replies":[{"embeddable":true,"href":"https:\/\/www.europesays.com\/es\/wp-json\/wp\/v2\/comments?post=209066"}],"version-history":[{"count":0,"href":"https:\/\/www.europesays.com\/es\/wp-json\/wp\/v2\/posts\/209066\/revisions"}],"wp:featuredmedia":[{"embeddable":true,"href":"https:\/\/www.europesays.com\/es\/wp-json\/wp\/v2\/media\/209067"}],"wp:attachment":[{"href":"https:\/\/www.europesays.com\/es\/wp-json\/wp\/v2\/media?parent=209066"}],"wp:term":[{"taxonomy":"category","embeddable":true,"href":"https:\/\/www.europesays.com\/es\/wp-json\/wp\/v2\/categories?post=209066"},{"taxonomy":"post_tag","embeddable":true,"href":"https:\/\/www.europesays.com\/es\/wp-json\/wp\/v2\/tags?post=209066"}],"curies":[{"name":"wp","href":"https:\/\/api.w.org\/{rel}","templated":true}]}}