{"id":209123,"date":"2025-10-30T15:20:10","date_gmt":"2025-10-30T15:20:10","guid":{"rendered":"https:\/\/www.europesays.com\/es\/209123\/"},"modified":"2025-10-30T15:20:10","modified_gmt":"2025-10-30T15:20:10","slug":"convocatoria-de-la-seleccion-espanola-para-el-europeo-de-ciclocross-2025","status":"publish","type":"post","link":"https:\/\/www.europesays.com\/es\/209123\/","title":{"rendered":"Convocatoria de la Selecci\u00f3n Espa\u00f1ola para el Europeo de Ciclocross 2025"},"content":{"rendered":"<p data-mrf-recirculation=\"Links P\u00e1rrafos\" class=\"ue-c-article__paragraph paragraph ue-c-article--first-letter-highlighted\">La <strong>Selecci\u00f3n Espa\u00f1ola de ciclocross <\/strong>viajar\u00e1 al Campeonato de Europa 2025 de la disciplina con una numerosa expedici\u00f3n de 15 ciclistas. El Europeo, que este a\u00f1o se celebrar\u00e1 en Middelkerke (B\u00e9lgica) tras el \u00e9xito de Pontevedra en 2024, tendr\u00e1 lugar los d\u00edas 8 y 9 de noviembre.<\/p>\n<p>El seleccionador nacional, <strong>Javier Ruiz de Larrinaga,<\/strong> ha conformado un equipo que a\u00fana experiencia y proyecci\u00f3n, con una convocatoria en la que destaca la presencia de hasta siete ciclistas en edad j\u00fanior; algunos de ellos tendr\u00e1n la oportunidad de disputar su primera gran cita internacional en la cuna del ciclocross.<\/p>\n<p>En categor\u00eda \u00e9lite Felipe Orts y Kevin Su\u00e1rez ser\u00e1n los hombres que se medir\u00e1n a los mejores especialistas del continente. Orts llega en una gran condici\u00f3n al Europeo tras haber brillado ya en Woerden, donde logr\u00f3 una importante victoria. El alicantino, subcampe\u00f3n de Europa el a\u00f1o pasado, volver\u00e1 a ser la punta de lanza de una Selecci\u00f3n que contar\u00e1 tambi\u00e9n en categor\u00eda \u00e9lite con las dos grandes referencias femeninas nacionales, la vigente campeona de Espa\u00f1a Sof\u00eda Rodr\u00edguez y una Luc\u00eda Gonz\u00e1lez que ha empezado la temporada de forma sobresaliente en las carreras nacionales.<\/p>\n<p>En la categor\u00eda sub23, las bazas espa\u00f1olas ser\u00e1n Ra\u00fal Mira y Unax Gal\u00e1n entre los hombres, mientras que en categor\u00eda femenina sub23 competir\u00e1n Nahia Arana y Maier Olano.<\/p>\n<p>Finalmente, la representaci\u00f3n j\u00fanior ser\u00e1 la m\u00e1s numerosa, en una clara apuesta por el joven talento nacional y la importancia de su participaci\u00f3n en pruebas del m\u00e1s alto nivel. En la prueba masculina estar\u00e1n Mart\u00edn Fern\u00e1ndez, Pelayo Gancedo y Samuel Castiello, mientras que el equipo femenino lo integrar\u00e1n <strong>Aitana Guti\u00e9rrez, Carla Ba\u00f1uls, Mirari Gotxi y Ane Zubeldia.<br \/><\/strong><br \/>Ruiz de Larrinaga, seleccionador nacional, ha declarado que \u00abviajamos a Middelkerke con la m\u00e1xima ilusi\u00f3n. El Europeo es una gran oportunidad para medirnos a los mejores del mundo en este inicio de temporada, y ya hemos visto que Felipe Orts llega en una gran condici\u00f3n. Este Campeonato ser\u00e1 adem\u00e1s la primera cita internacional del a\u00f1o para muchos de nuestros deportistas en las distintas categor\u00edas, y tenemos muchas ganas de ver competir tambi\u00e9n a los m\u00e1s j\u00f3venes\u00bb.<\/p>\n<p><strong>Horarios de competici\u00f3n<br \/><\/strong><br \/>El programa de carreras se concentrar\u00e1 entre el s\u00e1bado y el domingo. El s\u00e1bado 8 de noviembre la competici\u00f3n arrancar\u00e1 con las chicas j\u00fanior a las 11:00 h. Seguidamente, a las 13:00 h. tomar\u00e1n la salida los hombres Sub-23 y la jornada finalizar\u00e1 con la prueba de las mujeres \u00e9lite a las 15:00 h.<\/p>\n<p>El domingo 9 de noviembre ser\u00e1 el turno de los chicos j\u00fanior a las 11:00 h. A las 13:00 h. se disputar\u00e1 la carrera de las mujeres Sub-23, con el Campeonato cerr\u00e1ndose como siempre con  la carrera \u00e9lite masculina, cuya salida est\u00e1 prevista para las 15:00 h.<\/p>\n","protected":false},"excerpt":{"rendered":"La Selecci\u00f3n Espa\u00f1ola de ciclocross viajar\u00e1 al Campeonato de Europa 2025 de la disciplina con una numerosa expedici\u00f3n&hellip;\n","protected":false},"author":2,"featured_media":209124,"comment_status":"","ping_status":"","sticky":false,"template":"","format":"standard","meta":{"footnotes":""},"categories":[273],"tags":[313,312,168,25,24,23,167],"class_list":{"0":"post-209123","1":"post","2":"type-post","3":"status-publish","4":"format-standard","5":"has-post-thumbnail","7":"category-ciclismo","8":"tag-ciclismo","9":"tag-cycling","10":"tag-deportes","11":"tag-es","12":"tag-espana","13":"tag-spain","14":"tag-sports"},"share_on_mastodon":{"url":"https:\/\/pubeurope.com\/@es\/115463797043648766","error":""},"_links":{"self":[{"href":"https:\/\/www.europesays.com\/es\/wp-json\/wp\/v2\/posts\/209123","targetHints":{"allow":["GET"]}}],"collection":[{"href":"https:\/\/www.europesays.com\/es\/wp-json\/wp\/v2\/posts"}],"about":[{"href":"https:\/\/www.europesays.com\/es\/wp-json\/wp\/v2\/types\/post"}],"author":[{"embeddable":true,"href":"https:\/\/www.europesays.com\/es\/wp-json\/wp\/v2\/users\/2"}],"replies":[{"embeddable":true,"href":"https:\/\/www.europesays.com\/es\/wp-json\/wp\/v2\/comments?post=209123"}],"version-history":[{"count":0,"href":"https:\/\/www.europesays.com\/es\/wp-json\/wp\/v2\/posts\/209123\/revisions"}],"wp:featuredmedia":[{"embeddable":true,"href":"https:\/\/www.europesays.com\/es\/wp-json\/wp\/v2\/media\/209124"}],"wp:attachment":[{"href":"https:\/\/www.europesays.com\/es\/wp-json\/wp\/v2\/media?parent=209123"}],"wp:term":[{"taxonomy":"category","embeddable":true,"href":"https:\/\/www.europesays.com\/es\/wp-json\/wp\/v2\/categories?post=209123"},{"taxonomy":"post_tag","embeddable":true,"href":"https:\/\/www.europesays.com\/es\/wp-json\/wp\/v2\/tags?post=209123"}],"curies":[{"name":"wp","href":"https:\/\/api.w.org\/{rel}","templated":true}]}}