{"id":209177,"date":"2025-10-30T15:58:09","date_gmt":"2025-10-30T15:58:09","guid":{"rendered":"https:\/\/www.europesays.com\/es\/209177\/"},"modified":"2025-10-30T15:58:09","modified_gmt":"2025-10-30T15:58:09","slug":"el-caribe-se-recupera-del-peor-huracan-en-casi-un-siglo-ahora-rumbo-a-bahamas","status":"publish","type":"post","link":"https:\/\/www.europesays.com\/es\/209177\/","title":{"rendered":"El Caribe se recupera del peor hurac\u00e1n en casi un siglo, ahora rumbo a Bahamas"},"content":{"rendered":"<p>    <img src=\"https:\/\/www.europesays.com\/es\/wp-content\/uploads\/2025\/10\/2025-10-30T133A263A01Z-90252875.jpg\" width=\"1024\" height=\"682\" alt=\"\" loading=\"eager\" decoding=\"sync\" fetchpriority=\"high\"\/><\/p>\n<p>            afp_tickers        <\/p>\n<p>        Este contenido fue publicado en    <\/p>\n<p>        30 octubre 2025 &#8211; 14:35\n<\/p>\n<p>Melissa, el peor hurac\u00e1n atl\u00e1ntico en casi un siglo, se dirige debilitado este jueves hacia las Bermudas tras haber azotado Cuba y Jamaica en su paso por el Caribe, en el que provoc\u00f3 al menos una treintena de muertos, casi todos en Hait\u00ed.<\/p>\n<p>El Gobierno de las Bahamas suspendi\u00f3 la alerta por hurac\u00e1n en el centro y el sureste del pa\u00eds, seg\u00fan ha informado el Centro Nacional de Huracanes en su m\u00e1s reciente bolet\u00edn emitido en la madrugada del jueves.\u00a0<\/p>\n<p>A pesar de esto, \u00absiguen las recomendaciones de las autoridades locales, ya que es posible que tengan que permanecer refugiados tras la tormenta debido a la ca\u00edda de l\u00edneas el\u00e9ctricas y a las inundaciones\u00bb, a\u00f1adi\u00f3 el NHC.<\/p>\n<p>La agencia estadounidense prev\u00e9 que las inundaciones causadas por el paso de Melissa en Cuba, Jamaica, Hait\u00ed y la Rep\u00fablica Dominicana comiencen a remitir.<\/p>\n<p>El ojo de Melissa se encontraba a m\u00e1s de 1.000 kil\u00f3metros de Bermudas, donde est\u00e1 previsto que el hurac\u00e1n llegue debilitado a categor\u00eda uno, inform\u00f3 el gobierno local en X.<\/p>\n<p>Cuba sufri\u00f3 el mi\u00e9rcoles la furia de Melissa, que provoc\u00f3 \u00abda\u00f1os cuantiosos\u00bb, dijo el presidente de la isla, Miguel Diaz-Canel.\u00a0<\/p>\n<p>La tormenta afect\u00f3 al este del pa\u00eds, que atraviesa una de sus peores crisis econ\u00f3micas. Los habitantes de las provincias de Santiago de Cuba, Holgu\u00edn y Guant\u00e1namo vieron c\u00f3mo el agua cubr\u00eda calles y viviendas.\u00a0<\/p>\n<p>En Santiago de Cuba, el techo de la casa de Mariela Reyes, un ama de casa de 55 a\u00f1os, sali\u00f3 volando y no par\u00f3 hasta caer en la siguiente cuadra. \u00abNo es f\u00e1cil perder todo lo que uno tiene. Lo poco que tienes\u00bb, dijo Reyes desanimada.<\/p>\n<p>El martes logr\u00f3 resguardar su televisor y otros electrodom\u00e9sticos en la casa de su hermana.<\/p>\n<p>\u2013 300 km\/h \u2013<\/p>\n<p>Apenas pas\u00f3 el peligro, vecinos de la segunda ciudad m\u00e1s importante de la isla con 500.000 habitantes, salieron machete en mano para cortar \u00e1rboles derrumbados y liberar las calles, constat\u00f3 un periodista de AFP.<\/p>\n<p>Las autoridades de la isla informaron de que unas 735.000 personas fueron evacuadas, especialmente en las provincias de Santiago de Cuba, Holgu\u00edn y Guant\u00e1namo.<\/p>\n<p>Al menos una treintena personas han muerto en la regi\u00f3n por el paso del fen\u00f3meno meteorol\u00f3gico, algunos de ellos mientras proteg\u00edan sus casas antes de su llegada.\u00a0<\/p>\n<p>La potencia de Melissa super\u00f3 la de algunos huracanes como Katrina, que arras\u00f3 la ciudad de Nueva Orleans en 2005.\u00a0<\/p>\n<p>En Jamaica, lleg\u00f3 el martes con vientos sostenidos de unos 300 km\/h, lo que lo convirti\u00f3 en el m\u00e1s potente en tocar tierra en 90 a\u00f1os, seg\u00fan un an\u00e1lisis de AFP de datos meteorol\u00f3gicos de la Oficina Nacional de Administraci\u00f3n Oce\u00e1nica y Atmosf\u00e9rica (NOAA) estadounidense.<\/p>\n<p>El conocido como hurac\u00e1n del D\u00eda del Trabajo devast\u00f3 los cayos de Florida en 1935 con vientos tambi\u00e9n cercanos a los 300 km\/h, y una presi\u00f3n atmosf\u00e9rica de 892 milibares.<\/p>\n<p>El primer ministro de Jamaica, Andrew Holness, declar\u00f3 el pa\u00eds \u00abzona de desastre\u00bb. Las autoridades pidieron a los residentes que permanezcan resguardados por el riesgo de inundaciones y deslizamientos de tierra.<\/p>\n<p>La devastaci\u00f3n provocada por Melissa en Jamaica alcanza \u00abniveles nunca vistos\u00bb en esa isla, declar\u00f3 el mi\u00e9rcoles un responsable de la ONU en el lugar.<\/p>\n<p>Reino Unido anunci\u00f3 que pondr\u00e1 a disposici\u00f3n vuelos para que los ciudadanos brit\u00e1nicos puedan salir de la isla.<\/p>\n<p>Los cient\u00edficos afirman que el cambio clim\u00e1tico causado por el ser humano ha intensificado las grandes tormentas y aumentado su frecuencia.\u00a0<\/p>\n<p>bur-mlr\/md\/ane\/aha\/dga\/mar<\/p>\n","protected":false},"excerpt":{"rendered":"afp_tickers Este contenido fue publicado en 30 octubre 2025 &#8211; 14:35 Melissa, el peor hurac\u00e1n atl\u00e1ntico en casi&hellip;\n","protected":false},"author":2,"featured_media":209178,"comment_status":"","ping_status":"","sticky":false,"template":"","format":"standard","meta":{"footnotes":""},"categories":[42],"tags":[17,18,637,638,756,13,14,15535,11,61,62,63,64,19,20,28661,10124,9,10,15,16,90,12,21,22,15537,65,66,67],"class_list":{"0":"post-209177","1":"post","2":"type-post","3":"status-publish","4":"format-standard","5":"has-post-thumbnail","7":"category-internacional","8":"tag-breaking-news","9":"tag-breakingnews","10":"tag-disaster","11":"tag-disaster-general","12":"tag-environment","13":"tag-featured-news","14":"tag-featurednews","15":"tag-global-change","16":"tag-headlines","17":"tag-internacional","18":"tag-international","19":"tag-international-news","20":"tag-internationalnews","21":"tag-latest-news","22":"tag-latestnews","23":"tag-meteorological-disaster","24":"tag-natural-disasters","25":"tag-news","26":"tag-noticias","27":"tag-noticias-destacadas","28":"tag-noticiasdestacadas","29":"tag-ticker","30":"tag-titulares","31":"tag-ultimas-noticias","32":"tag-ultimasnoticias","33":"tag-weather","34":"tag-world","35":"tag-world-news","36":"tag-worldnews"},"share_on_mastodon":{"url":"","error":"Validation failed: Text character limit of 500 exceeded"},"_links":{"self":[{"href":"https:\/\/www.europesays.com\/es\/wp-json\/wp\/v2\/posts\/209177","targetHints":{"allow":["GET"]}}],"collection":[{"href":"https:\/\/www.europesays.com\/es\/wp-json\/wp\/v2\/posts"}],"about":[{"href":"https:\/\/www.europesays.com\/es\/wp-json\/wp\/v2\/types\/post"}],"author":[{"embeddable":true,"href":"https:\/\/www.europesays.com\/es\/wp-json\/wp\/v2\/users\/2"}],"replies":[{"embeddable":true,"href":"https:\/\/www.europesays.com\/es\/wp-json\/wp\/v2\/comments?post=209177"}],"version-history":[{"count":0,"href":"https:\/\/www.europesays.com\/es\/wp-json\/wp\/v2\/posts\/209177\/revisions"}],"wp:featuredmedia":[{"embeddable":true,"href":"https:\/\/www.europesays.com\/es\/wp-json\/wp\/v2\/media\/209178"}],"wp:attachment":[{"href":"https:\/\/www.europesays.com\/es\/wp-json\/wp\/v2\/media?parent=209177"}],"wp:term":[{"taxonomy":"category","embeddable":true,"href":"https:\/\/www.europesays.com\/es\/wp-json\/wp\/v2\/categories?post=209177"},{"taxonomy":"post_tag","embeddable":true,"href":"https:\/\/www.europesays.com\/es\/wp-json\/wp\/v2\/tags?post=209177"}],"curies":[{"name":"wp","href":"https:\/\/api.w.org\/{rel}","templated":true}]}}