{"id":209184,"date":"2025-10-30T16:06:15","date_gmt":"2025-10-30T16:06:15","guid":{"rendered":"https:\/\/www.europesays.com\/es\/209184\/"},"modified":"2025-10-30T16:06:15","modified_gmt":"2025-10-30T16:06:15","slug":"no-tenemos-tiempo-para-disfrutarlo-desearia-que-se-lo-tomara-con-mas-calma","status":"publish","type":"post","link":"https:\/\/www.europesays.com\/es\/209184\/","title":{"rendered":"No tenemos tiempo para disfrutarlo desear\u00eda que se lo tomara con m\u00e1s calma"},"content":{"rendered":"<p class=\"ft-text\">La <strong>salud mental<\/strong> ha ganado mucha importancia en los \u00faltimos a\u00f1os y hoy en d\u00eda es un factor m\u00e1s del bienestar de las personas en la sociedad occidental.<\/p>\n<p class=\"ft-text\">La <strong>presi\u00f3n <\/strong>entre los deportistas de \u00e9lite es uno de los principales handicaps para muchos que no est\u00e1n preparados para sobrellevar la <strong>fama, competiciones, \u00e9xitos o fracasos<\/strong> durante la temporada.<\/p>\n<p class=\"ft-text\">Ganar o perder, en este caso, no es tan importante, pues incluso en la victoria puede generarse un c\u00edrculo vicioso que llega a <strong>impedir que los profesionales disfruten de los triunfos<\/strong> que cosechan. La <strong>temporada es muy apretada<\/strong> y la rapidez con la que llega la siguiente prueba pr\u00e1cticamente no deja tiempo de reflexi\u00f3n.<\/p>\n<p class=\"ft-text\">La \u00faltima persona en poner el acento sobre este tema ha sido la <strong>madre del ciclista esloveno del UAE Team Emirates, <\/strong><a class=\"ft-link ft-link--decoration\" href=\"https:\/\/www.sport.es\/es\/noticias\/ciclismo\/michael-woods-toma-partido-debate-pogacar-merckx-123115677\" target=\"_blank\" rel=\"nofollow noopener\"><strong>Tadej Poga\u010dar<\/strong><\/a>. <strong>Marjeta<\/strong> ha comentado en una entrevista que el calendario es tan apretado que su hijo <strong>no tiene tiempo de disfrutar de lo que consigue<\/strong>, algo que se ha hecho m\u00e1s evidente en un 2025 en el que ha sido el principal dominador de la disciplina.<\/p>\n<p><img decoding=\"async\" src=\"https:\/\/www.europesays.com\/es\/wp-content\/uploads\/2025\/10\/86cbf194-ba6f-4802-82cc-d3f821422a11_alta-libre-aspect-ratio_default_0.jpg\" width=\"1200\" height=\"675\" alt=\"Pogacar celebra su quinta victoria en Il Lombard\u00eda\" class=\"ft-helper-img-rd\" loading=\"lazy\" hasdataaida=\"true\"\/><\/p>\n<p class=\"ft-helper-fontColor-quaternary ft-helper-fontSize-body-S ft-helper-spacer-t-xxs\">Pogacar celebra su quinta victoria en Il Lombard\u00eda  \/ EFE<\/p>\n<p class=\"ft-text\">\u00abLlevo a\u00f1os diciendo que estas victorias, estos eventos de celebraci\u00f3n, <strong>pasan demasiado r\u00e1pido<\/strong>. Se suceden sin descanso. <strong>Estamos muy contentos, pero no tenemos tiempo para disfrutarlo<\/strong>\u00ab, apuntaba la mujer en una entrevista con &#8216;Le Parisien&#8217;.<\/p>\n<p class=\"ft-text\">\u00ab<strong>A veces desear\u00eda que se lo tomara con m\u00e1s calma<\/strong>\u00ab, a\u00f1ad\u00eda. Por eso, comprender\u00eda si Poga\u010dar \u00ab<strong>deja de montar en bicicleta, o al menos si lo hace durante un a\u00f1o<\/strong>\u00bb para tomarse un respiro.<\/p>\n<p><img decoding=\"async\" src=\"https:\/\/www.europesays.com\/es\/wp-content\/uploads\/2025\/10\/79018b67-b603-4a5e-960f-1219420c1b59_alta-libre-aspect-ratio_default_0.jpg\" width=\"1200\" height=\"675\" alt=\"Michael Woods considera a Pogacar como &quot;el mejor ciclista de la historia&quot;\" class=\"ft-helper-img-rd\" loading=\"lazy\" hasdataaida=\"true\"\/><\/p>\n<p class=\"ft-helper-fontColor-quaternary ft-helper-fontSize-body-S ft-helper-spacer-t-xxs\">Michael Woods considera a Pogacar como \u00abel mejor ciclista de la historia\u00bb  \/ Associated Press\/LaPresse<\/p>\n<p class=\"ft-text\">El esloveno ha cosechado <strong>20 victorias<\/strong> en la \u00faltima temporada ciclista y ahora ya se encuentra de vacaciones a la espera de volver a subirse a una bici para volver a sentar c\u00e1tedra durante un nuevo curso, si consigue mantener ese dominio mostrado.<\/p>\n<p class=\"ft-text\">Este a\u00f1o se ha impuesto en el <strong>Tour <\/strong>(su cuarto campeonato), en el <strong>Mundial <\/strong>(su segundo), en <strong>Lieja-Basto\u00f1a<\/strong>, <strong>Flecha-Valona<\/strong>, <strong>Flandes <\/strong>y <strong>Strade Bianche<\/strong>. Con ello, el esloveno es el primer ciclista de la historia en subir al podio en los <strong>cinco &#8216;Monumentos&#8217;<\/strong> en una misma temporada.<\/p>\n","protected":false},"excerpt":{"rendered":"La salud mental ha ganado mucha importancia en los \u00faltimos a\u00f1os y hoy en d\u00eda es un factor&hellip;\n","protected":false},"author":2,"featured_media":209185,"comment_status":"","ping_status":"","sticky":false,"template":"","format":"standard","meta":{"footnotes":""},"categories":[273],"tags":[313,312,168,2604,25,24,9223,3354,4214,1395,549,166,23,167,548,27570],"class_list":{"0":"post-209184","1":"post","2":"type-post","3":"status-publish","4":"format-standard","5":"has-post-thumbnail","7":"category-ciclismo","8":"tag-ciclismo","9":"tag-cycling","10":"tag-deportes","11":"tag-disfrutar","12":"tag-es","13":"tag-espana","14":"tag-exitos","15":"tag-madre","16":"tag-mental","17":"tag-monumentos","18":"tag-pogacar","19":"tag-salud","20":"tag-spain","21":"tag-sports","22":"tag-tadej","23":"tag-uae-team-emirates"},"share_on_mastodon":{"url":"https:\/\/pubeurope.com\/@es\/115463978191907915","error":""},"_links":{"self":[{"href":"https:\/\/www.europesays.com\/es\/wp-json\/wp\/v2\/posts\/209184","targetHints":{"allow":["GET"]}}],"collection":[{"href":"https:\/\/www.europesays.com\/es\/wp-json\/wp\/v2\/posts"}],"about":[{"href":"https:\/\/www.europesays.com\/es\/wp-json\/wp\/v2\/types\/post"}],"author":[{"embeddable":true,"href":"https:\/\/www.europesays.com\/es\/wp-json\/wp\/v2\/users\/2"}],"replies":[{"embeddable":true,"href":"https:\/\/www.europesays.com\/es\/wp-json\/wp\/v2\/comments?post=209184"}],"version-history":[{"count":0,"href":"https:\/\/www.europesays.com\/es\/wp-json\/wp\/v2\/posts\/209184\/revisions"}],"wp:featuredmedia":[{"embeddable":true,"href":"https:\/\/www.europesays.com\/es\/wp-json\/wp\/v2\/media\/209185"}],"wp:attachment":[{"href":"https:\/\/www.europesays.com\/es\/wp-json\/wp\/v2\/media?parent=209184"}],"wp:term":[{"taxonomy":"category","embeddable":true,"href":"https:\/\/www.europesays.com\/es\/wp-json\/wp\/v2\/categories?post=209184"},{"taxonomy":"post_tag","embeddable":true,"href":"https:\/\/www.europesays.com\/es\/wp-json\/wp\/v2\/tags?post=209184"}],"curies":[{"name":"wp","href":"https:\/\/api.w.org\/{rel}","templated":true}]}}