{"id":209224,"date":"2025-10-30T16:33:11","date_gmt":"2025-10-30T16:33:11","guid":{"rendered":"https:\/\/www.europesays.com\/es\/209224\/"},"modified":"2025-10-30T16:33:11","modified_gmt":"2025-10-30T16:33:11","slug":"muere-a-los-42-anos-floyd-roger-myers-jr-actor-de-el-principe-de-bel-air","status":"publish","type":"post","link":"https:\/\/www.europesays.com\/es\/209224\/","title":{"rendered":"Muere a los 42 a\u00f1os Floyd Roger Myers Jr, actor de &#8216;El pr\u00edncipe de Bel-Air&#8217;"},"content":{"rendered":"<p><img fetchpriority=\"high\" class=\"v-a-img\" src=\"https:\/\/www.europesays.com\/es\/wp-content\/uploads\/2025\/10\/actor-1-kpW-U240613831197bC-1200x840@El Correo.jpg\" loading=\"eager\" decoding=\"async\" alt=\"Muere a los 42 a\u00f1os Floyd Roger Myers Jr, actor de 'El pr\u00edncipe de Bel-Air'\"  width=\"1200\" height=\"840\"\/><\/p>\n<p>El int\u00e9rprete sufri\u00f3 un infarto en su casa de Maryland, seg\u00fan ha comunicado su madre<\/p>\n<p><a class=\"v-mdl-ath__fig-a\" href=\"https:\/\/www.elcorreo.com\/autor\/marina-leon-6788.html\" title=\"Marina Le\u00f3n\" rel=\"nofollow noopener\" target=\"_blank\"><br \/>\n<img decoding=\"async\" class=\"v-mdl-ath__img\" src=\"https:\/\/www.europesays.com\/es\/wp-content\/uploads\/2025\/09\/autor-6788-foto-1.jpeg\" alt=\"Marina Le\u00f3n\"\/><br \/>\n<\/a><\/p>\n<p class=\"v-mdl-ath__p v-mdl-ath__p--6\">\nJueves, 30 de octubre 2025, 16:48<\/p>\n<p class=\"v-p\">El actor estadounidense Floyd Roger Myers Jr. ha fallecido a los 42 a\u00f1os tras sufrir un infarto en su casa, seg\u00fan ha comunicado su madre, Renee Trice, al medio TMZ. El int\u00e9rprete, conocido por su papel en la serie &#8216;El Pr\u00edncipe de Bel-Air&#8217;, muri\u00f3 en la madrugada del mi\u00e9rcoles en su domicilio de Maryland.<\/p>\n<p class=\"v-p\">Su madre cont\u00f3 tambi\u00e9n que el actor hab\u00eda sufrido tres ataques card\u00edacos en los \u00faltimos tres a\u00f1os y que hab\u00eda hablado con \u00e9l por tel\u00e9fono la noche anterior a su fallecimiento. Floyd Roger Myers Jr. se hizo conocido por su aparici\u00f3n en la tercera temporada de la serie en la que interpretaba al propio Will Smith de joven.<\/p>\n<p class=\"v-p\">Tambi\u00e9n particip\u00f3 en varios anuncios de televisi\u00f3n y en &#8216;The Jacksons: An American Dream&#8217;, una miniserie en la sobre la familia Jackson en la que interpretaba a un joven Marlon Jackson. En el 2000 tuvo un peque\u00f1o papel en un episodio del drama televisivo &#8216;Young Americans&#8217;.<\/p>\n<p>Reporta un error<\/p>\n","protected":false},"excerpt":{"rendered":"El int\u00e9rprete sufri\u00f3 un infarto en su casa de Maryland, seg\u00fan ha comunicado su madre Jueves, 30 de&hellip;\n","protected":false},"author":2,"featured_media":209225,"comment_status":"","ping_status":"","sticky":false,"template":"","format":"standard","meta":{"footnotes":""},"categories":[174],"tags":[1339,988,56705,255,146,147,25,24,256,11367,8938,32819,14921,11368,23],"class_list":{"0":"post-209224","1":"post","2":"type-post","3":"status-publish","4":"format-standard","5":"has-post-thumbnail","7":"category-famosos","8":"tag-actor","9":"tag-anos","10":"tag-belair","11":"tag-celebrities","12":"tag-entertainment","13":"tag-entretenimiento","14":"tag-es","15":"tag-espana","16":"tag-famosos","17":"tag-floyd","18":"tag-muere","19":"tag-myers","20":"tag-principe","21":"tag-roger","22":"tag-spain"},"share_on_mastodon":{"url":"https:\/\/pubeurope.com\/@es\/115464084168729521","error":""},"_links":{"self":[{"href":"https:\/\/www.europesays.com\/es\/wp-json\/wp\/v2\/posts\/209224","targetHints":{"allow":["GET"]}}],"collection":[{"href":"https:\/\/www.europesays.com\/es\/wp-json\/wp\/v2\/posts"}],"about":[{"href":"https:\/\/www.europesays.com\/es\/wp-json\/wp\/v2\/types\/post"}],"author":[{"embeddable":true,"href":"https:\/\/www.europesays.com\/es\/wp-json\/wp\/v2\/users\/2"}],"replies":[{"embeddable":true,"href":"https:\/\/www.europesays.com\/es\/wp-json\/wp\/v2\/comments?post=209224"}],"version-history":[{"count":0,"href":"https:\/\/www.europesays.com\/es\/wp-json\/wp\/v2\/posts\/209224\/revisions"}],"wp:featuredmedia":[{"embeddable":true,"href":"https:\/\/www.europesays.com\/es\/wp-json\/wp\/v2\/media\/209225"}],"wp:attachment":[{"href":"https:\/\/www.europesays.com\/es\/wp-json\/wp\/v2\/media?parent=209224"}],"wp:term":[{"taxonomy":"category","embeddable":true,"href":"https:\/\/www.europesays.com\/es\/wp-json\/wp\/v2\/categories?post=209224"},{"taxonomy":"post_tag","embeddable":true,"href":"https:\/\/www.europesays.com\/es\/wp-json\/wp\/v2\/tags?post=209224"}],"curies":[{"name":"wp","href":"https:\/\/api.w.org\/{rel}","templated":true}]}}