{"id":209273,"date":"2025-10-30T17:08:07","date_gmt":"2025-10-30T17:08:07","guid":{"rendered":"https:\/\/www.europesays.com\/es\/209273\/"},"modified":"2025-10-30T17:08:07","modified_gmt":"2025-10-30T17:08:07","slug":"la-loteria-igual-se-te-congela-un-poco","status":"publish","type":"post","link":"https:\/\/www.europesays.com\/es\/209273\/","title":{"rendered":"\u00abLa loter\u00eda igual se te congela un poco\u00bb"},"content":{"rendered":"<p style=\"\">Estamos a punto de entrar en noviembre, <strong>mes oto\u00f1al por excelencia<\/strong> y durante el que, normalmente, el <a href=\"https:\/\/www.abc.es\/recreo\/mario-picazo-alerta-espana-llega-lluvias-copiosas-20251027155607-nt.html\" title=\"www.abc.es\" data-voc-vtm-id=\"in-text-traffic\" data-mrf-link=\"www.abc.es\" rel=\"nofollow noopener\" target=\"_blank\">fr\u00edo <\/a>comienza a hacerse m\u00e1s intenso en nuestro pa\u00eds. <\/p>\n<p style=\"\">Sin embargo, las temperaturas m\u00e1s c\u00e1lidas de lo normal que sucedieron en la primera mitad de octubre hacen  &#8230; pensar a muchos que quiz\u00e1 las bajas temperaturas sigan resisti\u00e9ndose en este nuevo mes. Es por ello que conocer <strong>los pron\u00f3sticos del tiempo para las pr\u00f3ximas semanas y meses <\/strong>puede ser de gran inter\u00e9s.<\/p>\n<p class=\"voc-p\" style=\"\">En este sentido, el joven<strong> Jorge Rey, popular por utilizar las caba\u00f1uelas para adelantar la llegada de la borrasca FIlomena en 2021<\/strong>; ha avanzado sus pron\u00f3sticos del tiempo para los pr\u00f3ximos meses en Espa\u00f1a. Seg\u00fan ha explicado en un v\u00eddeo de YouTube, <strong>noviembre <\/strong>comenzar\u00e1 con un tiempo relativamente tranquilo gracias a \u00abuna entrada de un anticicl\u00f3n en Europa\u00bb, aunque <strong>no faltar\u00e1n \u00abroces de frentes que inestabilicen la atm\u00f3sfera\u00bb<\/strong>, dejando lluvias d\u00e9biles en el Cant\u00e1brico y el interior del pa\u00eds.<\/p>\n<p class=\"voc-p\" style=\"\">Rey ha indicado que \u00abrealmente la lluvia es poca cosa\u00bb, aunque avis\u00f3 de un descenso de las temperaturas: <strong>\u00abM\u00e1s bien va a refrescar el ambiente\u00bb<\/strong> y vendr\u00e1n cambios que se har\u00e1n notar hacia el 11 o 12 de noviembre, cuando \u00abse acentuar\u00e1n los fr\u00edos,<strong> pudiendo dejar nevadas en cotas altas e incluso algunas heladas<\/strong>\u00bb.<\/p>\n<p>\nUna dana y el &#8216;veranillo de San Mart\u00edn&#8217; en noviembre\n<\/p>\n<p class=\"voc-p\" style=\"\">El conocido como &#8216;ni\u00f1o meteor\u00f3logo&#8217; ha adelantadoque a mediados de noviembre llegar\u00e1 un episodio m\u00e1s inestable. \u00abHacia el 13 o 14 esperamos algo m\u00e1s fuerte, m\u00e1s importante\u00bb, precis\u00f3. En palabras de Rey, se tratar\u00e1 de \u00abuna dana, una gota fr\u00eda que nos deje por un lado vientos de sur, es decir, tendremos <strong>un veranillo, &#8216;el de San Mart\u00edn con calorcillo, que dura tres d\u00edas y fin&#8217;<\/strong>\u00bb, a\u00f1ade, haciendo referencia al refr\u00e1n. <\/p>\n<p class=\"voc-p\" style=\"\">Indica que esa misma dana tambi\u00e9n podr\u00eda provocar \u00ab<strong>fuertes tormentas<\/strong> incluso a puntos del Levante\u00bb y otras zonas del norte como Galicia. Adem\u00e1s, en torno al 22 y 23 de noviembre,<strong> otra borrasca dejar\u00e1 lluvias<\/strong> \u00aben \u00e1reas del noroeste, de Galicia, de Le\u00f3n, incluso esas precipitaciones se podr\u00e1n adentrar a puntos de Soria o del centro de Espa\u00f1a, como es el caso de Madrid\u00bb.<\/p>\n<p>\nEl fr\u00edo invernal llega en un mes: los primeros copos en cotas medias\n<\/p>\n<p class=\"voc-p\" style=\"\">El cambio m\u00e1s acusado, seg\u00fan el burgal\u00e9s, llegar\u00eda en el tramo final del mes. Rey advirti\u00f3 que \u00abojo, porque de cara al 26 o 27 de noviembre esperamos ya un cambio algo m\u00e1s fuerte en lo que son temas de <strong>fr\u00edo y de invierno<\/strong>\u00bb. <\/p>\n<p class=\"voc-p\" style=\"\">Los vientos del norte provocar\u00e1n \u00ablluvia, sobre todo destacando en el norte y este peninsular\u00bb, mientras que <strong>el 29 y 30 de noviembre \u00abese fr\u00edo se podr\u00eda acentuar bastante\u00bb, dejando \u00ablos primeros copos en cotas medias e incluso la posibilidad de que cuaje\u00bb.<\/strong><\/p>\n<p>\nDiciembre: temperaturas agradables antes de un golpe polar\n<\/p>\n<p class=\"voc-p\" style=\"\">En cuanto a lo que indican las caba\u00f1uelas para diciembre, Jorge Rey ha se\u00f1alado que en la primera quincena del mes predonimar\u00e1 un \u00abanticicl\u00f3n estanco que nos deje <strong>nieblas, heladas incluso, pero temperaturas m\u00e1ximas agradables<\/strong>\u00bb. Sin embargo, advirti\u00f3 que las borrascas no quedar\u00e1n lejos: \u00abAlguna se acercar\u00e1 ya hacia el 18 o 19 de diciembre&#8230; m\u00e1s bien no para traer lluvia, sino para subir las temperaturas\u00bb.<\/p>\n<p class=\"voc-p\" style=\"\">Pero el &#8216;ni\u00f1o meteor\u00f3logo&#8217; indica que todo cambiar\u00e1 justo para la llegada de la Navidad, apuntando a que \u00aben torno al 22 o 23 de diciembre esperamos vientos continentales, una borrasca que se sit\u00fae sobre Espa\u00f1a, atrayendo vientos de Siberia\u00bb. As\u00ed, adelanta que este escenario podr\u00eda traer <strong>\u00abla posibilidad de lluvias en \u00e1reas del norte y nieve en cotas muy bajas\u00bb.<\/strong><\/p>\n<p class=\"voc-p\" style=\"\">Rey advirti\u00f3 con tono c\u00f3mico que las navidades podr\u00edan ser especialmente fr\u00edas: \u00abEsto afectar\u00eda al mismo d\u00eda de Navidad&#8230; vamos, que la loter\u00eda igual se te congela un poco\u00bb.<\/p>\n<p>\nFin de a\u00f1o y primeros d\u00edas de 2026: fr\u00edo pero con estabilidad\n<\/p>\n<p class=\"voc-p\" style=\"\">En los \u00faltimos d\u00edas del a\u00f1o, el ambiente \u00abcontinuar\u00e1 fresco, con<strong> d\u00e9biles lluvias <\/strong>en \u00e1reas del Mediterr\u00e1neo\u00bb, aunque sin fen\u00f3menos importantes. \u00abLos muy \u00faltimos d\u00edas de 2025 de diciembre y los primeros de enero de 2026 lo que esperamos son<strong> temperaturas algo ya mejores <\/strong>y humedad que todav\u00eda resistir\u00eda en \u00e1reas del Levante, pero d\u00e9bilmente\u00bb, ha adelantado Rey.<\/p>\n<p class=\"voc-p\" style=\"\">Para <strong>la festividad de los Reyes Magos<\/strong>, el burgal\u00e9s pronostica \u00abun tiempo bastante agradable con un anticicl\u00f3n muy estanco\u00bb. Sin embargo, el invierno podr\u00eda recrudecerse despu\u00e9s: \u00abUna segunda quincena de enero que cambia radicalmente, sobre todo porque esperamo,<strong> en torno al 24 de enero, una borrasca que llegue del norte, con vientos polares y nevadas <\/strong>incluso fuertes en cotas medias y bueno, ya veremos si en cotas bajas tambi\u00e9n\u00bb.<\/p>\n<p class=\"voc-p\" style=\"\">Para concluir, Jorge Rey avisa de que esto <strong>son solo los primeros avances<\/strong> que puede dar de este invierno, informaci\u00f3n que ir\u00e1 detallando m\u00e1s adelante. <\/p>\n","protected":false},"excerpt":{"rendered":"Estamos a punto de entrar en noviembre, mes oto\u00f1al por excelencia y durante el que, normalmente, el fr\u00edo&hellip;\n","protected":false},"author":2,"featured_media":209274,"comment_status":"","ping_status":"","sticky":false,"template":"","format":"standard","meta":{"footnotes":""},"categories":[8],"tags":[17,18,25,24,13,14,11,2224,19,20,9,10,15,16,5330,23,12,21,22],"class_list":{"0":"post-209273","1":"post","2":"type-post","3":"status-publish","4":"format-standard","5":"has-post-thumbnail","7":"category-espana","8":"tag-breaking-news","9":"tag-breakingnews","10":"tag-es","11":"tag-espana","12":"tag-featured-news","13":"tag-featurednews","14":"tag-headlines","15":"tag-jorge","16":"tag-latest-news","17":"tag-latestnews","18":"tag-news","19":"tag-noticias","20":"tag-noticias-destacadas","21":"tag-noticiasdestacadas","22":"tag-rey","23":"tag-spain","24":"tag-titulares","25":"tag-ultimas-noticias","26":"tag-ultimasnoticias"},"share_on_mastodon":{"url":"https:\/\/pubeurope.com\/@es\/115464221787633697","error":""},"_links":{"self":[{"href":"https:\/\/www.europesays.com\/es\/wp-json\/wp\/v2\/posts\/209273","targetHints":{"allow":["GET"]}}],"collection":[{"href":"https:\/\/www.europesays.com\/es\/wp-json\/wp\/v2\/posts"}],"about":[{"href":"https:\/\/www.europesays.com\/es\/wp-json\/wp\/v2\/types\/post"}],"author":[{"embeddable":true,"href":"https:\/\/www.europesays.com\/es\/wp-json\/wp\/v2\/users\/2"}],"replies":[{"embeddable":true,"href":"https:\/\/www.europesays.com\/es\/wp-json\/wp\/v2\/comments?post=209273"}],"version-history":[{"count":0,"href":"https:\/\/www.europesays.com\/es\/wp-json\/wp\/v2\/posts\/209273\/revisions"}],"wp:featuredmedia":[{"embeddable":true,"href":"https:\/\/www.europesays.com\/es\/wp-json\/wp\/v2\/media\/209274"}],"wp:attachment":[{"href":"https:\/\/www.europesays.com\/es\/wp-json\/wp\/v2\/media?parent=209273"}],"wp:term":[{"taxonomy":"category","embeddable":true,"href":"https:\/\/www.europesays.com\/es\/wp-json\/wp\/v2\/categories?post=209273"},{"taxonomy":"post_tag","embeddable":true,"href":"https:\/\/www.europesays.com\/es\/wp-json\/wp\/v2\/tags?post=209273"}],"curies":[{"name":"wp","href":"https:\/\/api.w.org\/{rel}","templated":true}]}}