{"id":209275,"date":"2025-10-30T17:09:09","date_gmt":"2025-10-30T17:09:09","guid":{"rendered":"https:\/\/www.europesays.com\/es\/209275\/"},"modified":"2025-10-30T17:09:09","modified_gmt":"2025-10-30T17:09:09","slug":"jornadas-de-crue-secretarias-generales-en-la-universidad-de-granada","status":"publish","type":"post","link":"https:\/\/www.europesays.com\/es\/209275\/","title":{"rendered":"Jornadas de Crue-Secretar\u00edas Generales en la Universidad de Granada"},"content":{"rendered":"<p><img loading=\"lazy\" decoding=\"async\" width=\"1024\" height=\"715\" src=\"https:\/\/www.europesays.com\/es\/wp-content\/uploads\/2025\/10\/sin-titulo-1-2-1024x715.jpg\" alt=\"\" class=\"wp-image-24972\"  \/><\/p>\n<p><strong>Granada, 29 de octubre de 2025.<\/strong> La Universidad de Granada es la sede de las Jornadas de Crue\u2013Secretar\u00edas Generales, que se est\u00e1n celebrando del 29 al 31 de octubre y reuniendo a secretarios y secretarias generales de universidades de toda Espa\u00f1a para analizar los principales retos de la gesti\u00f3n universitaria y la regulaci\u00f3n de los \u00e1mbitos de conocimiento.<\/p>\n<p><img loading=\"lazy\" decoding=\"async\" width=\"1024\" height=\"768\" src=\"https:\/\/www.europesays.com\/es\/wp-content\/uploads\/2025\/10\/image-1024x768.png\" alt=\"\" class=\"wp-image-24970\"  \/><\/p>\n<p>El acto inaugural ha tenido lugar el jueves 30 de octubre en la Escuela T\u00e9cnica Superior de Arquitectura y cont\u00f3 con la participaci\u00f3n de Pedro Mercado Pacheco, rector de la Universidad de Granada, y Antonio L\u00f3pez, presidente de Crue\u2013Secretar\u00edas Generales y rector de la Universidad de Santiago de Compostela.<\/p>\n","protected":false},"excerpt":{"rendered":"Granada, 29 de octubre de 2025. La Universidad de Granada es la sede de las Jornadas de Crue\u2013Secretar\u00edas&hellip;\n","protected":false},"author":2,"featured_media":209276,"comment_status":"","ping_status":"","sticky":false,"template":"","format":"standard","meta":{"footnotes":""},"categories":[5],"tags":[17,18,8147,25,24,13,14,11,19,20,9,10,15,16,23,12,21,22,2845],"class_list":{"0":"post-209275","1":"post","2":"type-post","3":"status-publish","4":"format-standard","5":"has-post-thumbnail","7":"category-titulares","8":"tag-breaking-news","9":"tag-breakingnews","10":"tag-crue","11":"tag-es","12":"tag-espana","13":"tag-featured-news","14":"tag-featurednews","15":"tag-headlines","16":"tag-latest-news","17":"tag-latestnews","18":"tag-news","19":"tag-noticias","20":"tag-noticias-destacadas","21":"tag-noticiasdestacadas","22":"tag-spain","23":"tag-titulares","24":"tag-ultimas-noticias","25":"tag-ultimasnoticias","26":"tag-universidad"},"share_on_mastodon":{"url":"https:\/\/pubeurope.com\/@es\/115464225846406440","error":""},"_links":{"self":[{"href":"https:\/\/www.europesays.com\/es\/wp-json\/wp\/v2\/posts\/209275","targetHints":{"allow":["GET"]}}],"collection":[{"href":"https:\/\/www.europesays.com\/es\/wp-json\/wp\/v2\/posts"}],"about":[{"href":"https:\/\/www.europesays.com\/es\/wp-json\/wp\/v2\/types\/post"}],"author":[{"embeddable":true,"href":"https:\/\/www.europesays.com\/es\/wp-json\/wp\/v2\/users\/2"}],"replies":[{"embeddable":true,"href":"https:\/\/www.europesays.com\/es\/wp-json\/wp\/v2\/comments?post=209275"}],"version-history":[{"count":0,"href":"https:\/\/www.europesays.com\/es\/wp-json\/wp\/v2\/posts\/209275\/revisions"}],"wp:featuredmedia":[{"embeddable":true,"href":"https:\/\/www.europesays.com\/es\/wp-json\/wp\/v2\/media\/209276"}],"wp:attachment":[{"href":"https:\/\/www.europesays.com\/es\/wp-json\/wp\/v2\/media?parent=209275"}],"wp:term":[{"taxonomy":"category","embeddable":true,"href":"https:\/\/www.europesays.com\/es\/wp-json\/wp\/v2\/categories?post=209275"},{"taxonomy":"post_tag","embeddable":true,"href":"https:\/\/www.europesays.com\/es\/wp-json\/wp\/v2\/tags?post=209275"}],"curies":[{"name":"wp","href":"https:\/\/api.w.org\/{rel}","templated":true}]}}