{"id":209295,"date":"2025-10-30T17:27:11","date_gmt":"2025-10-30T17:27:11","guid":{"rendered":"https:\/\/www.europesays.com\/es\/209295\/"},"modified":"2025-10-30T17:27:11","modified_gmt":"2025-10-30T17:27:11","slug":"el-traje-gris-de-tres-piezas-de-mango-de-170-euros-con-el-que-la-reina-letizia-acude-al-trabajo-una-y-otra-vez","status":"publish","type":"post","link":"https:\/\/www.europesays.com\/es\/209295\/","title":{"rendered":"El traje gris de tres piezas de Mango, de 170 euros, con el que la reina Letizia acude al trabajo una y otra vez"},"content":{"rendered":"<p data-journey-content=\"true\" data-node-id=\"0\" class=\"body-dropcap css-1vn2egp emevuu60\">Tras asistir al homenaje en memoria las v\u00edctimas de la DANA en el primer aniversario de la tragedia celebrado ayer en Valencia, <strong data-node-id=\"0.1\">los reyes de Espa\u00f1a<\/strong> han retomado su agenda en el Palacio de la Zarzuela para presidir la reuni\u00f3n de la Comisi\u00f3n Delegada de la Fundaci\u00f3n Princesa de Girona. Una cita donde <strong data-node-id=\"0.3\"><a href=\"https:\/\/www.harpersbazaar.com\/es\/famosas\/el-estilo-de\/a41224021\/reina-letizia-cumpleanos-cambio-estilo-moda-espanola\/\" target=\"_blank\" data-vars-ga-outbound-link=\"https:\/\/www.harpersbazaar.com\/es\/famosas\/el-estilo-de\/a41224021\/reina-letizia-cumpleanos-cambio-estilo-moda-espanola\/\" data-vars-ga-ux-element=\"Hyperlink\" data-vars-ga-call-to-action=\"do\u00f1a Letizia\" data-node-id=\"0.3.0\" class=\"body-link css-156jt4g emevuu60\" rel=\"nofollow noopener\">do\u00f1a Letizia<\/a><\/strong> ha vuelto a recurrir a su<a href=\"https:\/\/www.harpersbazaar.com\/es\/famosas\/el-estilo-de\/a68874516\/reina-letizia-vestido-plisado-giorgio-armani-bruselas-encuentro-matilde-belgica\/\" target=\"_blank\" data-vars-ga-outbound-link=\"https:\/\/www.harpersbazaar.com\/es\/famosas\/el-estilo-de\/a68874516\/reina-letizia-vestido-plisado-giorgio-armani-bruselas-encuentro-matilde-belgica\/\" data-vars-ga-ux-element=\"Hyperlink\" data-vars-ga-call-to-action=\" fondo de armario\" data-node-id=\"0.5\" class=\"body-link css-156jt4g emevuu60\" rel=\"nofollow noopener\"> fondo de armario<\/a>, demostrando as\u00ed su compromiso con la sostenibilidad y su habilidad para sacar partido a los b\u00e1sicos, renovarlos y adaptarlos a estilos diferentes. <\/p>\n<p data-journey-content=\"true\" data-node-id=\"1\" class=\"css-6wxqfj emevuu60\">Por cuarta vez en este \u00faltimo a\u00f1o, la reina de Espa\u00f1a ha elegido este <strong data-node-id=\"1.1\"><a href=\"https:\/\/www.harpersbazaar.com\/es\/famosas\/el-estilo-de\/a63852656\/reina-letizia-traje-gris-chaleco-mango-barato-fondo-armario-look-oficina\/\" target=\"_blank\" data-vars-ga-outbound-link=\"https:\/\/www.harpersbazaar.com\/es\/famosas\/el-estilo-de\/a63852656\/reina-letizia-traje-gris-chaleco-mango-barato-fondo-armario-look-oficina\/\" data-vars-ga-ux-element=\"Hyperlink\" data-vars-ga-call-to-action=\"traje sastre\" data-node-id=\"1.1.0\" class=\"body-link css-156jt4g emevuu60\" rel=\"nofollow noopener\">traje sastre<\/a> en tejido jaspeado<\/strong> en color gris marengo formado por una americana entallada con hombreras y fit cl\u00e1sico, chaleco abotonado y pantal\u00f3n largo de corte recto y tiro bajo a juego. Un<strong data-node-id=\"1.5\"> look working girl <\/strong>sobrio y elegante que pertenece a <strong data-node-id=\"1.7\">Mango,<\/strong> una de<a href=\"https:\/\/www.harpersbazaar.com\/es\/famosas\/el-estilo-de\/a64977687\/nuevo-traje-reina-letizia-mango-oversize-lino-color-inesperado\/\" target=\"_blank\" data-vars-ga-outbound-link=\"https:\/\/www.harpersbazaar.com\/es\/famosas\/el-estilo-de\/a64977687\/nuevo-traje-reina-letizia-mango-oversize-lino-color-inesperado\/\" data-vars-ga-ux-element=\"Hyperlink\" data-vars-ga-call-to-action=\" las firmas espa\u00f1ola\" data-node-id=\"1.9\" class=\"body-link css-156jt4g emevuu60\" rel=\"nofollow noopener\"> las firmas espa\u00f1ola<\/a>s m\u00e1s destacadas de su vestidor, que puede ser una perfecta inspiraci\u00f3n para quienes buscan opciones cl\u00e1sicas en el d\u00eda a d\u00eda. Bajo este tres piezas, do\u00f1a Letizia ha incluido un sencillo top en color negro que se dibuja sutilmente sobre su escote. <\/p>\n<p data-journey-content=\"true\" data-node-id=\"3\" class=\"css-6wxqfj emevuu60\">La reina Letizia lo estren\u00f3 en noviembre de 2024 y desde entonces no ha dudado en apoyarse en este <a href=\"https:\/\/www.harpersbazaar.com\/es\/famosas\/el-estilo-de\/a63852656\/reina-letizia-traje-gris-chaleco-mango-barato-fondo-armario-look-oficina\/\" target=\"_blank\" data-vars-ga-outbound-link=\"https:\/\/www.harpersbazaar.com\/es\/famosas\/el-estilo-de\/a63852656\/reina-letizia-traje-gris-chaleco-mango-barato-fondo-armario-look-oficina\/\" data-vars-ga-ux-element=\"Hyperlink\" data-vars-ga-call-to-action=\"traje de chaqueta\" data-node-id=\"3.1\" class=\"body-link css-156jt4g emevuu60\" rel=\"nofollow noopener\">traje de chaqueta<\/a> para diferentes reuniones o audiencias celebradas en los meses m\u00e1s fr\u00edos del a\u00f1o.<\/p>\n<p data-journey-content=\"true\" data-node-id=\"5\" class=\"css-6wxqfj emevuu60\">En los \u00faltimos a\u00f1os,<a href=\"https:\/\/www.harpersbazaar.com\/es\/famosas\/el-estilo-de\/a69061130\/reina-letizia-traje-rojo-carolina-herrera-viaje-italia-papa\/\" target=\"_blank\" data-vars-ga-outbound-link=\"https:\/\/www.harpersbazaar.com\/es\/famosas\/el-estilo-de\/a69061130\/reina-letizia-traje-rojo-carolina-herrera-viaje-italia-papa\/\" data-vars-ga-ux-element=\"Hyperlink\" data-vars-ga-call-to-action=\" los trajes sastre\" data-node-id=\"5.1\" class=\"body-link css-156jt4g emevuu60\" rel=\"nofollow noopener\"> los trajes sastre<\/a> se han convertido en la<strong data-node-id=\"5.3\"> f\u00f3rmula de estilo m\u00e1s recurrente<\/strong> de la monarca espa\u00f1ola en el sinf\u00edn de citas formales que marcan su apretada agenda real. En su vestidor destacan modelos cl\u00e1sicos en tonos negro, azul marino, gris o blanco, pero tambi\u00e9n en propuestas m\u00e1s vibrantes como <a href=\"https:\/\/www.harpersbazaar.com\/es\/famosas\/el-estilo-de\/a69061130\/reina-letizia-traje-rojo-carolina-herrera-viaje-italia-papa\/\" target=\"_blank\" data-vars-ga-outbound-link=\"https:\/\/www.harpersbazaar.com\/es\/famosas\/el-estilo-de\/a69061130\/reina-letizia-traje-rojo-carolina-herrera-viaje-italia-papa\/\" data-vars-ga-ux-element=\"Hyperlink\" data-vars-ga-call-to-action=\"rojo\" data-node-id=\"5.5\" class=\"body-link css-156jt4g emevuu60\" rel=\"nofollow noopener\">rojo<\/a>, verde e incluso rosa y morado que no teme a elegir en ocasiones menos protocolarias. Una variedad que tambi\u00e9n se traslada en tejidos, con opciones en terciopelo y tweed. Una pasi\u00f3n por<strong data-node-id=\"5.9\"> la elegancia, versatilidad y funcionalidad de la sastrer\u00eda <\/strong>que comparte con otras royals como Maximad e Holanda o Mary de Dinamarca.<\/p>\n<p>El traje de Mango de do\u00f1a Letizia<\/p>\n<p data-journey-content=\"true\" data-node-id=\"7\" class=\"css-6wxqfj emevuu60\">Aunque el traje elegido por la reina espa\u00f1ola pertenece a una colecci\u00f3n anterior y resulta imposible adquirirlo, Mango cuenta con una versi\u00f3n renovada en su cat\u00e1logo para la <strong data-node-id=\"7.1\">temporada oto\u00f1o\/invierno 2025-26.<\/strong> Un tres piezas que mantiene el tejido jaspeado, el color gris y las tres piezas, americana, chaleco y pantal\u00f3n a juego.<\/p>\n<p>Mango Blazer traje lana jaspeada<\/p>\n<p><a target=\"_blank\" rel=\"nofollow noopener\" data-theme-key=\"product-image-wrapper\" href=\"https:\/\/go.redirectingat.com?id=86370X1578050&amp;url=https%3A%2F%2Fshop.mango.com%2Fes%2Fes%2Fp%2Fmujer%2Fblazers%2Ftallas-plus%2Fblazer-traje-lana-jaspeada_17057912%3Fc%3D92%26talla%3D21%26utm_source%3Dgoogle%26utm_medium%3Dcpc%26utm_campaign%3DPMAX%2B-%2B1WOMAN%2B-%2BBEST%2BSELLERS%2B-%2BES%26utm_campaignid%3D20419431109%26utm_content%3D%26gclsrc%3Daw.ds%26gad_source%3D1%26gad_campaignid%3D19973633704%26gbraid%3D0AAAAADpcxJgWPt-ahkj2qkpNZhoDK6YA6%26gclid%3DCj0KCQjwmYzIBhC6ARIsAHA3IkRGmuXMfdlDBft5wvbi4g0vwI9be9XHBBELT01jNlgGm_upRqO-tbYaAoGIEALw_wcB\" aria-label=\"80\u00a0\u20ac en Mango for Blazer traje lana jaspeada\" data-href=\"https:\/\/shop.mango.com\/es\/es\/p\/mujer\/blazers\/tallas-plus\/blazer-traje-lana-jaspeada_17057912?c=92&amp;talla=21&amp;utm_source=google&amp;utm_medium=cpc&amp;utm_campaign=PMAX+-+1WOMAN+-+BEST+SELLERS+-+ES&amp;utm_campaignid=20419431109&amp;utm_content=&amp;gclsrc=aw.ds&amp;gad_source=1&amp;gad_campaignid=19973633704&amp;gbraid=0AAAAADpcxJgWPt-ahkj2qkpNZhoDK6YA6&amp;gclid=Cj0KCQjwmYzIBhC6ARIsAHA3IkRGmuXMfdlDBft5wvbi4g0vwI9be9XHBBELT01jNlgGm_upRqO-tbYaAoGIEALw_wcB\" data-product-url=\"https:\/\/shop.mango.com\/es\/es\/p\/mujer\/blazers\/tallas-plus\/blazer-traje-lana-jaspeada_17057912?c=92&amp;talla=21&amp;utm_source=google&amp;utm_medium=cpc&amp;utm_campaign=PMAX+-+1WOMAN+-+BEST+SELLERS+-+ES&amp;utm_campaignid=20419431109&amp;utm_content=&amp;gclsrc=aw.ds&amp;gad_source=1&amp;gad_campaignid=19973633704&amp;gbraid=0AAAAADpcxJgWPt-ahkj2qkpNZhoDK6YA6&amp;gclid=Cj0KCQjwmYzIBhC6ARIsAHA3IkRGmuXMfdlDBft5wvbi4g0vwI9be9XHBBELT01jNlgGm_upRqO-tbYaAoGIEALw_wcB\" data-affiliate=\"true\" data-affiliate-url=\"https:\/\/go.redirectingat.com?id=86370X1578050&amp;url=https%3A%2F%2Fshop.mango.com%2Fes%2Fes%2Fp%2Fmujer%2Fblazers%2Ftallas-plus%2Fblazer-traje-lana-jaspeada_17057912%3Fc%3D92%26talla%3D21%26utm_source%3Dgoogle%26utm_medium%3Dcpc%26utm_campaign%3DPMAX%2B-%2B1WOMAN%2B-%2BBEST%2BSELLERS%2B-%2BES%26utm_campaignid%3D20419431109%26utm_content%3D%26gclsrc%3Daw.ds%26gad_source%3D1%26gad_campaignid%3D19973633704%26gbraid%3D0AAAAADpcxJgWPt-ahkj2qkpNZhoDK6YA6%26gclid%3DCj0KCQjwmYzIBhC6ARIsAHA3IkRGmuXMfdlDBft5wvbi4g0vwI9be9XHBBELT01jNlgGm_upRqO-tbYaAoGIEALw_wcB\" data-affiliate-network=\"{&quot;site_id&quot;:&quot;e8a478fc-b4ae-4cf4-a737-8475b33e3b34&quot;,&quot;network&quot;:{&quot;name&quot;:&quot;Skimlinks&quot;},&quot;afflink_redirect&quot;:&quot;\/_p\/afflink\/zBJP\/mango-blazer-traje-lana-jaspeada&quot;}\" data-vars-ga-call-to-action=\"80\u00a0\u20ac en Mango\" data-vars-ga-media-role=\"\" data-vars-ga-media-type=\"Single Product Embed\" data-vars-ga-outbound-link=\"https:\/\/shop.mango.com\/es\/es\/p\/mujer\/blazers\/tallas-plus\/blazer-traje-lana-jaspeada_17057912?c=92&amp;talla=21&amp;utm_source=google&amp;utm_medium=cpc&amp;utm_campaign=PMAX+-+1WOMAN+-+BEST+SELLERS+-+ES&amp;utm_campaignid=20419431109&amp;utm_content=&amp;gclsrc=aw.ds&amp;gad_source=1&amp;gad_campaignid=19973633704&amp;gbraid=0AAAAADpcxJgWPt-ahkj2qkpNZhoDK6YA6&amp;gclid=Cj0KCQjwmYzIBhC6ARIsAHA3IkRGmuXMfdlDBft5wvbi4g0vwI9be9XHBBELT01jNlgGm_upRqO-tbYaAoGIEALw_wcB\" data-vars-ga-product-brand=\"Mango\" data-vars-ga-product-id=\"430f7b6b-06c6-44a5-84e6-0f1b0ff9e55c\" data-vars-ga-product-price=\"79,99\u00a0\u20ac\" data-vars-ga-product-retailer-id=\"53b9c8c0-cda4-43ec-a2f0-a391e04d1cad\" data-vars-ga-product-sem3-brand=\"Mango\" data-vars-ga-link-treatment=\"(not set) | (not set)\" class=\"product-image-link ebgq4gw2 e1b8bpvs0 css-g6od0w e1c1bym14\"><img  alt=\"Blazer traje lana jaspeada\" title=\"Blazer traje lana jaspeada\" src=\"https:\/\/www.europesays.com\/es\/wp-content\/uploads\/2025\/10\/1761841594-17057912-92-b-690391a26202b.jpg\" width=\"1500\" height=\"2098\" decoding=\"async\" loading=\"lazy\"\/><\/a><\/p>\n<p>Mango Chaleco lana jaspeado<\/p>\n<p><a target=\"_blank\" rel=\"nofollow noopener\" data-theme-key=\"product-image-wrapper\" href=\"https:\/\/go.redirectingat.com?id=86370X1578050&amp;url=https%3A%2F%2Fshop.mango.com%2Fes%2Fes%2Fp%2Fmujer%2Fchalecos%2Fde-traje%2Fchaleco-lana-jaspeado_17027913\" aria-label=\"40\u00a0\u20ac en Mango for Chaleco lana jaspeado\" data-href=\"https:\/\/shop.mango.com\/es\/es\/p\/mujer\/chalecos\/de-traje\/chaleco-lana-jaspeado_17027913\" data-product-url=\"https:\/\/shop.mango.com\/es\/es\/p\/mujer\/chalecos\/de-traje\/chaleco-lana-jaspeado_17027913\" data-affiliate=\"true\" data-affiliate-url=\"https:\/\/go.redirectingat.com?id=86370X1578050&amp;url=https%3A%2F%2Fshop.mango.com%2Fes%2Fes%2Fp%2Fmujer%2Fchalecos%2Fde-traje%2Fchaleco-lana-jaspeado_17027913\" data-affiliate-network=\"{&quot;site_id&quot;:&quot;e8a478fc-b4ae-4cf4-a737-8475b33e3b34&quot;,&quot;network&quot;:{&quot;name&quot;:&quot;Skimlinks&quot;},&quot;afflink_redirect&quot;:&quot;\/_p\/afflink\/zBJz\/mango-chaleco-lana-jaspeado&quot;}\" data-vars-ga-call-to-action=\"40\u00a0\u20ac en Mango\" data-vars-ga-media-role=\"\" data-vars-ga-media-type=\"Single Product Embed\" data-vars-ga-outbound-link=\"https:\/\/shop.mango.com\/es\/es\/p\/mujer\/chalecos\/de-traje\/chaleco-lana-jaspeado_17027913\" data-vars-ga-product-brand=\"Mango\" data-vars-ga-product-id=\"a20e3ed2-b087-452f-9695-b4d7c1807505\" data-vars-ga-product-price=\"39,99\u00a0\u20ac\" data-vars-ga-product-retailer-id=\"3dc9a181-2ea0-47cc-b86d-da9601243fb0\" data-vars-ga-product-sem3-brand=\"Mango\" data-vars-ga-link-treatment=\"(not set) | (not set)\" class=\"product-image-link ebgq4gw2 e1b8bpvs0 css-g6od0w e1c1bym14\"><img  alt=\"Chaleco lana jaspeado\" title=\"Chaleco lana jaspeado\" src=\"https:\/\/www.europesays.com\/es\/wp-content\/uploads\/2025\/10\/1761841655-17027913-92-b-690391cf12bda.jpg\" width=\"1500\" height=\"2098\" decoding=\"async\" loading=\"lazy\"\/><\/a><\/p>\n<p>Mango Pantal\u00f3n lana jaspeado<\/p>\n<p><a target=\"_blank\" rel=\"nofollow noopener\" data-theme-key=\"product-image-wrapper\" href=\"https:\/\/shop.mango.com\/es\/es\/p\/mujer\/pantalones\/pantalon-de-vestir\/pantalon-lana-jaspeado_17017914?c=92&amp;talla=38&amp;utm_source=google&amp;utm_medium=cpc&amp;utm_campaign=PMAX+-+1WOMAN+-+BEST+SELLERS+-+ES&amp;utm_campaignid=20419431109&amp;utm_content=&amp;gclsrc=aw.ds&amp;gad_source=1&amp;gad_campaignid=19973633704&amp;gbraid=0AAAAADpcxJgWPt-ahkj2qkpNZhoDK6YA6&amp;gclid=Cj0KCQjwmYzIBhC6ARIsAHA3IkRjYm4Tr5CuusBn_V-TuVHvvR6nWNOuwXBrpTSvmrOqRDufHbDZITUaAvdUEALw_wcB\" aria-label=\"50\u00a0\u20ac en Mango for Pantal\u00f3n lana jaspeado\" data-href=\"https:\/\/shop.mango.com\/es\/es\/p\/mujer\/pantalones\/pantalon-de-vestir\/pantalon-lana-jaspeado_17017914?c=92&amp;talla=38&amp;utm_source=google&amp;utm_medium=cpc&amp;utm_campaign=PMAX+-+1WOMAN+-+BEST+SELLERS+-+ES&amp;utm_campaignid=20419431109&amp;utm_content=&amp;gclsrc=aw.ds&amp;gad_source=1&amp;gad_campaignid=19973633704&amp;gbraid=0AAAAADpcxJgWPt-ahkj2qkpNZhoDK6YA6&amp;gclid=Cj0KCQjwmYzIBhC6ARIsAHA3IkRjYm4Tr5CuusBn_V-TuVHvvR6nWNOuwXBrpTSvmrOqRDufHbDZITUaAvdUEALw_wcB\" data-product-url=\"https:\/\/shop.mango.com\/es\/es\/p\/mujer\/pantalones\/pantalon-de-vestir\/pantalon-lana-jaspeado_17017914?c=92&amp;talla=38&amp;utm_source=google&amp;utm_medium=cpc&amp;utm_campaign=PMAX+-+1WOMAN+-+BEST+SELLERS+-+ES&amp;utm_campaignid=20419431109&amp;utm_content=&amp;gclsrc=aw.ds&amp;gad_source=1&amp;gad_campaignid=19973633704&amp;gbraid=0AAAAADpcxJgWPt-ahkj2qkpNZhoDK6YA6&amp;gclid=Cj0KCQjwmYzIBhC6ARIsAHA3IkRjYm4Tr5CuusBn_V-TuVHvvR6nWNOuwXBrpTSvmrOqRDufHbDZITUaAvdUEALw_wcB\" data-affiliate=\"false\" data-affiliate-network=\"\" data-vars-ga-call-to-action=\"50\u00a0\u20ac en Mango\" data-vars-ga-media-role=\"\" data-vars-ga-media-type=\"Single Product Embed\" data-vars-ga-outbound-link=\"https:\/\/shop.mango.com\/es\/es\/p\/mujer\/pantalones\/pantalon-de-vestir\/pantalon-lana-jaspeado_17017914?c=92&amp;talla=38&amp;utm_source=google&amp;utm_medium=cpc&amp;utm_campaign=PMAX+-+1WOMAN+-+BEST+SELLERS+-+ES&amp;utm_campaignid=20419431109&amp;utm_content=&amp;gclsrc=aw.ds&amp;gad_source=1&amp;gad_campaignid=19973633704&amp;gbraid=0AAAAADpcxJgWPt-ahkj2qkpNZhoDK6YA6&amp;gclid=Cj0KCQjwmYzIBhC6ARIsAHA3IkRjYm4Tr5CuusBn_V-TuVHvvR6nWNOuwXBrpTSvmrOqRDufHbDZITUaAvdUEALw_wcB\" data-vars-ga-product-brand=\"Mango\" data-vars-ga-product-id=\"4d0167cb-5dbf-41ee-80d7-5a71e3c6b42e\" data-vars-ga-product-price=\"49,99\u00a0\u20ac\" data-vars-ga-product-retailer-id=\"16b81c4c-0dcc-436c-a376-5858e2213e70\" data-vars-ga-product-sem3-brand=\"Mango\" data-vars-ga-link-treatment=\"(not set) | (not set)\" class=\"product-image-link ebgq4gw2 e1b8bpvs0 css-g6od0w e1c1bym14\" data-><img  alt=\"Pantal\u00f3n lana jaspeado\" title=\"Pantal\u00f3n lana jaspeado\" src=\"https:\/\/www.europesays.com\/es\/wp-content\/uploads\/2025\/10\/1761841723-17017914-92-b-690392207d1ff.jpg\" width=\"1500\" height=\"2098\" decoding=\"async\" loading=\"lazy\"\/><\/a><\/p>\n","protected":false},"excerpt":{"rendered":"Tras asistir al homenaje en memoria las v\u00edctimas de la DANA en el primer aniversario de la tragedia&hellip;\n","protected":false},"author":2,"featured_media":209296,"comment_status":"","ping_status":"","sticky":false,"template":"","format":"standard","meta":{"footnotes":""},"categories":[91],"tags":[1655,253,146,147,25,24,23],"class_list":{"0":"post-209295","1":"post","2":"type-post","3":"status-publish","4":"format-standard","5":"has-post-thumbnail","7":"category-entretenimiento","8":"tag-afiliacion","9":"tag-discover","10":"tag-entertainment","11":"tag-entretenimiento","12":"tag-es","13":"tag-espana","14":"tag-spain"},"share_on_mastodon":{"url":"https:\/\/pubeurope.com\/@es\/115464296913919087","error":""},"_links":{"self":[{"href":"https:\/\/www.europesays.com\/es\/wp-json\/wp\/v2\/posts\/209295","targetHints":{"allow":["GET"]}}],"collection":[{"href":"https:\/\/www.europesays.com\/es\/wp-json\/wp\/v2\/posts"}],"about":[{"href":"https:\/\/www.europesays.com\/es\/wp-json\/wp\/v2\/types\/post"}],"author":[{"embeddable":true,"href":"https:\/\/www.europesays.com\/es\/wp-json\/wp\/v2\/users\/2"}],"replies":[{"embeddable":true,"href":"https:\/\/www.europesays.com\/es\/wp-json\/wp\/v2\/comments?post=209295"}],"version-history":[{"count":0,"href":"https:\/\/www.europesays.com\/es\/wp-json\/wp\/v2\/posts\/209295\/revisions"}],"wp:featuredmedia":[{"embeddable":true,"href":"https:\/\/www.europesays.com\/es\/wp-json\/wp\/v2\/media\/209296"}],"wp:attachment":[{"href":"https:\/\/www.europesays.com\/es\/wp-json\/wp\/v2\/media?parent=209295"}],"wp:term":[{"taxonomy":"category","embeddable":true,"href":"https:\/\/www.europesays.com\/es\/wp-json\/wp\/v2\/categories?post=209295"},{"taxonomy":"post_tag","embeddable":true,"href":"https:\/\/www.europesays.com\/es\/wp-json\/wp\/v2\/tags?post=209295"}],"curies":[{"name":"wp","href":"https:\/\/api.w.org\/{rel}","templated":true}]}}