{"id":209314,"date":"2025-10-30T17:43:09","date_gmt":"2025-10-30T17:43:09","guid":{"rendered":"https:\/\/www.europesays.com\/es\/209314\/"},"modified":"2025-10-30T17:43:09","modified_gmt":"2025-10-30T17:43:09","slug":"el-museo-carmen-thyssen-de-barcelona-abrira-en-2028-noticias-de-cataluna","status":"publish","type":"post","link":"https:\/\/www.europesays.com\/es\/209314\/","title":{"rendered":"El museo Carmen Thyssen de Barcelona abrir\u00e1 en 2028 | Noticias de Catalu\u00f1a"},"content":{"rendered":"<p class=\"\">El Museo <a href=\"https:\/\/elpais.com\/noticias\/coleccion-carmen-thyssen\/\" target=\"_self\" rel=\"nofollow noopener\" title=\"https:\/\/elpais.com\/noticias\/coleccion-carmen-thyssen\/\">Carmen Thyssen<\/a> Barcelona ya vislumbra su fecha de apertura: segundo semestre de 2028. La noticia la ha avanzado el responsable de cultura del grupo inversor Stoneweg, <a href=\"https:\/\/elpais.com\/espana\/catalunya\/2024-12-19\/juan-manuel-sevillano-el-thyssen-ayudara-a-aumentar-el-numero-de-visitantes-del-resto-de-museos-de-barcelona.html\" rel=\"nofollow noopener\" target=\"_blank\">Juan Manuel Sevillano<\/a>, en un acto de la asociaci\u00f3n privada Barcelona Global oficiado en La Pedrera este jueves.<\/p>\n<p>M\u00e1s informaci\u00f3n<\/p>\n<p class=\"\">\u201cBarcelona necesita recuperar aquel esp\u00edritu que la convirti\u00f3 en la Barcelona de los prodigios. El Museo Carmen Thyssen Barcelona lo explicar\u00e1 a trav\u00e9s de los artistas de aquella \u00e9poca gloriosa para el arte en Catalu\u00f1a\u201d, ha dicho el m\u00e1ximo responsable de orquestar y llevar a buen puerto el sue\u00f1o de Carmen Thyssen de tener un museo en Barcelona. La fecha ha sido desvelada en un acto de car\u00e1cter corporativo ante 200 representantes del mundo empresarial, cultural e institucional de Barcelona, seg\u00fan ha compartido Barcelona Global en un comunicado. Los principales socios de asociaci\u00f3n van desde el entorno financiero (Banco Sabadell, CaixaBank), a la consultor\u00eda (Accenture, Cuatrecasas Advocats), la construcci\u00f3n e inmobiliaria (Comsa Corporaci\u00f3n, L35 Arquitectes, Pich Arquitectes, Aguirre Newman), las tecnol\u00f3gicas y las farmac\u00e9uticas (AstraZeneca, Bayer, Microsoft o Amazon) o la alimentaci\u00f3n y bebidas (Agrolimen, Freixenet, Danone, con representantes individuales), as\u00ed como grupos medi\u00e1ticos (God\u00f3, Mediapro).<\/p>\n<p class=\"\">El plan de los promotores del nuevo enclave cultural en el coraz\u00f3n comercial de Barcelona sigue su curso. Si en su gran presentaci\u00f3n ante Barcelona y los medios en el Sal\u00f3 de Cent del Ayuntamiento en diciembre de 2024 se aventur\u00f3 que el museo <a href=\"https:\/\/elpais.com\/cultura\/2024-12-12\/barcelona-pone-fecha-a-la-apertura-del-museo-thyssen-no-sera-antes-de-2027.html\" target=\"_self\" rel=\"nofollow noopener\" title=\"https:\/\/elpais.com\/cultura\/2024-12-12\/barcelona-pone-fecha-a-la-apertura-del-museo-thyssen-no-sera-antes-de-2027.html\">\u201cno llegar\u00eda antes de 2027\u2033<\/a>, los responsables del proyecto del Museo Carmen Thyssen que se ubicar\u00e1 en el edificio del Palau Marcet, conocido como antiguo Cine Comedia, ya han logrado que <a href=\"https:\/\/elpais.com\/espana\/catalunya\/2025-07-15\/primer-paso-en-la-ampliacion-del-cine-comedia-para-alojar-el-museo-carmen-thyssen-de-barcelona.html\" target=\"_self\" rel=\"nofollow noopener\" title=\"https:\/\/elpais.com\/espana\/catalunya\/2025-07-15\/primer-paso-en-la-ampliacion-del-cine-comedia-para-alojar-el-museo-carmen-thyssen-de-barcelona.html\">el Ayuntamiento de Barcelona valide un aumento del 45% del suelo edificable<\/a>, que se aproximar\u00e1 a los 10.000 metros cuadrados (9.755 m\u00b2). Ese aumento de planta no solo beneficiar\u00e1 al espacio de exposici\u00f3n con el que contar\u00e1 el centro, sino que tambi\u00e9n ampl\u00eda proporcionalmente la superficie que se podr\u00e1 destinar a actividades complementarias a la propia del centro de exposici\u00f3n, entre ellas tiendas y un restaurante.<\/p>\n<p><img decoding=\"auto\" class=\"_re lazyload a_m-h\" height=\"279\"  width=\"414\"  src=\"https:\/\/www.europesays.com\/es\/wp-content\/uploads\/2025\/10\/EEQAE2654ZB7VGNYGZMFG2N3GE.jpg\" loading=\"lazy\"\/>As\u00ed es el aspecto que tendr\u00e1 el futuro Museo Thyssen de aprobarse la modificaci\u00f3n del MPGM.Ajuntament de Barcelona<\/p>\n<p class=\"\">Este verano, el Ayuntamiento <a href=\"https:\/\/elpais.com\/espana\/catalunya\/2025-07-28\/el-ayuntamiento-de-barcelona-tumba-el-plan-de-incluir-una-tienda-textil-en-el-proyecto-del-museo-thyssen.html\" target=\"_self\" rel=\"nofollow noopener\" title=\"https:\/\/elpais.com\/espana\/catalunya\/2025-07-28\/el-ayuntamiento-de-barcelona-tumba-el-plan-de-incluir-una-tienda-textil-en-el-proyecto-del-museo-thyssen.html\">tumb\u00f3 el plan de incluir una tienda textil en el proyecto<\/a>. En la presentaci\u00f3n de este jueves ante los empresarios catalanes se ha especificado que el recinto contar\u00e1 con dos plantas inferiores dedicadas al arte catal\u00e1n de los siglos XIX y XX y que los espacios superiores ser\u00e1n para exposiciones temporales y un auditorio. La colecci\u00f3n permanente incluir\u00e1 obras de Ramon Casas, Eliseu Meifr\u00e8n o Santiago Rusi\u00f1ol, entre otros, y una selecci\u00f3n in\u00e9dita de la Colecci\u00f3n Carmen Thyssen.<\/p>\n<p class=\"\">El plan de obras para alojar el futuro Museo Carmen Thyssen pasa ahora por una fase de alegaciones a la propuesta. El proyecto, que no est\u00e1 aprobado del todo, plantea la modificaci\u00f3n del Plan General Metropolitano (MPGM) y la modificaci\u00f3n del elemento 154 del Plan de Patrimonio Arquitect\u00f3nico de la ciudad de Barcelona. Donde debe aprobarse el proyecto de reforma es en el plenario del Ayuntamiento, tras un per\u00edodo abierto de consulta, que deber\u00eda cerrarse antes de que acabe el oto\u00f1o.<\/p>\n<p class=\"\">Los futuros usos comerciales y la transformaci\u00f3n del Palau Marcet para poder alojarlos han sido, precisamente, los reparos que han manifestado ERC y Barcelona en Com\u00fa, los dos \u00fanicos partidos que votaron en contra del primer tr\u00e1mite urban\u00edstico de la reforma del edificio, que corre a cargo de los estudios arquitect\u00f3nicos OUA Gamma y Casper Mueller. El proyecto tuvo luz verde gracias al \u201cs\u00ed\u201d de PSC, Junts, PP y Vox en la comisi\u00f3n de Urbanismo del Ayuntamiento del pasado 15 de julio, donde se dio el primer paso para poner en marcha el plan de reforma. Al presentar el proyecto en la comisi\u00f3n de Urbanismo, la teniente de alcalde Laia Bonet lo justific\u00f3 asegurando que \u201cdinamizar\u00e1 un eje significativo de la ciudad\u201d.<\/p>\n","protected":false},"excerpt":{"rendered":"El Museo Carmen Thyssen Barcelona ya vislumbra su fecha de apertura: segundo semestre de 2028. La noticia la&hellip;\n","protected":false},"author":2,"featured_media":209315,"comment_status":"","ping_status":"","sticky":false,"template":"","format":"standard","meta":{"footnotes":""},"categories":[173],"tags":[229,233,231,230,210,56789,1980,209,232,234,146,147,25,24,28335,3873,23],"class_list":{"0":"post-209314","1":"post","2":"type-post","3":"status-publish","4":"format-standard","5":"has-post-thumbnail","7":"category-arte-y-diseno","8":"tag-arte","9":"tag-arte-y-diseno","10":"tag-arts","11":"tag-arts-and-design","12":"tag-barcelona","13":"tag-carmen-cervera","14":"tag-cataluna","15":"tag-cultura","16":"tag-design","17":"tag-diseno","18":"tag-entertainment","19":"tag-entretenimiento","20":"tag-es","21":"tag-espana","22":"tag-museo-thyssen-bornemisza","23":"tag-museos","24":"tag-spain"},"share_on_mastodon":{"url":"https:\/\/pubeurope.com\/@es\/115464359545100074","error":""},"_links":{"self":[{"href":"https:\/\/www.europesays.com\/es\/wp-json\/wp\/v2\/posts\/209314","targetHints":{"allow":["GET"]}}],"collection":[{"href":"https:\/\/www.europesays.com\/es\/wp-json\/wp\/v2\/posts"}],"about":[{"href":"https:\/\/www.europesays.com\/es\/wp-json\/wp\/v2\/types\/post"}],"author":[{"embeddable":true,"href":"https:\/\/www.europesays.com\/es\/wp-json\/wp\/v2\/users\/2"}],"replies":[{"embeddable":true,"href":"https:\/\/www.europesays.com\/es\/wp-json\/wp\/v2\/comments?post=209314"}],"version-history":[{"count":0,"href":"https:\/\/www.europesays.com\/es\/wp-json\/wp\/v2\/posts\/209314\/revisions"}],"wp:featuredmedia":[{"embeddable":true,"href":"https:\/\/www.europesays.com\/es\/wp-json\/wp\/v2\/media\/209315"}],"wp:attachment":[{"href":"https:\/\/www.europesays.com\/es\/wp-json\/wp\/v2\/media?parent=209314"}],"wp:term":[{"taxonomy":"category","embeddable":true,"href":"https:\/\/www.europesays.com\/es\/wp-json\/wp\/v2\/categories?post=209314"},{"taxonomy":"post_tag","embeddable":true,"href":"https:\/\/www.europesays.com\/es\/wp-json\/wp\/v2\/tags?post=209314"}],"curies":[{"name":"wp","href":"https:\/\/api.w.org\/{rel}","templated":true}]}}