{"id":209364,"date":"2025-10-30T18:16:08","date_gmt":"2025-10-30T18:16:08","guid":{"rendered":"https:\/\/www.europesays.com\/es\/209364\/"},"modified":"2025-10-30T18:16:08","modified_gmt":"2025-10-30T18:16:08","slug":"israel-difunde-un-video-para-denunciar-como-hamas-simula-el-hallazgo-de-un-cadaver-ante-cruz-roja","status":"publish","type":"post","link":"https:\/\/www.europesays.com\/es\/209364\/","title":{"rendered":"Israel difunde un v\u00eddeo para denunciar c\u00f3mo Ham\u00e1s simula el hallazgo de un cad\u00e1ver ante Cruz Roja"},"content":{"rendered":"<p class=\"c-paragraph\">El Ej\u00e9rcito de <a href=\"https:\/\/www.20minutos.es\/tags\/lugares\/israel.html\" title=\"Israel\" rel=\"nofollow noopener\" target=\"_blank\">Israel<\/a> ha difundido este martes un v\u00eddeo en el que asegura que se puede observar a miembros de <a href=\"https:\/\/www.20minutos.es\/tags\/instituciones-empresas\/hamas.html\" title=\"Ham\u00e1s\" rel=\"nofollow noopener\" target=\"_blank\">Ham\u00e1s <\/a><b>simulando que encuentran el cuerpo de uno de los secuestrados<\/b> tras los ataques terroristas del 7 de octubre de 2023. \u00abEstas im\u00e1genes muestran claramente que Ham\u00e1s est\u00e1 intentando crear una falsa impresi\u00f3n de esfuerzos para localizar los cuerpos, mientras que en realidad mantiene rehenes fallecidos <b>cuyos restos se niega a entregar<\/b>, tal como lo exige el acuerdo\u00bb, han sostenido las Fuerzas de Defensa de Israel (FDI) en un mensaje publicado en su cuenta de Telegram acompa\u00f1ado de la grabaci\u00f3n.<\/p>\n<p class=\"c-paragraph\">En las im\u00e1genes, que han sido grabadas por un dron militar, se puede ver a tres personas encapuchadas sacando de una casa lo que parece ser<b> un cad\u00e1ver dentro de una bolsa blanca<\/b> y enterr\u00e1ndolo. Despu\u00e9s, se aprecia el momento en el que una retroexcavadora llega, extrae el cuerpo de la fosa donde hab\u00eda sido tapado con tierra y lo coloca ante un grupo de personas con chaleco de la Cruz Roja.<\/p>\n<p class=\"c-paragraph\">Las Fuerzas Armadas israel\u00edes tambi\u00e9n han asegurado que la escasez de equipo t\u00e9cnico para hallar los cuerpos es una excusa del grupo islamista, ya que este resulta \u00abclaramente innecesario\u00bb para el traslado de los restos. \u00abEstas alegaciones <b>no constituyen ning\u00fan obst\u00e1culo<\/b> para la devoluci\u00f3n de los rehenes fallecidos restantes\u00bb, ha sentenciado el Ej\u00e9rcito.<\/p>\n<p class=\"c-paragraph\">La difusi\u00f3n de este v\u00eddeo se produce despu\u00e9s de que el primer ministro israel\u00ed, <a href=\"https:\/\/www.20minutos.es\/tags\/personas\/benjamin-netanyahu.html\" title=\"Benjamin Netanyahu\" rel=\"nofollow noopener\" target=\"_blank\">Benjam\u00edn Netanyahu<\/a>, ordenara<a href=\"https:\/\/www.20minutos.es\/internacional\/israel-ataca-sur-gaza-tras-un-presunto-ataque-hamas-sus-tropas_6662112_0.html\" title=\"Israel ataca la capital de Gaza y el sur de la Franja en respuesta a un supuesto asalto de Ham\u00e1s a sus tropas en Rafah\" rel=\"nofollow noopener\" target=\"_blank\"><b> \u00abataques contundentes\u00bb <\/b><\/a>este martes despu\u00e9s de que Ham\u00e1s devolviera a Israel restos humanos que no corresponden a los de ninguno de los rehenes israel\u00edes.\u00a0Israel asegur\u00f3 adem\u00e1s que militantes palestinos atacaron a sus soldados en Rafah, en un enfrentamiento en el que muri\u00f3 un militar israel\u00ed, algo que Ham\u00e1s neg\u00f3. <b>Al menos 110 personas han muerto<\/b>, entre ellas 46 ni\u00f1os y 20 mujeres, por bombardeos israel\u00edes en la Franja tras la reanudaci\u00f3n de los ataques.<\/p>\n<p class=\"c-paragraph\">El grupo islamista conden\u00f3 fuertemente la nueva oleada de ataques israel\u00edes contra Gaza y acus\u00f3 a Israel de <b>\u00absocavar\u00bb el acuerdo de alto el fuego<\/b> con la \u00abcomplicidad\u00bb del Gobierno estadounidense de Donald Trump. Adem\u00e1s, el grupo inst\u00f3 a los mediadores y garantes del alto el fuego, entre ellos Catar y Egipto, <b>a presionar de forma \u00abinmediata\u00bb <\/b>al Gobierno israel\u00ed para que detenga las masacres y cumpla con lo acordado, insistiendo en que todas las facciones palestinas siguen comprometidas con el alto el fuego.<\/p>\n","protected":false},"excerpt":{"rendered":"El Ej\u00e9rcito de Israel ha difundido este martes un v\u00eddeo en el que asegura que se puede observar&hellip;\n","protected":false},"author":2,"featured_media":209365,"comment_status":"","ping_status":"","sticky":false,"template":"","format":"standard","meta":{"footnotes":""},"categories":[42],"tags":[17,18,17559,13,14,11,61,62,63,64,74,19,20,9,10,15,16,2078,12,21,22,16743,2338,65,66,67],"class_list":{"0":"post-209364","1":"post","2":"type-post","3":"status-publish","4":"format-standard","5":"has-post-thumbnail","7":"category-internacional","8":"tag-breaking-news","9":"tag-breakingnews","10":"tag-difunde","11":"tag-featured-news","12":"tag-featurednews","13":"tag-headlines","14":"tag-internacional","15":"tag-international","16":"tag-international-news","17":"tag-internationalnews","18":"tag-israel","19":"tag-latest-news","20":"tag-latestnews","21":"tag-news","22":"tag-noticias","23":"tag-noticias-destacadas","24":"tag-noticiasdestacadas","25":"tag-para","26":"tag-titulares","27":"tag-ultimas-noticias","28":"tag-ultimasnoticias","29":"tag-un","30":"tag-video","31":"tag-world","32":"tag-world-news","33":"tag-worldnews"},"share_on_mastodon":{"url":"https:\/\/pubeurope.com\/@es\/115464489345181269","error":""},"_links":{"self":[{"href":"https:\/\/www.europesays.com\/es\/wp-json\/wp\/v2\/posts\/209364","targetHints":{"allow":["GET"]}}],"collection":[{"href":"https:\/\/www.europesays.com\/es\/wp-json\/wp\/v2\/posts"}],"about":[{"href":"https:\/\/www.europesays.com\/es\/wp-json\/wp\/v2\/types\/post"}],"author":[{"embeddable":true,"href":"https:\/\/www.europesays.com\/es\/wp-json\/wp\/v2\/users\/2"}],"replies":[{"embeddable":true,"href":"https:\/\/www.europesays.com\/es\/wp-json\/wp\/v2\/comments?post=209364"}],"version-history":[{"count":0,"href":"https:\/\/www.europesays.com\/es\/wp-json\/wp\/v2\/posts\/209364\/revisions"}],"wp:featuredmedia":[{"embeddable":true,"href":"https:\/\/www.europesays.com\/es\/wp-json\/wp\/v2\/media\/209365"}],"wp:attachment":[{"href":"https:\/\/www.europesays.com\/es\/wp-json\/wp\/v2\/media?parent=209364"}],"wp:term":[{"taxonomy":"category","embeddable":true,"href":"https:\/\/www.europesays.com\/es\/wp-json\/wp\/v2\/categories?post=209364"},{"taxonomy":"post_tag","embeddable":true,"href":"https:\/\/www.europesays.com\/es\/wp-json\/wp\/v2\/tags?post=209364"}],"curies":[{"name":"wp","href":"https:\/\/api.w.org\/{rel}","templated":true}]}}