{"id":209400,"date":"2025-10-30T18:40:07","date_gmt":"2025-10-30T18:40:07","guid":{"rendered":"https:\/\/www.europesays.com\/es\/209400\/"},"modified":"2025-10-30T18:40:07","modified_gmt":"2025-10-30T18:40:07","slug":"dos-trabajadores-heridos-y-un-vertido-en-el-mar-al-implosionar-un-silo-de-aceite-de-palma-en-el-puerto-de-vigo","status":"publish","type":"post","link":"https:\/\/www.europesays.com\/es\/209400\/","title":{"rendered":"Dos trabajadores heridos y un vertido en el mar al implosionar un\u00a0silo de aceite de palma en el puerto de Vigo"},"content":{"rendered":"<p>\t\t\t \t\t \t\t\t\t\t\t\t <strong class=\"pd-l\">M.MORALEJO  <\/strong><\/p>\n<p>\t\t\t\t\t\tUno de los operarios est\u00e1 grave y el otro leve. La Polic\u00eda Nacional investiga los hechos como un accidente laboral. La Autoridad Portuaria no ve riesgo de contaminaci\u00f3n por el\u00a0derrame\u00a0ni\u00a0es t\u00f3xico y dice que est\u00e1 controlado. Lanchas de Salvamento Mar\u00edtimo colocan barreras de protecci\u00f3n<br \/>\n\t\t\t\t\t\t\t\t\t\t\t\t<strong>30 oct 2025<\/strong> . Actualizado a las 18:16 h.\t\t\t\t\t\t<\/p>\n<p class=\"first-paragraph txt\">Dos <strong>trabajadores<\/strong> han resultado heridos al ser alcanzados por una implosi\u00f3n en <strong>un dep\u00f3sito de aceite de palma o grasa<\/strong> ubicado en el <strong>muelle de Guixar, en el\u00a0Puerto de Vigo,<\/strong> y que <strong>gener\u00f3 un derrame y vertido al mar<\/strong>. Uno de los lesionados est\u00e1 grave y el otro, leve, seg\u00fan indic\u00f3 la Polic\u00eda Local de Vigo. La alerta salt\u00f3 a las tres y veinte de la tarde de este jueves. Seg\u00fan los testigos, se oy\u00f3 un fuerte estruendo, probablemente por un golpe, y empez\u00f3 a\u00a0derramarse\u00a0l\u00edquido. Un camionero qued\u00f3 atrapado en medio de todo el vertido, llamaron a los bomberos para rescatarlo pero sali\u00f3 por su propio pie.\u00a0El siniestro fue en torno a las tres de la tarde y la Polic\u00eda Nacional lo investiga como un <strong>accidente laboral<\/strong>.<\/p>\n<p class=\"txt\">El <strong>061<\/strong> inform\u00f3 de que uno de los dos heridos, J.R.A., de 42 a\u00f1os, fue trasladado por una ambulancia de soporte avanzado y derivado a un centro hospitalario de la ciudad. El segundo fue evacuado en un ambulancia de soporte b\u00e1sico al Hospital Povisa.<\/p>\n<p class=\"txt\">El servicio de <strong>Emergencias 112<\/strong>\u00a0informa de\u00a0que el hombre ingresado en el <strong>Hospital Povisa<\/strong>\u00a0sufri\u00f3<strong>\u00a0fracturas en un par de costillas y en una pierna<\/strong>.<\/p>\n<p class=\"txt\">El silo, situado cerca de la rotonda de Sanjurjo Bad\u00eda y de una veintena de metros de altura, <strong>sufri\u00f3 un revent\u00f3n desde el interior<\/strong>. El 112 confirm\u00f3 que se ocasion\u00f3 una <strong>rotura<\/strong> en el dep\u00f3sito, suceso que caus\u00f3 heridas a, al menos, un operario. Inmediatamente, se produjo un derrame y empez\u00f3 a caer grasa. Todo apunta a que el cambio de presi\u00f3n gener\u00f3 un efecto succi\u00f3n que deform\u00f3 y estruj\u00f3 el metal, y abri\u00f3 un boquete, por el que el l\u00edquido graso se fug\u00f3 hacia el muelle y cay\u00f3 en el mar. El derrame consiste en\u00a0una <strong>mancha marr\u00f3n clara de varias decenas de metros de longitud<\/strong> que flota en aguas de la r\u00eda de Vigo.\u00a0<\/p>\n<p class=\"txt\">La <strong>Autoridad Portuaria de Vigo<\/strong>\u00a0recalc\u00f3 que el vertido <strong>no es contaminante\u00a0ni es t\u00f3xico\u00a0<\/strong>y que el derrame ya est\u00e1\u00a0<strong>contenido y controlado<\/strong>.<\/p>\n<p class=\"txt\">A petici\u00f3n del Puerto, la\u00a0lancha auxiliar del buque <strong>Mar\u00eda de Maeztu<\/strong>, perteneciente a\u00a0<strong>Salvamento Mar\u00edtimo,<\/strong> se desplaz\u00f3 a la escena para desplegar unas barreras anticontaminaci\u00f3n y as\u00ed evitar que la mancha se desplace. La intenci\u00f3n de los operarios de Salvamento era tender una barrera desde la popa del mercante franc\u00e9s CMA CGM Sinnamary, atracado en la escena del vertido, hasta el muelle del Areal, con el fin de tener controlado el vertido.<\/p>\n<p class=\"txt\">Al filo de las seis de la tarde, se desplaz\u00f3 al lugar una embarcaci\u00f3n mayor, la\u00a0<strong>Salvamar Mirach,<\/strong>\u00a0para colaborar en las tareas de protecci\u00f3n de la costa, tambi\u00e9n a petici\u00f3n de la Autoridad Portuaria.<\/p>\n<p class=\"txt\">Al lugar se desplazaron ambulancias y patrullas de la <strong>Polic\u00eda Nacional<\/strong>. El 112 tambi\u00e9n avis\u00f3 a la <strong>Guardia Civil<\/strong> y la Polic\u00eda Local.<\/p>\n<p class=\"ladillo\">Rescate de un camionero cercado por el derrame<\/p>\n<p class=\"txt\">Los bomberos de Vigo fueron alertados por el 112 para rescatar a un camionero que, justo despu\u00e9s de producirse un golpe, comenz\u00f3 una fuga de aceite en un silo y \u00e9l qued\u00f3 cercado en medio del vertido. Le cogi\u00f3 todo el derrame pero logr\u00f3 salir por sus propios medios antes de que llegasen los bomberos. No result\u00f3 herido.<\/p>\n<p>&#13;<br \/>\n\tArchivado en:&#13;<br \/>\n\t\t\t\t\t<a href=\"https:\/\/www.lavozdegalicia.es\/temas\/puerto-de-vigo\/\" target=\"_blank\" class=\"mg-l\" rel=\"nofollow noopener\">Puerto de Vigo<\/a>&#13;<br \/>\n\t\t\t\t\t<a href=\"https:\/\/www.lavozdegalicia.es\/temas\/vigo-ciudad\/\" target=\"_blank\" class=\"mg-l\" rel=\"nofollow noopener\">Vigo ciudad<\/a>&#13;<br \/>\n\t\t\t\t\t<a href=\"https:\/\/www.lavozdegalicia.es\/temas\/policia-nacional\/\" target=\"_blank\" class=\"mg-l\" rel=\"nofollow noopener\">Polic\u00eda Nacional<\/a>&#13;<br \/>\n\t\t\t\t\t<a href=\"https:\/\/www.lavozdegalicia.es\/temas\/siniestralidad-laboral\/\" target=\"_blank\" class=\"mg-l\" rel=\"nofollow noopener\">Siniestralidad Laboral<\/a>&#13;<br \/>\n\t\t\t\t\t<a href=\"https:\/\/www.lavozdegalicia.es\/temas\/maritima\/\" target=\"_blank\" class=\"mg-l\" rel=\"nofollow noopener\">Mar\u00edtima<\/a>&#13;<br \/>\n\t\t\t        \t&#13;<\/p>\n","protected":false},"excerpt":{"rendered":"M.MORALEJO Uno de los operarios est\u00e1 grave y el otro leve. La Polic\u00eda Nacional investiga los hechos como&hellip;\n","protected":false},"author":2,"featured_media":209401,"comment_status":"","ping_status":"","sticky":false,"template":"","format":"standard","meta":{"footnotes":""},"categories":[8],"tags":[17,18,25,24,13,14,11,19,20,20131,6688,9,10,15,16,11739,31257,33820,23,12,21,22,3518],"class_list":{"0":"post-209400","1":"post","2":"type-post","3":"status-publish","4":"format-standard","5":"has-post-thumbnail","7":"category-espana","8":"tag-breaking-news","9":"tag-breakingnews","10":"tag-es","11":"tag-espana","12":"tag-featured-news","13":"tag-featurednews","14":"tag-headlines","15":"tag-latest-news","16":"tag-latestnews","17":"tag-maritima","18":"tag-medio-ambiente","19":"tag-news","20":"tag-noticias","21":"tag-noticias-destacadas","22":"tag-noticiasdestacadas","23":"tag-policia-nacional","24":"tag-puerto-de-vigo","25":"tag-siniestralidad-laboral","26":"tag-spain","27":"tag-titulares","28":"tag-ultimas-noticias","29":"tag-ultimasnoticias","30":"tag-vigo-ciudad"},"share_on_mastodon":{"url":"https:\/\/pubeurope.com\/@es\/115464583867481476","error":""},"_links":{"self":[{"href":"https:\/\/www.europesays.com\/es\/wp-json\/wp\/v2\/posts\/209400","targetHints":{"allow":["GET"]}}],"collection":[{"href":"https:\/\/www.europesays.com\/es\/wp-json\/wp\/v2\/posts"}],"about":[{"href":"https:\/\/www.europesays.com\/es\/wp-json\/wp\/v2\/types\/post"}],"author":[{"embeddable":true,"href":"https:\/\/www.europesays.com\/es\/wp-json\/wp\/v2\/users\/2"}],"replies":[{"embeddable":true,"href":"https:\/\/www.europesays.com\/es\/wp-json\/wp\/v2\/comments?post=209400"}],"version-history":[{"count":0,"href":"https:\/\/www.europesays.com\/es\/wp-json\/wp\/v2\/posts\/209400\/revisions"}],"wp:featuredmedia":[{"embeddable":true,"href":"https:\/\/www.europesays.com\/es\/wp-json\/wp\/v2\/media\/209401"}],"wp:attachment":[{"href":"https:\/\/www.europesays.com\/es\/wp-json\/wp\/v2\/media?parent=209400"}],"wp:term":[{"taxonomy":"category","embeddable":true,"href":"https:\/\/www.europesays.com\/es\/wp-json\/wp\/v2\/categories?post=209400"},{"taxonomy":"post_tag","embeddable":true,"href":"https:\/\/www.europesays.com\/es\/wp-json\/wp\/v2\/tags?post=209400"}],"curies":[{"name":"wp","href":"https:\/\/api.w.org\/{rel}","templated":true}]}}