{"id":209408,"date":"2025-10-30T18:49:13","date_gmt":"2025-10-30T18:49:13","guid":{"rendered":"https:\/\/www.europesays.com\/es\/209408\/"},"modified":"2025-10-30T18:49:13","modified_gmt":"2025-10-30T18:49:13","slug":"el-gran-tapado-de-la-euroliga","status":"publish","type":"post","link":"https:\/\/www.europesays.com\/es\/209408\/","title":{"rendered":"el gran tapado de la Euroliga"},"content":{"rendered":"<p>                <a href=\"https:\/\/cronicaglobal.elespanol.com\/culemania\/secciones\/\" class=\"kicker--section\" rel=\"nofollow noopener\" target=\"_blank\">Secciones<\/a><\/p>\n<p>\n    El t\u00e9cnico de Terrassa necesita la mejor versi\u00f3n de un jugador para paliar los problemas defensivos del equipo\n<\/p>\n<p>    Noticias relacionadas<\/p>\n<p class=\"paragraph\" id=\"paragraph_1\"><a href=\"https:\/\/cronicaglobal.elespanol.com\/culemania\/secciones\/20251028\/clyburn-punter-jugador-barca-basket-cabrear-aficion\/1003742702169_0.html?utm_cmp_rs=linksinline\" target=\"_blank\" rel=\"nofollow noopener\"><strong>El Bar\u00e7a de basket<\/strong> <\/a>es un equipo indescifrable. <a href=\"https:\/\/cronicaglobal.elespanol.com\/culemania\/secciones\/20251028\/clyburn-punter-jugador-barca-basket-cabrear-aficion\/1003742702169_0.html?utm_cmp_rs=linksinline\" target=\"_blank\" rel=\"nofollow noopener\"><strong>Joan Pe\u00f1arroya<\/strong> <\/a>tiene una plantilla con grandes jugadores y otros de perfil mucho m\u00e1s bajo. Y dos son los problemas que debe gestionar para lograr la mejor versi\u00f3n: su escasa intensidad defensiva y la falta de intimidaci\u00f3n en el juego interior.<\/p>\n<p class=\"paragraph\" id=\"paragraph_2\">Pe\u00f1arroya tiene tres p\u00edvots: <a href=\"https:\/\/cronicaglobal.elespanol.com\/culemania\/secciones\/20250918\/crack-barca-basket-juega-futuro-pesadilla-entrenadores\/1003742689748_0.html?utm_cmp_rs=linksinline\" target=\"_blank\" rel=\"nofollow noopener\">Willy Hernang\u00f3mez<\/a><strong>, Vesely y Fall. Tambi\u00e9n cuenta con el joven Sayon Keita<\/strong>, que la pr\u00f3xima temporada podr\u00eda fichar por una universidad estadounidense. Del p\u00edvot madrile\u00f1o espera que aporte puntos y poco m\u00e1s. <strong>Del jugador checo conf\u00eda en su mejor versi\u00f3n<\/strong>. El problema es que ya tiene 35 a\u00f1os y ha sufrido muchas lesiones en los \u00faltimos meses.<\/p>\n<p>Actor secundario en la ACB<\/p>\n<p class=\"paragraph\" id=\"paragraph_3\"><a href=\"https:\/\/cronicaglobal.elespanol.com\/culemania\/secciones\/20241230\/tarjeta-amarilla-jan-vesely\/912658778_0.html?utm_cmp_rs=linksinline\" target=\"_blank\" rel=\"nofollow noopener\"><strong>Vesely es un p\u00edvot determinante<\/strong> <\/a>cuando est\u00e1 en forma, sobre todo si remiten sus problemas lumbares. En la Liga Endesa, Pe\u00f1arroya no quiere que acumule muchos minutos. De momento <strong>promedia 12,23 por partido, y aporta 2,3 puntos y 2,3 rebotes de media. Son n\u00fameros muy discretos<\/strong>. Impropios de un jugador tan importante.<\/p>\n<p><img decoding=\"async\" alt=\"Jan Vesely y Myles Cale defienden una acci\u00f3n durante el Unicaja-Bar\u00e7a de basket\" data-imgm=\"true\" height=\"180\" loading=\"lazy\"  src=\"https:\/\/www.europesays.com\/es\/wp-content\/uploads\/2025\/10\/1003742699295_15297759_1024x576.jpg\"  width=\"320\"\/><\/p>\n<p>                                                            Jan Vesely y Myles Cale defienden una acci\u00f3n durante el Unicaja-Bar\u00e7a de basket<\/p>\n<p>                    FCB<\/p>\n<p class=\"paragraph\" id=\"paragraph_4\">En la Euroliga, en cambio, <strong>Pe\u00f1arroya da m\u00e1s carrete a Vesely<\/strong>, muy importante en la \u00faltima victoria del Bar\u00e7a contra el Armani Milano. El p\u00edvot checo sum\u00f3 <strong>14 puntos<\/strong>. En la m\u00e1xima competici\u00f3n europea, Vesely aporta 8,9 puntos y 3,3 rebotes por encuentro.<\/p>\n<p>P\u00edvot determinante<\/p>\n<p class=\"paragraph\" id=\"paragraph_5\">Vesely, de\u00a0 2.10 metros, lleg\u00f3 al Bar\u00e7a en la temporada 2022-23. Es un jugador muy atl\u00e9tico que <strong>deber\u00eda ser determinante en la pintura, intenso en defensa cuando est\u00e1 bien<\/strong>.<\/p>\n<p><img decoding=\"async\" alt=\"Un jugador del Zalgiris supera a Jan Vesely y Toko Shengelia bajo el aro\" data-imgm=\"true\" height=\"240\" loading=\"lazy\"  src=\"https:\/\/www.europesays.com\/es\/wp-content\/uploads\/2025\/10\/1003742700823_15317840_854x640.jpg\"  width=\"320\"\/><\/p>\n<p>                                                            Un jugador del Zalgiris supera a Jan Vesely y Toko Shengelia bajo el aro<\/p>\n<p>                    EFE<\/p>\n<p class=\"paragraph\" id=\"paragraph_6\">Pe\u00f1arroya, de momento, dosifica sus apariciones. Sabe que otra reca\u00edda podr\u00eda ser letal para un jugador con muchos problemas que <strong>acaba contrato el 30 de junio de 2026<\/strong>. Todo parece indicar que no seguir\u00e1 en el Bar\u00e7a, pero, hasta entonces, debe ser una pieza clave para el equipo. Si funciona bien, el Barcelona tiene muchos m\u00e1s recursos.<\/p>\n","protected":false},"excerpt":{"rendered":"Secciones El t\u00e9cnico de Terrassa necesita la mejor versi\u00f3n de un jugador para paliar los problemas defensivos del&hellip;\n","protected":false},"author":2,"featured_media":209409,"comment_status":"","ping_status":"","sticky":false,"template":"","format":"standard","meta":{"footnotes":""},"categories":[269],"tags":[299,298,168,11437,25,24,4469,8869,4468,4470,23,167],"class_list":{"0":"post-209408","1":"post","2":"type-post","3":"status-publish","4":"format-standard","5":"has-post-thumbnail","7":"category-baloncesto","8":"tag-baloncesto","9":"tag-basketball","10":"tag-deportes","11":"tag-en-catala","12":"tag-es","13":"tag-espana","14":"tag-fcb-basket","15":"tag-joan-penarroya","16":"tag-juan-carlos-navarro","17":"tag-secciones","18":"tag-spain","19":"tag-sports"},"share_on_mastodon":{"url":"https:\/\/pubeurope.com\/@es\/115464619153159748","error":""},"_links":{"self":[{"href":"https:\/\/www.europesays.com\/es\/wp-json\/wp\/v2\/posts\/209408","targetHints":{"allow":["GET"]}}],"collection":[{"href":"https:\/\/www.europesays.com\/es\/wp-json\/wp\/v2\/posts"}],"about":[{"href":"https:\/\/www.europesays.com\/es\/wp-json\/wp\/v2\/types\/post"}],"author":[{"embeddable":true,"href":"https:\/\/www.europesays.com\/es\/wp-json\/wp\/v2\/users\/2"}],"replies":[{"embeddable":true,"href":"https:\/\/www.europesays.com\/es\/wp-json\/wp\/v2\/comments?post=209408"}],"version-history":[{"count":0,"href":"https:\/\/www.europesays.com\/es\/wp-json\/wp\/v2\/posts\/209408\/revisions"}],"wp:featuredmedia":[{"embeddable":true,"href":"https:\/\/www.europesays.com\/es\/wp-json\/wp\/v2\/media\/209409"}],"wp:attachment":[{"href":"https:\/\/www.europesays.com\/es\/wp-json\/wp\/v2\/media?parent=209408"}],"wp:term":[{"taxonomy":"category","embeddable":true,"href":"https:\/\/www.europesays.com\/es\/wp-json\/wp\/v2\/categories?post=209408"},{"taxonomy":"post_tag","embeddable":true,"href":"https:\/\/www.europesays.com\/es\/wp-json\/wp\/v2\/tags?post=209408"}],"curies":[{"name":"wp","href":"https:\/\/api.w.org\/{rel}","templated":true}]}}