{"id":209416,"date":"2025-10-30T18:54:18","date_gmt":"2025-10-30T18:54:18","guid":{"rendered":"https:\/\/www.europesays.com\/es\/209416\/"},"modified":"2025-10-30T18:54:18","modified_gmt":"2025-10-30T18:54:18","slug":"gran-hermano-20-confirma-a-su-primer-concursante-oficial-mamadou-a-una-semana-de-su-estreno","status":"publish","type":"post","link":"https:\/\/www.europesays.com\/es\/209416\/","title":{"rendered":"\u00abGran Hermano 20\u00bb confirma a su primer concursante oficial, Mamadou, a una semana de su estreno"},"content":{"rendered":"<p>\t\t\t \t\t \t\t\t\t\t\t\tMamadou, primer concursante oficial de \u00abGH 20\u00bb <strong class=\"pd-l\">MEDIASET  <\/strong><\/p>\n<p>\t\t\t\t\t\tEl joven de 22 a\u00f1os, natural de Barcelona y administrativo comercial de Renfe, ha sido anunciado en la rueda de prensa del programa, que empieza el jueves, 6 de noviembre<br \/>\n\t\t\t\t\t\t\t\t\t\t\t\t<strong>30 oct 2025<\/strong> . Actualizado a las 16:41 h.\t\t\t\t\t\t<\/p>\n<p class=\"first-paragraph txt\"><strong><a href=\"https:\/\/www.lavozdegalicia.es\/temas\/gran-hermano\" rel=\"nofollow noopener\" target=\"_blank\">Gran Hermano<\/a><a href=\"https:\/\/www.lavozdegalicia.es\/temas\/gran-hermano\" rel=\"nofollow noopener\" target=\"_blank\"> 20<\/a><\/strong> ya tiene su primer concursante confirmado. Se trata de <strong>Mamadou<\/strong>, un administrativo comercial de Renfe de 22 a\u00f1os y natural de Granollers, en Barcelona.\u00a0<strong>\u00abEstoy flipando, es que no me lo creo\u00bb<\/strong>, ha dicho el joven al conocer la noticia, revelada en la rueda de prensa del programa que dar\u00e1 comienzo el pr\u00f3ximo jueves, 6 de noviembre.<\/p>\n<p class=\"txt\">Se ha definido a s\u00ed mismo como una \u00abmezcla de sensibilidad, alegr\u00eda y desastre\u00bb, y, en cuanto a las relaciones amorosas, se considera <strong>\u00abarrom\u00e1ntico\u00bb<\/strong>.\u00a0Sobre su car\u00e1cter, destaca su terquedad, ya que nunca cede y siempre quiere tener la raz\u00f3n, a lo que se suma que es algo desconfiado. Eso s\u00ed, se declara un amante total de su familia, de origen africano, y especialmente de su madre.<\/p>\n<blockquote class=\"twitter-tweet\">\n<p lang=\"es\" dir=\"ltr\">\u00f0\u009f\u009a\u00a8 \u00c2\u00a1MISTERIO RESUELTO! \u00f0\u009f\u009a\u00a8 As\u00c3\u00ad es como hemos confirmado a Mamadou, el primer concursante oficial de la nueva edici\u00c3\u00b3n de <a href=\"https:\/\/twitter.com\/hashtag\/GranHermano?src=hash&amp;ref_src=twsrc%5Etfw\" rel=\"nofollow noopener\" target=\"_blank\">#GranHermano<\/a> \u00f0\u009f\u0091\u008f\u00f0\u009f\u008f\u00bb\u00f0\u009f\u008e\u0089 <a href=\"https:\/\/t.co\/lTBJorMOJb\" rel=\"nofollow\">pic.twitter.com\/lTBJorMOJb<\/a><\/p>\n<p>\u2014 Gran Hermano (@ghoficial) <a href=\"https:\/\/twitter.com\/ghoficial\/status\/1983862038423097699?ref_src=twsrc%5Etfw\" rel=\"nofollow noopener\" target=\"_blank\">October 30, 2025<\/a><\/p><\/blockquote>\n<p class=\"txt\">Con esta noticia, <strong><a href=\"https:\/\/www.lavozdegalicia.es\/temas\/telecinco\" rel=\"nofollow noopener\" target=\"_blank\">Telecinco<\/a> arranca motores<\/strong> para el inicio de una edici\u00f3n que promete ser <strong>\u00abm\u00edtica\u00bb<\/strong>, seg\u00fan ha destacado <a href=\"https:\/\/www.lavozdegalicia.es\/temas\/jorge-javier-vazquez\" rel=\"nofollow noopener\" target=\"_blank\">Jorge Javier V\u00e1zquez<\/a>.\u00a0Seg\u00fan ha revelado el director general de Zeppelin, Miguel Mart\u00edn, habr\u00e1 cambios en las din\u00e1micas tradicionales del programa.\u00a0\u00abTendremos sorpresas que a\u00fan no pod\u00e9is conocer, que yo creo que van a dejar al p\u00fablico boquiabierto\u00bb, ha avanzado.<\/p>\n<p class=\"txt\">Esta nueva etapa es ya hist\u00f3rica por el hecho de que, por primera vez, <a class=\"link-txt\" href=\"https:\/\/www.lavozdegalicia.es\/noticia\/television\/2025\/03\/18\/gran-hermano-muda-deja-mitica-casa-guadalix-sierra\/00031742294554087222720.htm\" rel=\"nofollow noopener\" target=\"_blank\">la casa no estar\u00e1 en Guadalix de la Sierra, como ha sido siempre, sino que se muda\u00a0a\u00a0<strong>Tres Cantos<\/strong><\/a>.\u00a0<\/p>\n<p class=\"txt\">De hecho, all\u00ed empezar\u00e1 el programa, con Jorge Javier presentando la primera gala desde la propia casa. Se har\u00e1 en ese lugar porque, de paso, se\u00a0revelar\u00e1 un nuevo espacio que lo cambiar\u00e1 todo para los elegidos, un grupo de personas de entre 20 y 50 a\u00f1os\u00a0cuyo casting todav\u00eda no est\u00e1 cerrado.<\/p>\n<p class=\"txt\">\n<p>\t\t\t\t\t\t\t\t\t\t\t\t&#13;<br \/>\n\t\t\t\t\t\t\t\t&#13;<br \/>\n&#13;<br \/>\n&#13;<\/p>\n<p>\t\t\t&#13;<br \/>\n\t&#13;<\/p>\n<p>\t\t\t<a href=\"https:\/\/www.lavozdegalicia.es\/noticia\/sociedad\/2025\/04\/20\/veinticinco-anos-gran-hermano-reality-cambio-television\/0003_202504G20P53994.htm\" data-analytics=\"link-embed\" rel=\"nofollow noopener\" target=\"_blank\">Veinticinco a\u00f1os de \u00abGran Hermano\u00bb, el \u00abreality\u00bb que cambi\u00f3 la televisi\u00f3n<\/a><\/p>\n<p class=\"a-min-author\">\n<p>\t\t\t\t\t\t\t\t\t\t\t<a href=\"https:\/\/www.lavozdegalicia.es\/firmas\/monica-perez-paradela\" rel=\"nofollow noopener\" target=\"_blank\"> \tM\u00f3nica P\u00e9rez<\/a><\/p>\n<p>\t&#13;<br \/>\n\t&#13;<br \/>\n&#13;<\/p>\n<p class=\"txt\">Adem\u00e1s de Mamadou, pronto se sabr\u00e1 otro concursante m\u00e1s, <a class=\"link-txt\" href=\"https:\/\/www.lavozdegalicia.es\/noticia\/television\/2025\/09\/01\/tele-viene-regreso-pepa-bueno-supervivientes-fichajes-hormiguero\/00031756725819252325959.htm\" rel=\"nofollow noopener\" target=\"_blank\">que saldr\u00e1 de la gala final\u00a0de <strong>Uno de GH20<\/strong><\/a>, el reality show emitido en <a href=\"https:\/\/www.lavozdegalicia.es\/temas\/mediaset\" rel=\"nofollow noopener\" target=\"_blank\">Mediaset<\/a> Infinity en el que 18 participantes\u00a0han estado conviviendo\u00a0y compitiendo por una de las plazas en el concurso. Quedan ocho finalistas. Asier Aceras, Cristian Orvich, Daniella Talavera, Gustavo\u00a0Lust,\u00a0Jana Ausi\u00f3,\u00a0Joon Choi o\u00a0Jos\u00e9 M\u00e1rquez, La Jose. Uno de ellos se confirmar\u00e1 como concursante oficial el pr\u00f3ximo mi\u00e9rcoles, 5 de noviembre, en la v\u00edspera del inicio oficial del programa.<\/p>\n<p class=\"txt\">En cuanto a las emisiones, Gran Hermano 20 tendr\u00e1 dos galas semanales, una los jueves, a cargo de Jorge Javier V\u00e1zquez, y otra los domingos, con Ion Aramendi al frente. La audiencia elegir\u00e1, como siempre, qui\u00e9n contin\u00faa en el concurso a trav\u00e9s de la app oficial de Mediaset Infinity, donde se podr\u00e1 votar de forma gratuita.<\/p>\n<p class=\"txt\">Adem\u00e1s, se emitir\u00e1 a lo largo de la semana\u00a0GH. La vida en directo, a las 20.15\u00a0 horas, donde Jorge Javier V\u00e1zquez dar\u00e1 a conocer la \u00faltima hora de la convivencia de lunes a jueves, y Nagore Robles har\u00e1 lo mismo los viernes.<\/p>\n<p class=\"txt\">En la plataforma de streaming de Mediaset, los espectadores podr\u00e1n ver la vida en directo las 24 horas del d\u00eda a trav\u00e9s de dos se\u00f1ales diferentes y el propio jueves del estreno se emitir\u00e1 all\u00ed Gran Hermano. La mudanza, donde se desvelan los secretos de construcci\u00f3n de la nueva vivienda, con m\u00e1s de\u00a01.700 metros cuadrados.<\/p>\n<p>&#13;<br \/>\n\tArchivado en:&#13;<br \/>\n\t\t\t\t\t<a href=\"https:\/\/www.lavozdegalicia.es\/temas\/gran-hermano\/\" target=\"_blank\" class=\"mg-l\" rel=\"nofollow noopener\">Gran Hermano<\/a>&#13;<br \/>\n\t\t\t\t\t<a href=\"https:\/\/www.lavozdegalicia.es\/temas\/jorge-javier-vazquez\/\" target=\"_blank\" class=\"mg-l\" rel=\"nofollow noopener\">Jorge Javier V\u00e1zquez<\/a>&#13;<br \/>\n\t\t\t\t\t<a href=\"https:\/\/www.lavozdegalicia.es\/temas\/mediaset\/\" target=\"_blank\" class=\"mg-l\" rel=\"nofollow noopener\">Mediaset<\/a>&#13;<br \/>\n\t\t\t\t\t<a href=\"https:\/\/www.lavozdegalicia.es\/temas\/telecinco\/\" target=\"_blank\" class=\"mg-l\" rel=\"nofollow noopener\">Telecinco<\/a>&#13;<br \/>\n\t&#13;<\/p>\n<p>\t\t\t\t<script async src=\"https:\/\/platform.twitter.com\/widgets.js\" charset=\"utf-8\"><\/script><\/p>\n","protected":false},"excerpt":{"rendered":"Mamadou, primer concursante oficial de \u00abGH 20\u00bb MEDIASET El joven de 22 a\u00f1os, natural de Barcelona y administrativo&hellip;\n","protected":false},"author":2,"featured_media":209417,"comment_status":"","ping_status":"","sticky":false,"template":"","format":"standard","meta":{"footnotes":""},"categories":[171],"tags":[146,147,25,24,3057,6063,955,23,692,214],"class_list":{"0":"post-209416","1":"post","2":"type-post","3":"status-publish","4":"format-standard","5":"has-post-thumbnail","7":"category-tv","8":"tag-entertainment","9":"tag-entretenimiento","10":"tag-es","11":"tag-espana","12":"tag-gran-hermano","13":"tag-jorge-javier-vazquez","14":"tag-mediaset","15":"tag-spain","16":"tag-telecinco","17":"tag-tv"},"share_on_mastodon":{"url":"https:\/\/pubeurope.com\/@es\/115464638626772692","error":""},"_links":{"self":[{"href":"https:\/\/www.europesays.com\/es\/wp-json\/wp\/v2\/posts\/209416","targetHints":{"allow":["GET"]}}],"collection":[{"href":"https:\/\/www.europesays.com\/es\/wp-json\/wp\/v2\/posts"}],"about":[{"href":"https:\/\/www.europesays.com\/es\/wp-json\/wp\/v2\/types\/post"}],"author":[{"embeddable":true,"href":"https:\/\/www.europesays.com\/es\/wp-json\/wp\/v2\/users\/2"}],"replies":[{"embeddable":true,"href":"https:\/\/www.europesays.com\/es\/wp-json\/wp\/v2\/comments?post=209416"}],"version-history":[{"count":0,"href":"https:\/\/www.europesays.com\/es\/wp-json\/wp\/v2\/posts\/209416\/revisions"}],"wp:featuredmedia":[{"embeddable":true,"href":"https:\/\/www.europesays.com\/es\/wp-json\/wp\/v2\/media\/209417"}],"wp:attachment":[{"href":"https:\/\/www.europesays.com\/es\/wp-json\/wp\/v2\/media?parent=209416"}],"wp:term":[{"taxonomy":"category","embeddable":true,"href":"https:\/\/www.europesays.com\/es\/wp-json\/wp\/v2\/categories?post=209416"},{"taxonomy":"post_tag","embeddable":true,"href":"https:\/\/www.europesays.com\/es\/wp-json\/wp\/v2\/tags?post=209416"}],"curies":[{"name":"wp","href":"https:\/\/api.w.org\/{rel}","templated":true}]}}