{"id":209424,"date":"2025-10-30T18:58:08","date_gmt":"2025-10-30T18:58:08","guid":{"rendered":"https:\/\/www.europesays.com\/es\/209424\/"},"modified":"2025-10-30T18:58:08","modified_gmt":"2025-10-30T18:58:08","slug":"salud-confirma-un-segundo-caso-en-un-vecino-de-moron-y-otro-en-estudio-en-la-rinconada","status":"publish","type":"post","link":"https:\/\/www.europesays.com\/es\/209424\/","title":{"rendered":"Salud confirma un segundo caso en un vecino de Mor\u00f3n y otro en estudio en La Rinconada"},"content":{"rendered":"<p style=\"\">El consejero de Sanidad, Presidencia y Emergencias, <strong>Antonio Sanz<\/strong>, ha informado este jueves en Comisi\u00f3n Parlamentaria de que el Sistema de Vigilancia Epidemiol\u00f3gica de Andaluc\u00eda (SVEA) ha <strong>confirmado el segundo caso de fiebre del Nilo occidental <\/strong>(FNO) en la comunidad aut\u00f3noma esta temporada  &#8230; y <strong>estudia un nuevo caso de una persona hospitalizada<\/strong> en el Hospital Universitario Virgen Macarena.<\/p>\n<p class=\"voc-p\" style=\"\">El primero de estos casos se trata de <strong>un hombre de Mor\u00f3n de la Frontera<\/strong> (Sevilla) que <strong>padece una meningitis v\u00edrica causada por el virus del Nilo occidental<\/strong> (VNO), mostr\u00f3 los primeros s\u00edntomas el pasado martes y evoluciona favorablemente. El <strong>segundo caso<\/strong>, en investigaci\u00f3n, es un <strong>paciente con meningitis v\u00edrica hospitalizado en el Macarena procedente de La Rinconada<\/strong> (Sevilla), informa la Consejer\u00eda en un comunicado.<\/p>\n<p class=\"voc-p\" style=\"\">Este caso <strong>eleva a dos el n\u00famero de personas con FNO esta temporada en Andaluc\u00eda<\/strong>, a las que se une el caso en investigaci\u00f3n y un caso probable, que no se podr\u00e1 confirmar por faltas de pruebas concluyentes. En concreto, <strong>el caso confirmado de un adulto en Moj\u00e1car (Almer\u00eda), y un caso probable, de un menor en And\u00fajar (Ja\u00e9n)<\/strong>. \u00abAmbos superaron la enfermedad sin secuelas\u00bb, ha subrayado el consejero, que ha destacado que \u00abel n\u00famero de casos humanos ha disminuido dr\u00e1sticamente en comparaci\u00f3n al a\u00f1o pasado\u00bb, cuando se registraron 109 casos humanos y hubo que lamentar once fallecimientos.<\/p>\n<p class=\"voc-p\" style=\"\">En consecuencia, la Consejer\u00eda ha <strong>declarado \u00e1rea en alerta Mor\u00f3n de la Frontera durante cuatro semanas consecutivas <\/strong>sin que se evidencie nueva circulaci\u00f3n del VNO, esto es hasta el 26 de noviembre, y analiza la situaci\u00f3n en el caso de La Rinconada.<\/p>\n<p>\nGuadalc\u00e1zar, en alerta\n<\/p>\n<p class=\"voc-p\" style=\"\">Asimismo, Sanidad <strong>ha declarado \u00e1rea en alerta el municipio cordob\u00e9s de Guadalc\u00e1zar<\/strong> tras la detecci\u00f3n de mosquitos culex pipiens portadores de VNO en una trampa, del sistema de vigilancia entomol\u00f3gica de la Diputaci\u00f3n, situada a menos de 1,5 kil\u00f3metros del n\u00facleo de la poblaci\u00f3n. De este modo, la localidad permanecer\u00e1 en situaci\u00f3n de \u00e1rea en alerta tambi\u00e9n hasta el 26 de noviembre.<\/p>\n<p class=\"voc-p\" style=\"\">La red de vigilancia y control <strong>ha capturado mosquitos con VNO en trampas situadas a m\u00e1s de 1,5 kil\u00f3metros del n\u00facleo de poblaci\u00f3n del municipio sevillano de Utrera<\/strong>, que permanecer\u00e1 en nivel alto, y nuevamente en el de Benacaz\u00f3n, que tambi\u00e9n mantendr\u00e1 el nivel de riesgo alto.<\/p>\n<p>\nTrampas durante el invierno\n<\/p>\n<p class=\"voc-p\" style=\"\">El consejero de Sanidad, Presidencia y Emergencias, ante el incremento de positividades detectado estas semanas de octubre, ha insistido en pedir tanto a las administraciones competentes como a la ciudadan\u00eda <strong>no relajarse en la adopci\u00f3n de medidas de protecci\u00f3n y prevenci\u00f3n<\/strong> y subraya que cada acci\u00f3n local tiene un efecto directo en la protecci\u00f3n de toda la comunidad.<\/p>\n<p class=\"voc-p\" style=\"\">En este sentido, Sanz ha anunciado que <strong>la Consejer\u00eda \u00abmantendr\u00e1 una red de trampas centinelas<\/strong> tambi\u00e9n durante todo el oto\u00f1o y el invierno para continuar con la vigilancia entomol\u00f3gica\u00bb, ya que \u00ablas altas temperaturas de las \u00faltimas semanas han favorecido que contin\u00fae la circulaci\u00f3n de mosquitos\u00bb.<\/p>\n<p class=\"voc-p\" style=\"\">Antonio Sanz, que ha explicado que \u00abel dispositivo de vigilancia contin\u00faa operativo\u00bb, ha enviado un mensaje de \u00abreconocimiento a la ciudadan\u00eda por la sensibilidad y la colaboraci\u00f3n mostradas. Los andaluces siempre dando ejemplo de concienciaci\u00f3n\u00bb, al tiempo que ha agradecido la colaboraci\u00f3n de todas las administraciones.<\/p>\n<p class=\"voc-p\" style=\"\">\u00abLas medidas recogidas en la actualizaci\u00f3n del Programa de Vigilancia y Control de Vectores para 2025, consensuadas con todos los actores implicados han dado como resultado un balance positivo que han reforzado la coordinaci\u00f3n con los ayuntamientos y diputaciones, a los que agradezco su desempe\u00f1o y colaboraci\u00f3n\u00bb, ha subrayado.<\/p>\n<p class=\"voc-p\" style=\"\">El Programa, dotado con 1,2 millones de euros, contempla una mejora del modelo predictivo y la simplificaci\u00f3n de los niveles de riesgo en tres (alto, medio y bajo), en los que incluyen todos los municipios andaluces sin excepci\u00f3n. Adem\u00e1s, el operativo se extiende a todo el a\u00f1o y a toda Andaluc\u00eda, con aumento exponencial de trampas (de 27 en 2024 a 201 este a\u00f1o).<\/p>\n<p>\nCentro de investigaci\u00f3n\n<\/p>\n<p class=\"voc-p\" style=\"\">El titular de Sanidad, Presidencia y Emergencias se ha referido igualmente a la creaci\u00f3n del Centro de Investigaci\u00f3n de Zoonosis y Enfermedades Emergentes, \u00abpionero en Espa\u00f1a y Europa\u00bb; la creaci\u00f3n de un segundo laboratorio de referencia en el Hospital Universitario Virgen del Roc\u00edo, que se ha unido al del Virgen de las Nieves; la b\u00fasqueda de casos leves en las \u00e1reas en alerta y las comarcas de especial seguimiento, y a las campa\u00f1as de concienciaci\u00f3n ciudadana para una \u00abcolaboraci\u00f3n activa\u00bb.<\/p>\n<p class=\"voc-p\" style=\"\">As\u00ed, tras haber realizado estudios de laboratorio en 346 usuarios para descartar infecci\u00f3n leve por virus del Nilo, todos han resultado negativos. Adem\u00e1s, la apuesta por extender el dispositivo a toda Andaluc\u00eda ha permitido detectar la circulaci\u00f3n del virus en \u00e1reas que hasta ahora no se hab\u00edan visto afectadas, como Almer\u00eda, tal como se preve\u00eda al presentar la actualizaci\u00f3n de este Programa de Vigilancia y Control de Vectores para 2025, cuando se advirti\u00f3 de que ning\u00fan municipio est\u00e1 exento de este riesgo.<\/p>\n<p class=\"voc-p\" style=\"\">Antonio Sanz ha abundado en que los m\u00e1s de 400 inspectores de Salud P\u00fablica distribuidos por toda la comunidad han realizado 2.663 verificaciones en un total de 775 municipios y han podido constatar que el 73% de los municipios en riesgo bajo cuentan con un plan de control de mosquitos y que el 89% de los municipios en riesgo medio o alto cuentan con un plan municipal de vigilancia y control vectorial.<\/p>\n<p class=\"voc-p\" style=\"\">Finalmente, Sanz ha agradecido especialmente la implicaci\u00f3n y colaboraci\u00f3n de las farmacias andaluzas, al tiempo que ha a\u00f1adido que los equipos de proyectos locales de FNO, encargados de sensibilizar y formar a la ciudadan\u00eda, han realizado 1.448 formaciones en 537 centros escolares, 491 acciones comunitarias, 159 acciones de colaboraci\u00f3n con profesionales no sanitarios y 261 con profesionales sanitarios.<\/p>\n","protected":false},"excerpt":{"rendered":"El consejero de Sanidad, Presidencia y Emergencias, Antonio Sanz, ha informado este jueves en Comisi\u00f3n Parlamentaria de que&hellip;\n","protected":false},"author":2,"featured_media":209425,"comment_status":"","ping_status":"","sticky":false,"template":"","format":"standard","meta":{"footnotes":""},"categories":[92],"tags":[1779,25,24,1292,7751,165,3111,5046,6436,34959,166,1566,1171,23,8839,739],"class_list":{"0":"post-209424","1":"post","2":"type-post","3":"status-publish","4":"format-standard","5":"has-post-thumbnail","7":"category-salud","8":"tag-confirma","9":"tag-es","10":"tag-espana","11":"tag-estudio","12":"tag-fiebre","13":"tag-health","14":"tag-moron","15":"tag-nilo","16":"tag-provincia","17":"tag-rinconada","18":"tag-salud","19":"tag-segundo","20":"tag-sevilla","21":"tag-spain","22":"tag-vecino","23":"tag-vuelve"},"share_on_mastodon":{"url":"https:\/\/pubeurope.com\/@es\/115464654351589478","error":""},"_links":{"self":[{"href":"https:\/\/www.europesays.com\/es\/wp-json\/wp\/v2\/posts\/209424","targetHints":{"allow":["GET"]}}],"collection":[{"href":"https:\/\/www.europesays.com\/es\/wp-json\/wp\/v2\/posts"}],"about":[{"href":"https:\/\/www.europesays.com\/es\/wp-json\/wp\/v2\/types\/post"}],"author":[{"embeddable":true,"href":"https:\/\/www.europesays.com\/es\/wp-json\/wp\/v2\/users\/2"}],"replies":[{"embeddable":true,"href":"https:\/\/www.europesays.com\/es\/wp-json\/wp\/v2\/comments?post=209424"}],"version-history":[{"count":0,"href":"https:\/\/www.europesays.com\/es\/wp-json\/wp\/v2\/posts\/209424\/revisions"}],"wp:featuredmedia":[{"embeddable":true,"href":"https:\/\/www.europesays.com\/es\/wp-json\/wp\/v2\/media\/209425"}],"wp:attachment":[{"href":"https:\/\/www.europesays.com\/es\/wp-json\/wp\/v2\/media?parent=209424"}],"wp:term":[{"taxonomy":"category","embeddable":true,"href":"https:\/\/www.europesays.com\/es\/wp-json\/wp\/v2\/categories?post=209424"},{"taxonomy":"post_tag","embeddable":true,"href":"https:\/\/www.europesays.com\/es\/wp-json\/wp\/v2\/tags?post=209424"}],"curies":[{"name":"wp","href":"https:\/\/api.w.org\/{rel}","templated":true}]}}