{"id":209426,"date":"2025-10-30T18:59:13","date_gmt":"2025-10-30T18:59:13","guid":{"rendered":"https:\/\/www.europesays.com\/es\/209426\/"},"modified":"2025-10-30T18:59:13","modified_gmt":"2025-10-30T18:59:13","slug":"a-la-venta-las-entradas-de-las-proyecciones-de-fancine-valen-cuatro-euros","status":"publish","type":"post","link":"https:\/\/www.europesays.com\/es\/209426\/","title":{"rendered":"A la venta las entradas de las proyecciones de Fancine: valen cuatro euros"},"content":{"rendered":"<p>A dos semanas de la inauguraci\u00f3n y tras haber publicado su programaci\u00f3n completa, <strong>Fancine, el festival de cine fant\u00e1stico de la Universidad de M\u00e1laga<\/strong>, da inicio a partir de este jueves a la venta de entradas de su 35 edici\u00f3n, que se celebrar\u00e1 en alianza con el Festival de M\u00e1laga del 12 al 18 de noviembre con la energ\u00eda como eje tem\u00e1tico.<\/p>\n<p><a href=\"https:\/\/novaciencia.es\/wp-content\/uploads\/2025\/10\/la-virgen-de-la-tosquera-fancine-uma.jpg\" rel=\"nofollow noopener\" target=\"_blank\"><img fetchpriority=\"high\" decoding=\"async\" width=\"1024\" height=\"551\" src=\"https:\/\/www.europesays.com\/es\/wp-content\/uploads\/2025\/10\/la-virgen-de-la-tosquera-fancine-uma-1024x551.jpg\" alt=\"\" class=\"wp-image-239372\"  \/><\/a><\/p>\n<p>Las entradas para los pases del cine Alb\u00e9niz estar\u00e1n disponibles a un <strong>precio \u00fanico de 4 euros por sesi\u00f3n<\/strong> en fancine.org y los canales habituales de venta de Unientradas (web y taquilla f\u00edsica). Adem\u00e1s, los espectadores podr\u00e1n adquirir de manera presencial en la ventanilla de calle Alcazabilla un <strong>bono especial para diez proyecciones diferentes por 30 euros<\/strong>. La programaci\u00f3n completa, con horarios y sedes, puede consultarse ya en la web oficial del festival y en sus redes sociales.<\/p>\n<p>Adem\u00e1s, el festival mantendr\u00e1 una de sus tradiciones m\u00e1s queridas: el <strong>Pasaporte Fancine<\/strong>, una iniciativa que cumple ya su d\u00e9cima edici\u00f3n y que premia la fidelidad del p\u00fablico m\u00e1s fant\u00e1stico de M\u00e1laga. Este particular \u00e1lbum de pegatinas propone el visionado de una selecci\u00f3n de pel\u00edculas de la cartelera, entre las que se encuentran las diez de la competici\u00f3n oficial y otras diez de otras secciones de la parrilla. Por cada entrada adquirida para cualquiera de los t\u00edtulos participantes, los espectadores recibir\u00e1n un adhesivo que deben coleccionar en su cuadernillo. Una vez completado el n\u00famero de pel\u00edculas indicado, podr\u00e1n canjearlo por diferentes regalos promocionales del festival.<\/p>\n<p>La tarea de dise\u00f1ar los ya emblem\u00e1ticos gatetes del pasaporte recae este a\u00f1o en la ilustradora sevillana <strong>Mar\u00eda Medem<\/strong>, autora de c\u00f3mic reconocida por su estilo on\u00edrico, colorido y minimalista, presente en publicaciones internacionales y editoriales como Apa Apa C\u00f3mics o Phaidon. Medem toma el relevo a artistas como Pepo P\u00e9rez, Tom\u00e1s Hijo, \u00c1ngel Id\u00edgoras, Pedrita Parker, Natacha Bustos o el cineasta Bill Plympton, aportando su particular universo visual a esta colecci\u00f3n de divertidos felinos que acompa\u00f1ar\u00e1 al p\u00fablico en su recorrido por el festival.<\/p>\n<p>Invitados y jurados<\/p>\n<p><a href=\"https:\/\/novaciencia.es\/wp-content\/uploads\/2025\/09\/cartel-fancine-uma-2025.jpg\" rel=\"nofollow noopener\" target=\"_blank\"><img loading=\"lazy\" decoding=\"async\" width=\"1024\" height=\"576\" src=\"https:\/\/www.europesays.com\/es\/wp-content\/uploads\/2025\/10\/cartel-fancine-uma-2025-1024x576.jpg\" alt=\"\" class=\"wp-image-237337\"  \/><\/a><\/p>\n<p>Con el anuncio de la venta de entradas, Fancine ha desvelado tambi\u00e9n la cartera de invitados que estar\u00e1n en M\u00e1laga esa semana para presentar sus pel\u00edculas, reforzando as\u00ed el car\u00e1cter social del evento. Hasta <strong>seis encuentros con el p\u00fablico<\/strong> prev\u00e9 la cartelera de esta 35 edici\u00f3n, en la que se mostrar\u00e1 la diversidad y vitalidad del g\u00e9nero en la actualidad. As\u00ed, visitar\u00e1 el certamen, y dentro de Secci\u00f3n Oficial, <strong>Alberto Gastesi<\/strong>, director de \u2018Singular\u2019, que narra en su segundo largometraje una historia de ciencia ficci\u00f3n en torno a los l\u00edmites de la inteligencia artificial y al duelo humano, con Javier Rey y Patricia L\u00f3pez Arnaiz.<\/p>\n<p>El apartado Fant\u00e1stico Iberoamericano reunir\u00e1 en el Alb\u00e9niz a los equipos de cuatro proyectos. El actor y guionista <strong>Antonio Mu\u00f1oz de Mesa<\/strong> escribe, dirige y edita \u2018Santa Zeta\u2019, sobre una influencer que utiliza sus redes sociales como tapadera para recorrer el mundo cazando pederastas, obsesionada con encontrar al asesino de su hermana peque\u00f1a. Por su parte, <strong>Bruno Mart\u00edn<\/strong> hablar\u00e1 sobre \u2018Luger\u2019, un thriller fren\u00e9tico que nos llevar\u00e1 hasta un pol\u00edgono industrial para conocer a dos buscavidas que descubren una reliquia de la Segunda Guerra Mundial. Tambi\u00e9n estar\u00e1 presente <strong>Christopher Cartagena<\/strong>, que conversar\u00e1 sobre \u2018Disforia\u2019, su \u00f3pera prima, en la que se adentra en el terror con un tenso drama de supervivencia en un pa\u00eds al borde del colapso. Y desde Argentina recibiremos a <strong>Cristian Ponce<\/strong>, creador de la serie de culto \u2018La Frecuencia Kirlian\u2019, que sumerge al p\u00fablico en un universo radiof\u00f3nico de terror nocturno y realidades paralelas. Por \u00faltimo, el perfil internacional lo pondr\u00e1, desde Corea del Sur, el director <strong>Lee Sang-deok<\/strong> con el estreno mundial de \u2018Boy\u2019, una historia de corrupci\u00f3n, violencia y redenci\u00f3n en el l\u00edmite de la ciudad que se exhibe dentro de Fanzriller.<\/p>\n<p>Junto a ellos, tendr\u00e1n una participaci\u00f3n especial los miembros del jurado, con el cometido de valorar los trabajos a competici\u00f3n en el apartado de largos y cortometrajes. El <strong>jurado oficial<\/strong> se encargar\u00e1 de confeccionar el palmar\u00e9s en el formato largo, otorgando los 6.000 euros de premio a la mejor pel\u00edcula de la 35 edici\u00f3n y otros galardones honor\u00edficos. Estar\u00e1 integrado por el periodista y escritor <strong>Pablo Bujalance<\/strong>, el ensayista y catedr\u00e1tico de Ciencia Pol\u00edtica en la Universidad de M\u00e1laga <strong>Manuel Arias Maldonado<\/strong>, y la investigadora <strong>Sabrina da Paix\u00e3o Bresio<\/strong>, procedente de la Universidade de S\u00e3o Paulo (USP, Brasil). La marcada presencia acad\u00e9mica de este comit\u00e9 fortalece la esencia universitaria e internacional de Fancine, que este a\u00f1o consolida su red de alianzas con otras instituciones de educaci\u00f3n superior.<\/p>\n<p>Y en esta l\u00ednea, siete estudiantes de la UMA compondr\u00e1n el <strong>jurado joven<\/strong>, cuya misi\u00f3n ser\u00e1 otorgar el premio al mejor cortometraje de animaci\u00f3n y de imagen real, dotado con 1.500 euros cada uno. El grupo lo forman <strong>F\u00e1tima Arjona Begara<\/strong>, <strong>\u00d3scar Fern\u00e1ndez Su\u00f1e<\/strong>, <strong>Marina P\u00e9rez Herrero y Dar\u00edo Terrones Li\u00f1\u00e1n<\/strong>, estudiantes del Grado de Comunicaci\u00f3n Audiovisual, acompa\u00f1ados de <strong>Paula Dengra Cea<\/strong> (Grado en Publicidad y Relaciones P\u00fablicas), <strong>Mariam Rando Mart\u00edn<\/strong> (Grado en Educaci\u00f3n Primaria) y <strong>Alicia Sede\u00f1o Ortega<\/strong> (Grado en Historia del Arte).<\/p>\n<p>Las <strong>galas de inauguraci\u00f3n y clausura<\/strong> estar\u00e1n a cargo de la <strong>ESAD (Escuela Superior de Arte Dram\u00e1tico)<\/strong> de M\u00e1laga, que aportar\u00e1n su talento esc\u00e9nico a las ceremonias.<\/p>\n","protected":false},"excerpt":{"rendered":"A dos semanas de la inauguraci\u00f3n y tras haber publicado su programaci\u00f3n completa, Fancine, el festival de cine&hellip;\n","protected":false},"author":2,"featured_media":209427,"comment_status":"","ping_status":"","sticky":false,"template":"","format":"standard","meta":{"footnotes":""},"categories":[91],"tags":[27316,146,147,25,24,23,32496],"class_list":{"0":"post-209426","1":"post","2":"type-post","3":"status-publish","4":"format-standard","5":"has-post-thumbnail","7":"category-entretenimiento","8":"tag-c4","9":"tag-entertainment","10":"tag-entretenimiento","11":"tag-es","12":"tag-espana","13":"tag-spain","14":"tag-uma"},"share_on_mastodon":{"url":"https:\/\/pubeurope.com\/@es\/115464658511258485","error":""},"_links":{"self":[{"href":"https:\/\/www.europesays.com\/es\/wp-json\/wp\/v2\/posts\/209426","targetHints":{"allow":["GET"]}}],"collection":[{"href":"https:\/\/www.europesays.com\/es\/wp-json\/wp\/v2\/posts"}],"about":[{"href":"https:\/\/www.europesays.com\/es\/wp-json\/wp\/v2\/types\/post"}],"author":[{"embeddable":true,"href":"https:\/\/www.europesays.com\/es\/wp-json\/wp\/v2\/users\/2"}],"replies":[{"embeddable":true,"href":"https:\/\/www.europesays.com\/es\/wp-json\/wp\/v2\/comments?post=209426"}],"version-history":[{"count":0,"href":"https:\/\/www.europesays.com\/es\/wp-json\/wp\/v2\/posts\/209426\/revisions"}],"wp:featuredmedia":[{"embeddable":true,"href":"https:\/\/www.europesays.com\/es\/wp-json\/wp\/v2\/media\/209427"}],"wp:attachment":[{"href":"https:\/\/www.europesays.com\/es\/wp-json\/wp\/v2\/media?parent=209426"}],"wp:term":[{"taxonomy":"category","embeddable":true,"href":"https:\/\/www.europesays.com\/es\/wp-json\/wp\/v2\/categories?post=209426"},{"taxonomy":"post_tag","embeddable":true,"href":"https:\/\/www.europesays.com\/es\/wp-json\/wp\/v2\/tags?post=209426"}],"curies":[{"name":"wp","href":"https:\/\/api.w.org\/{rel}","templated":true}]}}