{"id":209430,"date":"2025-10-30T19:01:14","date_gmt":"2025-10-30T19:01:14","guid":{"rendered":"https:\/\/www.europesays.com\/es\/209430\/"},"modified":"2025-10-30T19:01:14","modified_gmt":"2025-10-30T19:01:14","slug":"mercadona-confirma-un-cambio-en-sus-horarios-en-sus-tiendas-de-andalucia-para-el-1-de-noviembre","status":"publish","type":"post","link":"https:\/\/www.europesays.com\/es\/209430\/","title":{"rendered":"Mercadona confirma un cambio en sus horarios en sus tiendas de Andaluc\u00eda para el 1 de noviembre"},"content":{"rendered":"<p class=\"voc-p\" style=\"\">Este s\u00e1bado, 1 de noviembre, es <strong>festivo en Espa\u00f1a por el D\u00eda de Todos los Santos<\/strong>. Se trata de una festividad de car\u00e1cter nacional, por lo que se contempla en el <a href=\"https:\/\/www.abc.es\/espana\/andalucia\/doce-festivos-andalucia-2025-publicado-boe-20241021120349-nts.html\" target=\"_self\" data-voc-vtm-id=\"in-text-traffic\" title=\"calendario laboral\" data-mrf-link=\"www.abc.es\" rel=\"nofollow noopener\">calendario laboral<\/a> de todas las localidades espa\u00f1olas. Teniendo esto en cuenta, establecimientos  &#8230; como Mercadona deber\u00edan cerrar sus puertas, pues este supermercado tiene como pol\u00edtica <strong>no abrir los festivos, aunque en este caso ser\u00e1 distinto<\/strong>.<\/p>\n<p class=\"voc-p\" style=\"\">Y es que la cadena valenciana ha anunciado un ajuste en sus horarios con motivo de <a href=\"https:\/\/www.abc.es\/sociedad\/dia-santos-origen-celebra-hoy-noviembre-espana-20241101061500-nt.html\" target=\"_self\" data-voc-vtm-id=\"in-text-traffic\" title=\"la festividad de Todos los Santos\" data-mrf-link=\"www.abc.es\" rel=\"nofollow noopener\">la festividad de Todos los Santos<\/a>, enmarcado dentro de su pol\u00edtica habitual de <strong>conciliaci\u00f3n laboral en d\u00edas festivos<\/strong>. Esta medida, aplicable en Andaluc\u00eda y en otras comunidades aut\u00f3nomas, busca <strong>equilibrar el descanso de la plantilla con la atenci\u00f3n a los clientes en fechas se\u00f1aladas<\/strong>, especialmente cuando los festivos coinciden con fines de semana o con campa\u00f1as de alta afluencia, como la actual temporada de Halloween.<\/p>\n<p>\nEste es el horario de Mercadona en Andaluc\u00eda para el 1 de noviembre\n<\/p>\n<p class=\"voc-p\" style=\"\">Seg\u00fan la informaci\u00f3n disponible en el <a href=\"https:\/\/info.mercadona.es\/es\/supermercados?\" target=\"_self\" data-voc-vtm-id=\"in-text-traffic\" title=\"localizador online\" data-mrf-link=\"info.mercadona.es\" rel=\"nofollow noopener\">localizador online<\/a> de tiendas de la compa\u00f1\u00eda, los supermercados Mercadona en Andaluc\u00eda abrir\u00e1n el s\u00e1bado 1 de noviembre, festivo nacional por la celebraci\u00f3n de Todos los Santos, en <strong>horario matinal de 09.00 a 15.00 horas<\/strong>. Se trata de una apertura excepcional respecto al horario habitual, motivada por <strong>la coincidencia del festivo con el fin de semana<\/strong>.<\/p>\n<p class=\"voc-p\" style=\"\">La empresa ha informado de este cambio mediante carteles en los establecimientos, para que <strong>los clientes puedan planificar sus compras con antelaci\u00f3n<\/strong>. Por otra parte, el domingo 2 de noviembre permanecer\u00e1n cerrados estos supermercados, mientras que a partir del d\u00eda 3 recuperar\u00e1n el horario ordinario de 09.00 a 21.30 horas, de lunes a s\u00e1bado.<\/p>\n<p>\nArt\u00edculo solo para suscriptores\n<\/p>\n<p>Reportar un error<\/p>\n","protected":false},"excerpt":{"rendered":"Este s\u00e1bado, 1 de noviembre, es festivo en Espa\u00f1a por el D\u00eda de Todos los Santos. Se trata&hellip;\n","protected":false},"author":2,"featured_media":209431,"comment_status":"","ping_status":"","sticky":false,"template":"","format":"standard","meta":{"footnotes":""},"categories":[80],"tags":[259,82,7556,1779,95,94,25,24,4074,4973,15355,23,18937],"class_list":{"0":"post-209430","1":"post","2":"type-post","3":"status-publish","4":"format-standard","5":"has-post-thumbnail","7":"category-economia","8":"tag-andalucia","9":"tag-business","10":"tag-cambio","11":"tag-confirma","12":"tag-economia","13":"tag-economy","14":"tag-es","15":"tag-espana","16":"tag-horarios","17":"tag-mercadona","18":"tag-noviembre","19":"tag-spain","20":"tag-tiendas"},"share_on_mastodon":{"url":"https:\/\/pubeurope.com\/@es\/115464666151922113","error":""},"_links":{"self":[{"href":"https:\/\/www.europesays.com\/es\/wp-json\/wp\/v2\/posts\/209430","targetHints":{"allow":["GET"]}}],"collection":[{"href":"https:\/\/www.europesays.com\/es\/wp-json\/wp\/v2\/posts"}],"about":[{"href":"https:\/\/www.europesays.com\/es\/wp-json\/wp\/v2\/types\/post"}],"author":[{"embeddable":true,"href":"https:\/\/www.europesays.com\/es\/wp-json\/wp\/v2\/users\/2"}],"replies":[{"embeddable":true,"href":"https:\/\/www.europesays.com\/es\/wp-json\/wp\/v2\/comments?post=209430"}],"version-history":[{"count":0,"href":"https:\/\/www.europesays.com\/es\/wp-json\/wp\/v2\/posts\/209430\/revisions"}],"wp:featuredmedia":[{"embeddable":true,"href":"https:\/\/www.europesays.com\/es\/wp-json\/wp\/v2\/media\/209431"}],"wp:attachment":[{"href":"https:\/\/www.europesays.com\/es\/wp-json\/wp\/v2\/media?parent=209430"}],"wp:term":[{"taxonomy":"category","embeddable":true,"href":"https:\/\/www.europesays.com\/es\/wp-json\/wp\/v2\/categories?post=209430"},{"taxonomy":"post_tag","embeddable":true,"href":"https:\/\/www.europesays.com\/es\/wp-json\/wp\/v2\/tags?post=209430"}],"curies":[{"name":"wp","href":"https:\/\/api.w.org\/{rel}","templated":true}]}}