{"id":209445,"date":"2025-10-30T19:14:11","date_gmt":"2025-10-30T19:14:11","guid":{"rendered":"https:\/\/www.europesays.com\/es\/209445\/"},"modified":"2025-10-30T19:14:11","modified_gmt":"2025-10-30T19:14:11","slug":"la-divertida-reaccion-de-sonsoles-onega-al-ver-al-hijo-de-roberto-brasero","status":"publish","type":"post","link":"https:\/\/www.europesays.com\/es\/209445\/","title":{"rendered":"la divertida reacci\u00f3n de Sonsoles \u00d3nega al ver al hijo de Roberto Brasero"},"content":{"rendered":"<p id=\"e6hKZPjgSp\" data-wc=\"98\"><strong>Roberto Brasero<\/strong>, el hombre del tiempo de Antena 3, es una de las caras m\u00e1s queridas de la televisi\u00f3n. Sin embargo, su vida personal siempre ha estado marcada por la discreci\u00f3n. Casado desde hace m\u00e1s de dos d\u00e9cadas con Bea, como \u00e9l mismo la llama cari\u00f1osamente, el presentador encontr\u00f3 en ella a su media naranja. Se conocieron trabajando y Brasero supo enseguida que estaba enamorado. \u201c<strong>Cuando sal\u00eda a hacer un reportaje con ella, que era c\u00e1mara, cuando volv\u00eda sent\u00eda algo que no me pasaba con otras<\/strong>\u00ab, cont\u00f3 el presentador en el programa Y ahora Sonsoles, de Antena 3. \u00a0<\/p>\n<p> <img src=\"https:\/\/www.europesays.com\/es\/wp-content\/uploads\/2025\/10\/e0c921d574a9-dlu569369125.jpg\"   width=\"673\" height=\"1024\" loading=\"lazy\" decoding=\"async\" alt=\"Plano entero de Roberto Brasero en el Estreno de 'Vaiana 2' en Madrid\" fetchpriority=\"auto\" class=\"image ho-image\"\/>\u00a9 GTRES<\/p>\n<p id=\"e64ycxy9TJ\" data-wc=\"53\">Desde entonces, el meteor\u00f3logo y su mujer son la viva imagen de la felicidad junto a sus cuatro hijos, Marina, \u00cd\u00f1igo, Nerea y Roc\u00edo, sus dos perros, su gato y un buen n\u00famero de peces. \u00ab<strong>Lleg\u00f3 Bea a mi vida y hemos creado una gran familia. Soy superfeliz<\/strong>\u201d, confes\u00f3 Brasero con una sonrisa.<\/p>\n<p> <img src=\"https:\/\/www.europesays.com\/es\/wp-content\/uploads\/2025\/10\/d57edd6b5311-hijo-brasero.jpg\"   width=\"994\" height=\"1024\" loading=\"lazy\" decoding=\"async\" alt=\"Roberto Brasero con su hijo \u00cd\u00f1igo en el programa 'Y ahora Sonsoles', de Antena 3\" fetchpriority=\"auto\" class=\"image ho-image\"\/>\u00a9 Antena 3Roberto Brasero con su hijo \u00cd\u00f1igo en el programa &#8216;Y ahora Sonsoles&#8217;, de Antena 3<\/p>\n<p id=\"enx_lLYqI1\" data-wc=\"74\">El matrimonio es tan discreto que apenas existen fotos de ellos juntos o con sus hijos. Por eso ha llamado especialmente la atenci\u00f3n la inesperada aparici\u00f3n de uno de ellos, \u00cd\u00f1igo, en el plat\u00f3 de Y ahora Sonsoles. El joven, de 20 a\u00f1os, acudi\u00f3 de visita al programa y acab\u00f3 convirti\u00e9ndose en protagonista. \u201c<strong>Ha sacado los rizos de su padre, no podemos cuestionar que eres hijo de tu padre<\/strong>\u201d, brome\u00f3 <a class=\"hm-link ho-link\" href=\"https:\/\/www.hola.com\/actualidad\/20251013861187\/sonsoles-onega-margaret-perro-despedida\/\" data-mrf-recirculation=\"article-body-link\" rel=\"nofollow noopener\" target=\"_blank\">Sonsoles \u00d3nega<\/a> al verle.\u00a0<\/p>\n<p> <img src=\"https:\/\/www.europesays.com\/es\/wp-content\/uploads\/2025\/10\/2230a55c967f-hijo-brasero2.jpg\"   width=\"1024\" height=\"576\" loading=\"lazy\" decoding=\"async\" alt=\"Sonsoles \u00d3nega y Roberto Brasero con su hijo \u00cd\u00f1igo\" fetchpriority=\"auto\" class=\"image ho-image\"\/>\u00a9 Antena 3Sonsoles \u00d3nega y Roberto Brasero con su hijo \u00cd\u00f1igo<\/p>\n<p id=\"e9gJmep9D8R\" data-wc=\"79\">\u201cHa venido de visita y le quer\u00e9is sacar en la tele\u201d, respondi\u00f3 Brasero entre risas, mientras la presentadora insist\u00eda divertida: \u201cPues s\u00ed, cualquier oportunidad la aprovechamos\u201d. \u201cS\u00ed, ha sacado el pelo de su padre y el color de su madre\u201d, a\u00f1adi\u00f3 el meteor\u00f3logo, orgulloso. \u00ab<strong>Es guap\u00edsimo. Luce muy bien<\/strong>\u00ab, dijo Sonsoles. \u00cd\u00f1igo, con timidez, dio las gracias a la presentadora y provoc\u00f3 una sonrisa general en el plat\u00f3, dejando uno de los momentos m\u00e1s espont\u00e1neos y entra\u00f1ables del programa.\u00a0<\/p>\n<p> <img src=\"https:\/\/www.europesays.com\/es\/wp-content\/uploads\/2025\/10\/c8cf967f8c92-braseros-hijos.jpg\"   width=\"1024\" height=\"682\" loading=\"lazy\" decoding=\"async\" alt=\"Roberto Brasero con sus cuatro hijos, Marina, \u00cd\u00f1igo, Nerea y Roc\u00edo\" fetchpriority=\"auto\" class=\"image ho-image\"\/>\u00a9 GTRESRoberto Brasero con sus cuatro hijos, Marina, \u00cd\u00f1igo, Nerea y Roc\u00edo<\/p>\n<p id=\"e0O1M_R3IM-\" data-wc=\"62\">Seg\u00fan cont\u00f3 Brasero en una entrevista concedida a\u00a0LOC, dedica a los suyos la mayor parte de su tiempo libre. \u00abMe encanta jugar con mis ni\u00f1os, re\u00edrme, salir al campo, tomar el sol y respirar al aire libre, aunque cada vez cueste m\u00e1s, lamentablemente\u00bb, declar\u00f3. \u00ab<strong>\u00a1Intento ser un buen padre, equilibrando la disciplina con el disfrute! Mi familia es mi pilar<\/strong>\u00ab, a\u00f1adi\u00f3.\u00a0<\/p>\n","protected":false},"excerpt":{"rendered":"Roberto Brasero, el hombre del tiempo de Antena 3, es una de las caras m\u00e1s queridas de la&hellip;\n","protected":false},"author":2,"featured_media":209446,"comment_status":"","ping_status":"","sticky":false,"template":"","format":"standard","meta":{"footnotes":""},"categories":[174],"tags":[517,255,146,147,25,24,256,932,23],"class_list":{"0":"post-209445","1":"post","2":"type-post","3":"status-publish","4":"format-standard","5":"has-post-thumbnail","7":"category-famosos","8":"tag-actualidad","9":"tag-celebrities","10":"tag-entertainment","11":"tag-entretenimiento","12":"tag-es","13":"tag-espana","14":"tag-famosos","15":"tag-hijos-de-famosos","16":"tag-spain"},"share_on_mastodon":{"url":"https:\/\/pubeurope.com\/@es\/115464717247098735","error":""},"_links":{"self":[{"href":"https:\/\/www.europesays.com\/es\/wp-json\/wp\/v2\/posts\/209445","targetHints":{"allow":["GET"]}}],"collection":[{"href":"https:\/\/www.europesays.com\/es\/wp-json\/wp\/v2\/posts"}],"about":[{"href":"https:\/\/www.europesays.com\/es\/wp-json\/wp\/v2\/types\/post"}],"author":[{"embeddable":true,"href":"https:\/\/www.europesays.com\/es\/wp-json\/wp\/v2\/users\/2"}],"replies":[{"embeddable":true,"href":"https:\/\/www.europesays.com\/es\/wp-json\/wp\/v2\/comments?post=209445"}],"version-history":[{"count":0,"href":"https:\/\/www.europesays.com\/es\/wp-json\/wp\/v2\/posts\/209445\/revisions"}],"wp:featuredmedia":[{"embeddable":true,"href":"https:\/\/www.europesays.com\/es\/wp-json\/wp\/v2\/media\/209446"}],"wp:attachment":[{"href":"https:\/\/www.europesays.com\/es\/wp-json\/wp\/v2\/media?parent=209445"}],"wp:term":[{"taxonomy":"category","embeddable":true,"href":"https:\/\/www.europesays.com\/es\/wp-json\/wp\/v2\/categories?post=209445"},{"taxonomy":"post_tag","embeddable":true,"href":"https:\/\/www.europesays.com\/es\/wp-json\/wp\/v2\/tags?post=209445"}],"curies":[{"name":"wp","href":"https:\/\/api.w.org\/{rel}","templated":true}]}}