{"id":209464,"date":"2025-10-30T19:26:08","date_gmt":"2025-10-30T19:26:08","guid":{"rendered":"https:\/\/www.europesays.com\/es\/209464\/"},"modified":"2025-10-30T19:26:08","modified_gmt":"2025-10-30T19:26:08","slug":"dos-detenidos-en-los-incidentes-en-pamplona-tras-la-suspension-de-un-acto-de-vito-quiles-en-la-universidad-de-navarra-educacion","status":"publish","type":"post","link":"https:\/\/www.europesays.com\/es\/209464\/","title":{"rendered":"Dos detenidos en los incidentes en Pamplona tras la suspensi\u00f3n de un acto de Vito Quiles en la Universidad de Navarra | Educaci\u00f3n"},"content":{"rendered":"<p class=\"\">Dos personas han sido detenidas esta tarde en Pamplona durante los incidentes causados por miembros de grupos escindidos de la izquierda abertzale que protestan por la convocatoria de un acto del agitador ultra Vito Quiles en la Universidad de Pamplona, que ha sido suspendido por motivos de seguridad. Seg\u00fan publica El Espa\u00f1ol, el periodista de este medio Jos\u00e9 Ismael Mart\u00ednez ha sido agredido \u201cbrutalmente\u201d por encapuchados mientras informaba de los altercados.<\/p>\n<p class=\"\">Una publicaci\u00f3n en la red social X con un punto rojo seguido de un \u201cURGENTE\u201d a las 16:34 de este jueves. As\u00ed ha anunciado el propio Quiles la suspensi\u00f3n del acto, que forma parte de <a href=\"https:\/\/elpais.com\/espana\/catalunya\/2025-10-16\/vito-quiles-desata-las-protestas-en-la-universidad-autonoma-de-barcelona.html\" target=\"_self\" rel=\"nofollow noopener\" title=\"https:\/\/elpais.com\/espana\/catalunya\/2025-10-16\/vito-quiles-desata-las-protestas-en-la-universidad-autonoma-de-barcelona.html\">una gira por universidades espa\u00f1olas<\/a>. Alega como raz\u00f3n una advertencia de la jefatura de Polic\u00eda Nacional de que no pod\u00eda garantizar la seguridad del acto, previsto para las seis de la tarde. La Delegaci\u00f3n del Gobierno en Navarra, sin embargo, niega que se haya comunicado esa circunstancia al agitador.<\/p>\n<p class=\"\">En su publicaci\u00f3n en redes, Quiles habla adem\u00e1s de que \u201cla Polic\u00eda ha interceptado a esta hora 16 cuchillos y navajas en un registro aleatorio realizado en Pamplona a dos autobuses procedentes de Bilbao\u201d, algo que la Delegaci\u00f3n afirma que es totalmente falso. <\/p>\n<p class=\"\"><a href=\"https:\/\/elpais.com\/opinion\/2025-10-19\/vito-quiles-contra-la-anti-espana.html\" target=\"_self\" rel=\"nofollow noopener\" title=\"https:\/\/elpais.com\/opinion\/2025-10-19\/vito-quiles-contra-la-anti-espana.html\">El agitador hab\u00eda anunciado su presencia en la Universidad de Navarra<\/a>, un centro privado dependiente del Opus Dei, a diferencia de otras ciudades donde sus eventos los hab\u00eda convocado en universidades p\u00fablicas. El centro acad\u00e9mico navarro deneg\u00f3 la autorizaci\u00f3n para celebrar el acto en sus instalaciones ya que considera que no se ajusta a las actividades que se celebran en la universidad. <\/p>\n<p class=\"\">Sin embargo, Quiles mantuvo la convocatoria asegurando que la realizar\u00eda en la explanada frente a la Facultad de Comunicaci\u00f3n, por ser un espacio exterior p\u00fablico. No obstante, desde la Delegaci\u00f3n del Gobierno aseguran que tampoco se realiz\u00f3 la comunicaci\u00f3n del evento en la v\u00eda p\u00fablica en las 24 horas previas que marca la legislaci\u00f3n para garantizar el derecho de reuni\u00f3n. <\/p>\n<p class=\"\">El acto hab\u00eda generado tambi\u00e9n la llamada a la movilizaci\u00f3n de grupos escindidos de la izquierda abertzale como Gazte Koordinadora Sozialista (GKS) por lo que, ante la posibilidad de incidentes, la Universidad de Navarra ha comunicado a media ma\u00f1ana del jueves la suspensi\u00f3n de la actividad acad\u00e9mica a partir de las tres de la tarde. <\/p>\n<p class=\"\">En una carta remitida a empleados y estudiantes, tambi\u00e9n publicada como comunicado, la rectora Mar\u00eda Iraburu ha definido la Universidad de Navarra como \u201clugar de encuentro, reflexi\u00f3n, convivencia pac\u00edfica, debate sereno y respeto al otro\u201d. La rectora a\u00f1ade: \u201cVivimos tiempos de fuerte polarizaci\u00f3n, en los que palabras e ideas se manipulan y tergiversan y en los que la coherencia se confunde en ocasiones con la agresividad\u201d. <\/p>\n<p class=\"\">El centro universitario hab\u00eda pedido la colaboraci\u00f3n a la Delegaci\u00f3n del Gobierno, que ha desplegado un dispositivo de seguridad en el entorno de la Facultad de Comunicaci\u00f3n desde primera hora de la tarde para evitar enfrentamientos entre seguidores de Quiles y de GKS. <\/p>\n<p class=\"\">Pese a la suspensi\u00f3n del acto, varios centenares de j\u00f3venes han acudido al campus de la universidad privada para rechazar un evento que no se ha llegado a producir. Sin que se haya visto a Quiles por el lugar, han mantenido varios enfrentamientos con el dispositivo policial en el campus. <\/p>\n<p class=\"\">Posteriormente, estos disturbios se han desplazado al barrio pamplon\u00e9s de Iturrama, el m\u00e1s cercano al centro universitario. All\u00ed continuaban sobre las 7 de esta tarde los enfrentamientos entre estos grupos radicales, que han tumbado contenedores de basura y formado barreras con ellos, y los agentes antidisturbios<\/p>\n<p class=\"\">El agitador ultra ha visitado en las \u00faltimas semanas otras universidades en las que tambi\u00e9n pretend\u00eda protagonizar actos a pesar de no contar con autorizaci\u00f3n y en la que se han producido incidentes y actos de protesta, como <a href=\"https:\/\/elpais.com\/espana\/catalunya\/2025-10-16\/vito-quiles-desata-las-protestas-en-la-universidad-autonoma-de-barcelona.html\" target=\"_self\" rel=\"nofollow noopener\" title=\"https:\/\/elpais.com\/espana\/catalunya\/2025-10-16\/vito-quiles-desata-las-protestas-en-la-universidad-autonoma-de-barcelona.html\">el pasado d\u00eda 16 en la Universidad Aut\u00f3noma de Barcelona<\/a> y el d\u00eda 23 en la Universidad Pablo de Olavide, en Sevilla.<\/p>\n","protected":false},"excerpt":{"rendered":"Dos personas han sido detenidas esta tarde en Pamplona durante los incidentes causados por miembros de grupos escindidos&hellip;\n","protected":false},"author":2,"featured_media":209465,"comment_status":"","ping_status":"","sticky":false,"template":"","format":"standard","meta":{"footnotes":""},"categories":[8],"tags":[17,18,2026,25,24,13,14,11,19,20,708,9,10,15,16,1358,952,20046,492,23,12,21,22,4247,2845],"class_list":{"0":"post-209464","1":"post","2":"type-post","3":"status-publish","4":"format-standard","5":"has-post-thumbnail","7":"category-espana","8":"tag-breaking-news","9":"tag-breakingnews","10":"tag-educacion","11":"tag-es","12":"tag-espana","13":"tag-featured-news","14":"tag-featurednews","15":"tag-headlines","16":"tag-latest-news","17":"tag-latestnews","18":"tag-navarra","19":"tag-news","20":"tag-noticias","21":"tag-noticias-destacadas","22":"tag-noticiasdestacadas","23":"tag-pamplona","24":"tag-politica","25":"tag-seguridad-ciudadana","26":"tag-sociedad","27":"tag-spain","28":"tag-titulares","29":"tag-ultimas-noticias","30":"tag-ultimasnoticias","31":"tag-ultraderecha","32":"tag-universidad"},"share_on_mastodon":{"url":"https:\/\/pubeurope.com\/@es\/115464764486202270","error":""},"_links":{"self":[{"href":"https:\/\/www.europesays.com\/es\/wp-json\/wp\/v2\/posts\/209464","targetHints":{"allow":["GET"]}}],"collection":[{"href":"https:\/\/www.europesays.com\/es\/wp-json\/wp\/v2\/posts"}],"about":[{"href":"https:\/\/www.europesays.com\/es\/wp-json\/wp\/v2\/types\/post"}],"author":[{"embeddable":true,"href":"https:\/\/www.europesays.com\/es\/wp-json\/wp\/v2\/users\/2"}],"replies":[{"embeddable":true,"href":"https:\/\/www.europesays.com\/es\/wp-json\/wp\/v2\/comments?post=209464"}],"version-history":[{"count":0,"href":"https:\/\/www.europesays.com\/es\/wp-json\/wp\/v2\/posts\/209464\/revisions"}],"wp:featuredmedia":[{"embeddable":true,"href":"https:\/\/www.europesays.com\/es\/wp-json\/wp\/v2\/media\/209465"}],"wp:attachment":[{"href":"https:\/\/www.europesays.com\/es\/wp-json\/wp\/v2\/media?parent=209464"}],"wp:term":[{"taxonomy":"category","embeddable":true,"href":"https:\/\/www.europesays.com\/es\/wp-json\/wp\/v2\/categories?post=209464"},{"taxonomy":"post_tag","embeddable":true,"href":"https:\/\/www.europesays.com\/es\/wp-json\/wp\/v2\/tags?post=209464"}],"curies":[{"name":"wp","href":"https:\/\/api.w.org\/{rel}","templated":true}]}}