{"id":209466,"date":"2025-10-30T19:27:17","date_gmt":"2025-10-30T19:27:17","guid":{"rendered":"https:\/\/www.europesays.com\/es\/209466\/"},"modified":"2025-10-30T19:27:17","modified_gmt":"2025-10-30T19:27:17","slug":"asi-es-alejo-miranda-de-larra-el-senador-elegido-por-el-pp-para-interrogar-de-forma-incisiva-a-sanchez-en-la-comision-koldo","status":"publish","type":"post","link":"https:\/\/www.europesays.com\/es\/209466\/","title":{"rendered":"As\u00ed es Alejo Miranda de Larra, el senador elegido por el PP para interrogar de forma incisiva a S\u00e1nchez en la &#8216;comisi\u00f3n Koldo&#8217;"},"content":{"rendered":"<p class=\"c-paragraph\">La comisi\u00f3n de investigaci\u00f3n del caso Koldo en el Senado concluy\u00f3 con el interrogatorio del senador del PP Alejo Miranda de Larra al presidente del Gobierno, Pedro S\u00e1nchez, un debate <b>marcado por constantes encontronazos e interrupciones.\u00a0<\/b><\/p>\n<p class=\"c-paragraph\">Miranda no es nuevo en este tipo de comparecencias: en los \u00faltimos meses<b> ha liderado m\u00e1s de 90 interrogatorios clave por parte del PP,<\/b> incluyendo a figuras de alto perfil como el ministro de Transportes, \u00d3scar Puente, el ministro del Interior, Fernando Grande-Marlaska, y la presidenta de Navarra, Mar\u00eda Chivite.<\/p>\n<p class=\"c-paragraph\">Aunque poco conocido en la pol\u00edtica nacional, Miranda mantiene adem\u00e1s estrechos v\u00ednculos con la Comunidad de Madrid: en 2020 ocupaba la direcci\u00f3n general de Infraestructuras Sanitarias, desempe\u00f1ando<b> un papel clave en el proyecto del Hospital Zendal durante la pandemia.<\/b><\/p>\n<p>El recorrido pol\u00edtico de Miranda<\/p>\n<p class=\"c-paragraph\">Nacido en 1981, Miranda es descendiente del escritor, periodista y pol\u00edtico Mariano Jos\u00e9 de Larra. Se licenci\u00f3 en Derecho y cuenta con formaci\u00f3n de posgrado en disciplinas como tributaci\u00f3n, asesor\u00eda fiscal y direcci\u00f3n de campa\u00f1as pol\u00edticas.<\/p>\n<p class=\"c-paragraph\">Durante siete a\u00f1os ostent\u00f3 distintos cargos en la Comunidad de Madrid; durante la pandemia, como director General de Infraestructuras Sanitarias, inaugur\u00f3, efectivamente, el hospital Zendal junto al entonces l\u00edder del PP, Pablo Casado, y la presidenta de la Comunidad de Madrid, Isabel D\u00edaz Ayuso.\u00a0<\/p>\n<p class=\"c-paragraph\">Antes de eso, fue director la Agencia de Vivienda Social (IVIMA), trabaj\u00f3 en el gabinete de la Presidenta de la Comunidad de Madrid y ejerci\u00f3 como consejero t\u00e9cnico del Ayuntamiento de la capital. Adem\u00e1s, de forma independiente, \u00abfund\u00f3 su propia\u00a0start-up\u00a0de consultor\u00eda tecnol\u00f3gica\u00bb, seg\u00fan concreta \u00e9l mismo en su biograf\u00eda del Senado.\u00a0<\/p>\n<p class=\"c-paragraph\">Despu\u00e9s se convirti\u00f3 en Director General de Inversiones y Desarrollo Local entre 2021 y 2023. Tras ello, pas\u00f3 al Senado, donde ha adquirido un papel muy relevante en la Comisi\u00f3n de Investigaci\u00f3n <b>por sus interrogatorios incisivos.<\/b><\/p>\n","protected":false},"excerpt":{"rendered":"La comisi\u00f3n de investigaci\u00f3n del caso Koldo en el Senado concluy\u00f3 con el interrogatorio del senador del PP&hellip;\n","protected":false},"author":2,"featured_media":209467,"comment_status":"","ping_status":"","sticky":false,"template":"","format":"standard","meta":{"footnotes":""},"categories":[5],"tags":[27003,17,18,25,24,13,14,11,19,20,9126,9,10,15,16,10747,40722,3215,23,12,21,22],"class_list":{"0":"post-209466","1":"post","2":"type-post","3":"status-publish","4":"format-standard","5":"has-post-thumbnail","7":"category-titulares","8":"tag-alejo","9":"tag-breaking-news","10":"tag-breakingnews","11":"tag-es","12":"tag-espana","13":"tag-featured-news","14":"tag-featurednews","15":"tag-headlines","16":"tag-latest-news","17":"tag-latestnews","18":"tag-miranda","19":"tag-news","20":"tag-noticias","21":"tag-noticias-destacadas","22":"tag-noticiasdestacadas","23":"tag-quien","24":"tag-senador","25":"tag-seo20","26":"tag-spain","27":"tag-titulares","28":"tag-ultimas-noticias","29":"tag-ultimasnoticias"},"share_on_mastodon":{"url":"https:\/\/pubeurope.com\/@es\/115464768281839382","error":""},"_links":{"self":[{"href":"https:\/\/www.europesays.com\/es\/wp-json\/wp\/v2\/posts\/209466","targetHints":{"allow":["GET"]}}],"collection":[{"href":"https:\/\/www.europesays.com\/es\/wp-json\/wp\/v2\/posts"}],"about":[{"href":"https:\/\/www.europesays.com\/es\/wp-json\/wp\/v2\/types\/post"}],"author":[{"embeddable":true,"href":"https:\/\/www.europesays.com\/es\/wp-json\/wp\/v2\/users\/2"}],"replies":[{"embeddable":true,"href":"https:\/\/www.europesays.com\/es\/wp-json\/wp\/v2\/comments?post=209466"}],"version-history":[{"count":0,"href":"https:\/\/www.europesays.com\/es\/wp-json\/wp\/v2\/posts\/209466\/revisions"}],"wp:featuredmedia":[{"embeddable":true,"href":"https:\/\/www.europesays.com\/es\/wp-json\/wp\/v2\/media\/209467"}],"wp:attachment":[{"href":"https:\/\/www.europesays.com\/es\/wp-json\/wp\/v2\/media?parent=209466"}],"wp:term":[{"taxonomy":"category","embeddable":true,"href":"https:\/\/www.europesays.com\/es\/wp-json\/wp\/v2\/categories?post=209466"},{"taxonomy":"post_tag","embeddable":true,"href":"https:\/\/www.europesays.com\/es\/wp-json\/wp\/v2\/tags?post=209466"}],"curies":[{"name":"wp","href":"https:\/\/api.w.org\/{rel}","templated":true}]}}