{"id":209514,"date":"2025-10-30T20:05:09","date_gmt":"2025-10-30T20:05:09","guid":{"rendered":"https:\/\/www.europesays.com\/es\/209514\/"},"modified":"2025-10-30T20:05:09","modified_gmt":"2025-10-30T20:05:09","slug":"hello-kitty-tendra-su-propia-pelicula-en-2028","status":"publish","type":"post","link":"https:\/\/www.europesays.com\/es\/209514\/","title":{"rendered":"Hello Kitty tendr\u00e1 su propia pel\u00edcula en 2028"},"content":{"rendered":"<p>      CNN Espa\u00f1ol<br \/>\n        \u00a0\u2014\u00a0<\/p>\n<p class=\"paragraph inline-placeholder vossi-paragraph\" data-uri=\"es.cms.cnn.com\/_components\/paragraph\/instances\/cmhdi8x4j005l27p7csh4arvz@published\" data-editable=\"text\" data-component-name=\"paragraph\" data-article-gutter=\"true\">\n            Warner Bros. anunci\u00f3 este jueves que producir\u00e1 una pel\u00edcula basada en <a href=\"https:\/\/cnnespanol.cnn.com\/2024\/11\/01\/hello-kitty-50-aniversario-japan-trax\" rel=\"nofollow noopener\" target=\"_blank\">Hello Kitty<\/a>, el popular personaje de la marca japonesa Sanrio creado por el dise\u00f1ador Yuko Shimizu en 1974. (Warner Bros. es parte de la corporaci\u00f3n Warner Bros. Discovery, de la que tambi\u00e9n forma parte CNN en Espa\u00f1ol).\n    <\/p>\n<p class=\"paragraph inline-placeholder vossi-paragraph\" data-uri=\"es.cms.cnn.com\/_components\/paragraph\/instances\/cmhdj2rdy0018356npuegaezl@published\" data-editable=\"text\" data-component-name=\"paragraph\" data-article-gutter=\"true\">\n            El anuncio fue hecho por el estudio de cine en una <a href=\"https:\/\/x.com\/warnerbros\/status\/1983687023920869382\" target=\"_blank\" rel=\"nofollow\">publicaci\u00f3n<\/a> en redes sociales, en la que revel\u00f3 que el estreno est\u00e1 previsto para el 21 de julio de 2028.\n    <\/p>\n<p class=\"paragraph inline-placeholder vossi-paragraph\" data-uri=\"es.cms.cnn.com\/_components\/paragraph\/instances\/cmhdi92fi0000356ntnja0kkf@published\" data-editable=\"text\" data-component-name=\"paragraph\" data-article-gutter=\"true\">\n            Se sumar\u00eda a una tendencia de pel\u00edculas inspiradas en juguetes, como \u201c<a href=\"https:\/\/cnnespanol.cnn.com\/2023\/09\/26\/barbie-munecas-apoyo-emocional-psicologos-algo-bueno-trax\" rel=\"nofollow noopener\" target=\"_blank\">Barbie<\/a>\u201d (2023), \u201c<a href=\"https:\/\/www.cnn.com\/videos\/spanish\/2023\/04\/07\/chris-pine-dungeons-dragons-calabozos-y-dragones-entrevista-merino-pkg-digital.cnn\" rel=\"nofollow noopener\" target=\"_blank\">Dungeons &amp; Dragons: Honor Among Thieves<\/a>\u201d, (2023), \u201c<a href=\"https:\/\/cnnespanol.cnn.com\/2015\/01\/16\/la-gran-aventura-lego-se-construye-su-propia-estatuilla-del-oscar\" rel=\"nofollow noopener\" target=\"_blank\">The Lego Movie<\/a>\u201d (2014), \u201c<a href=\"https:\/\/www.imdb.com\/title\/tt1679335\/?ref_=nv_sr_srsg_0_tt_8_nm_0_in_0_q_Trolls\" target=\"_blank\" rel=\"nofollow noopener\">Trolls<\/a>\u201d (2016) y \u201c<a href=\"https:\/\/www.imdb.com\/title\/tt0418279\/?ref_=nv_sr_srsg_1_tt_7_nm_0_in_0_q_Transformers\" target=\"_blank\" rel=\"nofollow noopener\">Transformers<\/a>\u201d (2007), entre otros.\n    <\/p>\n<blockquote class=\"twitter__tweet\">\n<blockquote class=\"twitter-tweet\">\n<p lang=\"en\" dir=\"ltr\">Hello Hollywood \ud83c\udf80\ud83c\udf34\ud83c\udfac\u2070<a href=\"https:\/\/twitter.com\/hashtag\/HelloKittyMovie?src=hash&amp;ref_src=twsrc%5Etfw\" target=\"_blank\" rel=\"nofollow noopener\">#HelloKittyMovie<\/a> is coming to theaters July 21, 2028! <a href=\"https:\/\/t.co\/8n5QlEeC2k\" target=\"_blank\" rel=\"nofollow\">pic.twitter.com\/8n5QlEeC2k<\/a><\/p>\n<p>\u2014 Warner Bros. (@warnerbros) <a href=\"https:\/\/twitter.com\/warnerbros\/status\/1983687023920869382?ref_src=twsrc%5Etfw\" target=\"_blank\" rel=\"nofollow noopener\">October 30, 2025<\/a><\/p><\/blockquote>\n<\/blockquote>\n<p class=\"paragraph inline-placeholder vossi-paragraph\" data-uri=\"es.cms.cnn.com\/_components\/paragraph\/instances\/cmhdj2hdn0012356nheuicaic@published\" data-editable=\"text\" data-component-name=\"paragraph\" data-article-gutter=\"true\">\n            Se ignoran los detalles, pero Warner Bros. inform\u00f3 que la pel\u00edcula animada ser\u00e1 dirigida por Leo Matsuda y escrita por Dana Fox, guionista de \u201cWicked\u201d. La cinta es una producci\u00f3n de Warner Bros. Pictures Animation y New Line Cinema.\n    <\/p>\n<p class=\"paragraph inline-placeholder vossi-paragraph\" data-uri=\"es.cms.cnn.com\/_components\/paragraph\/instances\/cmhdj816u001o356nbsa1bztc@published\" data-editable=\"text\" data-component-name=\"paragraph\" data-article-gutter=\"true\">\n            El personaje de Hello Kitty fue introducido hace ya medio siglo por la empresa japonesa de merchandising Sanrio. El personaje, cuyo nombre es Kitty White, es una alegre ni\u00f1a felina (no un gato, como su creador revel\u00f3 causando pol\u00e9mica en 2014) que vive con su familia en los suburbios de Londres.\n    <\/p>\n<p class=\"paragraph inline-placeholder vossi-paragraph\" data-uri=\"es.cms.cnn.com\/_components\/paragraph\/instances\/cmhdjsjwf0021356n8azzhl2s@published\" data-editable=\"text\" data-component-name=\"paragraph\" data-article-gutter=\"true\">\n            Seg\u00fan report\u00f3 CNN en 2024, Hello Kitty es tambi\u00e9n un gigante comercial que ha hecho ganar a su creador unos US$ 80.000 millones, lo que la sit\u00faa junto a Pok\u00e9mon, Mickey Mouse y Winnie-the-Pooh como las franquicias m\u00e1s taquilleras de la historia.\n    <\/p>\n<p class=\"paragraph inline-placeholder vossi-paragraph\" data-uri=\"es.cms.cnn.com\/_components\/paragraph\/instances\/cmhdjw9jb0025356n2z4kmlq3@published\" data-editable=\"text\" data-component-name=\"paragraph\" data-article-gutter=\"true\">\n            Varias dise\u00f1adoras comparten la autor\u00eda del personaje. La dise\u00f1adora Yuko Shimizu, quien dise\u00f1\u00f3 la emblem\u00e1tica figura \u2014una cara sin boca, una nariz amarilla ovalada, bigotes y un lazo\u2014 por primera vez en 1974 para adornar art\u00edculos infantiles y de papeler\u00eda. Pero el \u00e9xito global lleg\u00f3 cuando la ilustradora Yuko Yamaguchi se hizo cargo de la identidad visual del personaje durante casi 45 a\u00f1os.\n    <\/p>\n<p>              <script async src=\"https:\/\/platform.twitter.com\/widgets.js\" charset=\"utf-8\"><\/script><\/p>\n","protected":false},"excerpt":{"rendered":"CNN Espa\u00f1ol \u00a0\u2014\u00a0 Warner Bros. anunci\u00f3 este jueves que producir\u00e1 una pel\u00edcula basada en Hello Kitty, el popular&hellip;\n","protected":false},"author":2,"featured_media":209515,"comment_status":"","ping_status":"","sticky":false,"template":"","format":"standard","meta":{"footnotes":""},"categories":[169],"tags":[177,146,147,25,24,176,56819,150,562,175,753,23],"class_list":{"0":"post-209514","1":"post","2":"type-post","3":"status-publish","4":"format-standard","5":"has-post-thumbnail","7":"category-cine","8":"tag-cine","9":"tag-entertainment","10":"tag-entretenimiento","11":"tag-es","12":"tag-espana","13":"tag-film","14":"tag-hello-kitty","15":"tag-instanoticias","16":"tag-juguetes","17":"tag-movies","18":"tag-peliculas","19":"tag-spain"},"share_on_mastodon":{"url":"https:\/\/pubeurope.com\/@es\/115464917692405089","error":""},"_links":{"self":[{"href":"https:\/\/www.europesays.com\/es\/wp-json\/wp\/v2\/posts\/209514","targetHints":{"allow":["GET"]}}],"collection":[{"href":"https:\/\/www.europesays.com\/es\/wp-json\/wp\/v2\/posts"}],"about":[{"href":"https:\/\/www.europesays.com\/es\/wp-json\/wp\/v2\/types\/post"}],"author":[{"embeddable":true,"href":"https:\/\/www.europesays.com\/es\/wp-json\/wp\/v2\/users\/2"}],"replies":[{"embeddable":true,"href":"https:\/\/www.europesays.com\/es\/wp-json\/wp\/v2\/comments?post=209514"}],"version-history":[{"count":0,"href":"https:\/\/www.europesays.com\/es\/wp-json\/wp\/v2\/posts\/209514\/revisions"}],"wp:featuredmedia":[{"embeddable":true,"href":"https:\/\/www.europesays.com\/es\/wp-json\/wp\/v2\/media\/209515"}],"wp:attachment":[{"href":"https:\/\/www.europesays.com\/es\/wp-json\/wp\/v2\/media?parent=209514"}],"wp:term":[{"taxonomy":"category","embeddable":true,"href":"https:\/\/www.europesays.com\/es\/wp-json\/wp\/v2\/categories?post=209514"},{"taxonomy":"post_tag","embeddable":true,"href":"https:\/\/www.europesays.com\/es\/wp-json\/wp\/v2\/tags?post=209514"}],"curies":[{"name":"wp","href":"https:\/\/api.w.org\/{rel}","templated":true}]}}