{"id":209522,"date":"2025-10-30T20:09:09","date_gmt":"2025-10-30T20:09:09","guid":{"rendered":"https:\/\/www.europesays.com\/es\/209522\/"},"modified":"2025-10-30T20:09:09","modified_gmt":"2025-10-30T20:09:09","slug":"actualizan-los-requisitos-para-conseguir-a-mega-greninja-y-mega-delphox-en-leyendas-pokemon-z-a","status":"publish","type":"post","link":"https:\/\/www.europesays.com\/es\/209522\/","title":{"rendered":"Actualizan los requisitos para conseguir a Mega Greninja y Mega Delphox en Leyendas Pok\u00e9mon: Z-A"},"content":{"rendered":"<p>\u00a1Parece que hay cambios en <a href=\"https:\/\/www.nintenderos.com\/2024\/03\/leyendas-pokemon-z-a-un-vistazo-al-futuro-o-un-retorno-al-pasado\/\" rel=\"nofollow noopener\" target=\"_blank\">Leyendas Pok\u00e9mon: Z-A<\/a>! El juego\u00a0<strong>ya est\u00e1 disponible\u00a0en Switch y Switch 2<\/strong>\u00a0y ahora tenemos m\u00e1s contenidos que se suman a\u00a0<a href=\"https:\/\/www.nintenderos.com\/nintendo-switch-2\/leyendas-pokemon-z-a-confirma-precios-oficiales-en-nintendo-switch-y-nintendo-switch-2\" rel=\"nofollow noopener\" target=\"_blank\">sus precios oficiales<\/a>.<\/p>\n<p>Ya sab\u00e9is que Leyendas Pok\u00e9mon: Z-A\u00a0<a href=\"https:\/\/www.nintenderos.com\/nintendo-switch-2\/nintendo-switch-2-los-zeldas-kirby-y-la-tierra-olvidada-metroid-prime-4-beyond-y-leyendas-pokemon-z-a-tambien-confirman-ediciones-para-la-sucesora\/\" rel=\"nofollow noopener\" target=\"_blank\">ha confirmado edici\u00f3n mejorada<\/a>\u00a0para Nintendo Switch 2. Ahora, tras su\u00a0<a href=\"https:\/\/www.nintenderos.com\/nintendo-switch-2\/leyendas-pokemon-z-a-ya-ha-recibido-su-primera-actualizacion-en-nintendo-switch-y-nintendo-switch-2\/\" rel=\"nofollow noopener\" target=\"_blank\">actualizaci\u00f3n de lanzamiento<\/a>, as\u00ed como el\u00a0<a href=\"https:\/\/www.nintenderos.com\/nintendo-switch-2\/ya-disponible-el-primer-regalo-misterioso-en-leyendas-pokemon-z-a\/\" rel=\"nofollow noopener\" target=\"_blank\">primer Regalo Misterioso<\/a>, os traemos informaci\u00f3n actualizada sobre <strong>su segunda temporada del competitivo.<\/strong><\/p>\n<p>Se hab\u00eda informado de que los jugadores que alcancen el <strong data-start=\"351\" data-end=\"362\">Rango K<\/strong>\u00a0recibir\u00e1n de inmediato una\u00a0<strong data-start=\"390\" data-end=\"404\">Delphoxita<\/strong>, la Mega Piedra necesaria para evolucionar a\u00a0<strong data-start=\"450\" data-end=\"461\">Delphox<\/strong>\u00a0en\u00a0<strong data-start=\"465\" data-end=\"481\">Mega Delphox<\/strong>. Sin embargo, los detalles se han actualizado. Durante esta temporada, <strong>obtendr\u00e1s la Greninjita en el Rango Y y la Delphoxita en el Rango S<\/strong>.<\/p>\n<p>Otros contenidos en esta categor\u00eda:<\/p>\n<p>Os recordamos el resto de detalles:<\/p>\n<ul>\n<li data-start=\"96\" data-end=\"208\">\n<p data-start=\"98\" data-end=\"208\"><strong data-start=\"98\" data-end=\"111\" data-is-only-node=\"\">Duraci\u00f3n:<\/strong>\u00a0del\u00a0<strong data-start=\"116\" data-end=\"158\">6 de noviembre de 2025 a las 06:00 UTC<\/strong>\u00a0al\u00a0<strong data-start=\"162\" data-end=\"205\">26 de noviembre de 2025 a las 05:59 UTC<\/strong>.<\/p>\n<\/li>\n<li data-start=\"209\" data-end=\"318\">\n<p data-start=\"211\" data-end=\"318\">En esta temporada se podr\u00e1n usar\u00a0<strong data-start=\"244\" data-end=\"255\">Xerneas<\/strong>\u00a0y\u00a0<strong data-start=\"258\" data-end=\"269\">Yveltal<\/strong>, pero\u00a0<strong data-start=\"276\" data-end=\"287\">Zygarde<\/strong>\u00a0seguir\u00e1 sin estar permitido.<\/p>\n<\/li>\n<li data-start=\"485\" data-end=\"593\">\n<p data-start=\"487\" data-end=\"593\">Los jugadores que alcancen el\u00a0<strong data-start=\"517\" data-end=\"539\">Rango E o superior<\/strong>\u00a0recibir\u00e1n\u00a0<strong data-start=\"550\" data-end=\"565\">Dream Balls<\/strong>\u00a0al final de la temporada.<\/p>\n<\/li>\n<li data-start=\"594\" data-end=\"766\" data-is-last-node=\"\">\n<p data-start=\"596\" data-end=\"766\" data-is-last-node=\"\">Se han a\u00f1adido todos los detalles conocidos en la secci\u00f3n de la\u00a0<strong data-start=\"660\" data-end=\"703\">Temporada 1 de Combates Clasificatorios<\/strong>, incluyendo los\u00a0<strong data-start=\"720\" data-end=\"743\">Pok\u00e9mon disponibles<\/strong>\u00a0y las\u00a0<strong data-start=\"750\" data-end=\"765\">recompensas<\/strong>.<\/p>\n<\/li>\n<\/ul>\n<p>Recordad tambi\u00e9n que en Nintenderos lo hemos podido analizar al completo y ten\u00e9is\u00a0<a href=\"https:\/\/www.nintenderos.com\/nintendo-switch-2\/analisis-leyendas-pokemon-z-a-nintendo-switch-2\/\" rel=\"nofollow noopener\" target=\"_blank\">nuestra review aqu\u00ed<\/a>.<\/p>\n<p>\u00bfQu\u00e9 opin\u00e1is vosotros sobre todo esto de cara a este t\u00edtulo? Os leemos en los comentarios. Pod\u00e9is dejar abajo vuestra opini\u00f3n sobre el juego y esta informaci\u00f3n.<\/p>\n<p><a href=\"https:\/\/www.serebii.net\/\" class=\"external\" rel=\"nofollow noopener\" target=\"_blank\">Fuente<\/a>.<\/p>\n","protected":false},"excerpt":{"rendered":"\u00a1Parece que hay cambios en Leyendas Pok\u00e9mon: Z-A! El juego\u00a0ya est\u00e1 disponible\u00a0en Switch y Switch 2\u00a0y ahora tenemos&hellip;\n","protected":false},"author":2,"featured_media":209523,"comment_status":"","ping_status":"","sticky":false,"template":"","format":"standard","meta":{"footnotes":""},"categories":[81],"tags":[119,123,124,25,24,2794,117,121,122,23,118,120],"class_list":{"0":"post-209522","1":"post","2":"type-post","3":"status-publish","4":"format-standard","5":"has-post-thumbnail","7":"category-ciencia-y-tecnologia","8":"tag-ciencia","9":"tag-ciencia-y-tecnologia","10":"tag-cienciaytecnologia","11":"tag-es","12":"tag-espana","13":"tag-leyendas-pokemon-z-a","14":"tag-science","15":"tag-science-and-technology","16":"tag-scienceandtechnology","17":"tag-spain","18":"tag-technology","19":"tag-tecnologia"},"share_on_mastodon":{"url":"https:\/\/pubeurope.com\/@es\/115464934162060596","error":""},"_links":{"self":[{"href":"https:\/\/www.europesays.com\/es\/wp-json\/wp\/v2\/posts\/209522","targetHints":{"allow":["GET"]}}],"collection":[{"href":"https:\/\/www.europesays.com\/es\/wp-json\/wp\/v2\/posts"}],"about":[{"href":"https:\/\/www.europesays.com\/es\/wp-json\/wp\/v2\/types\/post"}],"author":[{"embeddable":true,"href":"https:\/\/www.europesays.com\/es\/wp-json\/wp\/v2\/users\/2"}],"replies":[{"embeddable":true,"href":"https:\/\/www.europesays.com\/es\/wp-json\/wp\/v2\/comments?post=209522"}],"version-history":[{"count":0,"href":"https:\/\/www.europesays.com\/es\/wp-json\/wp\/v2\/posts\/209522\/revisions"}],"wp:featuredmedia":[{"embeddable":true,"href":"https:\/\/www.europesays.com\/es\/wp-json\/wp\/v2\/media\/209523"}],"wp:attachment":[{"href":"https:\/\/www.europesays.com\/es\/wp-json\/wp\/v2\/media?parent=209522"}],"wp:term":[{"taxonomy":"category","embeddable":true,"href":"https:\/\/www.europesays.com\/es\/wp-json\/wp\/v2\/categories?post=209522"},{"taxonomy":"post_tag","embeddable":true,"href":"https:\/\/www.europesays.com\/es\/wp-json\/wp\/v2\/tags?post=209522"}],"curies":[{"name":"wp","href":"https:\/\/api.w.org\/{rel}","templated":true}]}}