{"id":209567,"date":"2025-10-30T20:42:10","date_gmt":"2025-10-30T20:42:10","guid":{"rendered":"https:\/\/www.europesays.com\/es\/209567\/"},"modified":"2025-10-30T20:42:10","modified_gmt":"2025-10-30T20:42:10","slug":"sam-bennett-ficha-por-el-q36-5-y-camille-charret-da-el-salto-al-worldtour-con-cofidis","status":"publish","type":"post","link":"https:\/\/www.europesays.com\/es\/209567\/","title":{"rendered":"Sam Bennett ficha por el Q36.5 y Camille Charret da el salto al WorldTour con Cofidis"},"content":{"rendered":"<p>&#13;<br \/>\n&#13;<\/p>\n<p><img loading=\"lazy\" decoding=\"async\" src=\"https:\/\/www.europesays.com\/es\/wp-content\/uploads\/2025\/10\/sam-bennett-vuelta-san-juan-et1c-2023-sirotti.jpg\" width=\"556\" height=\"418\" class=\"setborder\" alt=\"Sam Bennett ficha por el Q36.5 y Camille Charret da el salto al WorldTour con Cofidis\" title=\"Sam Bennett ficha por el Q36.5 y Camille Charret da el salto al WorldTour con Cofidis\"\/><br \/>\n&#13;<br \/>\n&#13;<br \/>\n&#13;<br \/>\n<a href=\"https:\/\/www.esciclismo.com\/actualidad\/esciclismo\/\" rel=\"nofollow noopener\" target=\"_blank\">EsCiclismo.com<\/a> \u00b7 <a href=\"https:\/\/www.esciclismo.com\/actualidad\/carretera\/\" rel=\"nofollow noopener\" target=\"_blank\">Competici\u00f3n Carretera<\/a>  \u00b7 30\/10\/2025<\/p>\n<p>Con la temporada de ciclismo ya finalizada, los equipos contin\u00faan perfilando sus plantillas para 2026 con una nueva oleada de fichajes y renovaciones. Entre los movimientos m\u00e1s destacados de las \u00faltimas horas, sobresalen la llegada del velocista irland\u00e9s Sam Bennett al Q36.5 Pro Cycling Team y el salto al profesionalismo del joven talento franc\u00e9s Camille Charret, quien se incorpora al equipo Cofidis.<\/p>\n<p>&#13;<br \/>\nSam Bennett refuerza el bloque de velocidad del Q36.5&#13;<\/p>\n<p>El veterano velocista Sam Bennett, ganador de etapas en las tres grandes vueltas, correr\u00e1 a partir de 2026 en el Q36.5 Pro Cycling Team, completando as\u00ed la plantilla de 30 ciclistas del conjunto dirigido por Doug Ryder. A sus 35 a\u00f1os, el irland\u00e9s nacido en B\u00e9lgica y criado en Carrick-on-Suir \u2014cuna del m\u00edtico Sean Kelly\u2014 busca una nueva etapa en su carrera, aportando experiencia y velocidad a un bloque en crecimiento.<\/p>\n<p>&#13;<\/p>\n<p><b id=\"P2\"\/>Bennett suma diez victorias de etapa en grandes vueltas, entre ellas triunfos en el Tour de Francia, Giro de Italia y Vuelta a Espa\u00f1a, lo que lo convierte en uno de los sprinters m\u00e1s fiables del pelot\u00f3n actual. Su llegada supone un reencuentro con Kurt Bogaerts, actual responsable de rendimiento del equipo, quien ya fue clave en el inicio de su carrera profesional.<\/p>\n<p>&#13;<\/p>\n<p>Desde la estructura suiza destacan no solo su capacidad para pelear por victorias en los mejores escenarios del ciclismo mundial, sino tambi\u00e9n su papel como mentor de los j\u00f3venes valores del equipo, en una apuesta por combinar rendimiento inmediato y desarrollo a largo plazo.<\/p>\n<p>&#13;<br \/>\nCamille Charret, la nueva perla del ciclismo franc\u00e9s, aterriza en Cofidis&#13;<\/p>\n<p>Desde Francia llega otro de los nombres propios de este final de temporada en el mercado de fichajes. El equipo Cofidis ha confirmado la incorporaci\u00f3n del prometedor Camille Charret, de tan solo 19 a\u00f1os, quien firmar\u00e1 por dos temporadas con la formaci\u00f3n dirigida por Rapha\u00ebl Jeune.<\/p>\n<p>&#13;<\/p>\n<p><b id=\"P4\"\/>Charret es considerado uno de los mayores talentos del ciclismo franc\u00e9s. Procedente de Brioude, tierra natal de Romain Bardet, ha destacado tanto en pista como en carretera. En 2024 se proclam\u00f3 campe\u00f3n de Francia j\u00fanior en l\u00ednea, superando a figuras emergentes como Paul Seixas, y sum\u00f3 adem\u00e1s el t\u00edtulo en el relevo mixto. En pista, tambi\u00e9n ha brillado con un oro nacional en la modalidad americana y una plata en persecuci\u00f3n en los Campeonatos del Mundo j\u00fanior.<\/p>\n<p>&#13;<\/p>\n<p>Su llegada a Cofidis refuerza la apuesta del conjunto galo por el talento nacional y por la formaci\u00f3n de j\u00f3venes valores del ciclismo. Charret se define como un ciclista \u00abpuncheur-rouleur\u00bb, ambicioso y vers\u00e1til, que espera consolidarse progresivamente en la \u00e9lite del ciclismo mundial.<\/p>\n<p>&#13;<br \/>\nUn mercado activo a pesar del fin de temporada&#13;<\/p>\n<p>Los fichajes de Bennett y Charret se suman a una larga lista de movimientos registrados en las \u00faltimas semanas en el pelot\u00f3n profesional, tanto en el UCI WorldTour como en equipos ProTeam. A pesar del cierre de la temporada, el mercado sigue siendo un hervidero de renovaciones, traspasos y apuestas de futuro.<\/p>\n<p>&#13;<br \/>\n&#13;<br \/>\n&#13;<br \/>\nEsCiclismo &#8211; Todos los derechos reservados. Est\u00e1 prohibido todo tipo de reproducci\u00f3n sin autorizaci\u00f3n expresa escrita.<br \/>&#13;<br \/>\n&#13;<\/p>\n","protected":false},"excerpt":{"rendered":"&#13; &#13; &#13; &#13; &#13; EsCiclismo.com \u00b7 Competici\u00f3n Carretera \u00b7 30\/10\/2025 Con la temporada de ciclismo ya finalizada,&hellip;\n","protected":false},"author":2,"featured_media":209568,"comment_status":"","ping_status":"","sticky":false,"template":"","format":"standard","meta":{"footnotes":""},"categories":[273],"tags":[56851,313,24171,21639,312,168,3500,6440,25,24,15512,285,46811,297,20505,1928,5808,1179,20359,795,25362,49048,6837,11671,13962,18279,1418,1434,27294,56850,23,167,16578,1222,1152,4067,20875],"class_list":{"0":"post-209567","1":"post","2":"type-post","3":"status-publish","4":"format-standard","5":"has-post-thumbnail","7":"category-ciclismo","8":"tag-bennett","9":"tag-ciclismo","10":"tag-con","11":"tag-continuan","12":"tag-cycling","13":"tag-deportes","14":"tag-destacados","15":"tag-equipos","16":"tag-es","17":"tag-espana","18":"tag-f","19":"tag-fichajes","20":"tag-finalizada","21":"tag-horas","22":"tag-irlandes","23":"tag-joven","24":"tag-llegada","25":"tag-mas","26":"tag-movimientos","27":"tag-nueva","28":"tag-oleada","29":"tag-perfilando","30":"tag-plantillas","31":"tag-pro","32":"tag-profesionalismo","33":"tag-q","34":"tag-renovaciones","35":"tag-salto","36":"tag-sam","37":"tag-sobresalen","38":"tag-spain","39":"tag-sports","40":"tag-talento","41":"tag-team","42":"tag-temporada","43":"tag-ultimas","44":"tag-velocista"},"share_on_mastodon":{"url":"https:\/\/pubeurope.com\/@es\/115465063426218874","error":""},"_links":{"self":[{"href":"https:\/\/www.europesays.com\/es\/wp-json\/wp\/v2\/posts\/209567","targetHints":{"allow":["GET"]}}],"collection":[{"href":"https:\/\/www.europesays.com\/es\/wp-json\/wp\/v2\/posts"}],"about":[{"href":"https:\/\/www.europesays.com\/es\/wp-json\/wp\/v2\/types\/post"}],"author":[{"embeddable":true,"href":"https:\/\/www.europesays.com\/es\/wp-json\/wp\/v2\/users\/2"}],"replies":[{"embeddable":true,"href":"https:\/\/www.europesays.com\/es\/wp-json\/wp\/v2\/comments?post=209567"}],"version-history":[{"count":0,"href":"https:\/\/www.europesays.com\/es\/wp-json\/wp\/v2\/posts\/209567\/revisions"}],"wp:featuredmedia":[{"embeddable":true,"href":"https:\/\/www.europesays.com\/es\/wp-json\/wp\/v2\/media\/209568"}],"wp:attachment":[{"href":"https:\/\/www.europesays.com\/es\/wp-json\/wp\/v2\/media?parent=209567"}],"wp:term":[{"taxonomy":"category","embeddable":true,"href":"https:\/\/www.europesays.com\/es\/wp-json\/wp\/v2\/categories?post=209567"},{"taxonomy":"post_tag","embeddable":true,"href":"https:\/\/www.europesays.com\/es\/wp-json\/wp\/v2\/tags?post=209567"}],"curies":[{"name":"wp","href":"https:\/\/api.w.org\/{rel}","templated":true}]}}