{"id":209575,"date":"2025-10-30T20:47:11","date_gmt":"2025-10-30T20:47:11","guid":{"rendered":"https:\/\/www.europesays.com\/es\/209575\/"},"modified":"2025-10-30T20:47:11","modified_gmt":"2025-10-30T20:47:11","slug":"una-joya-escondida-de-gaudi-que-combina-castillo-naturaleza-y-modernismo","status":"publish","type":"post","link":"https:\/\/www.europesays.com\/es\/209575\/","title":{"rendered":"una joya escondida de Gaud\u00ed que combina castillo, naturaleza y modernismo"},"content":{"rendered":"<p>La acab\u00f3 comprando su viuda,<strong> Mar\u00eda Sagu\u00e9s i Molins<\/strong>, pero ella tambi\u00e9n falleci\u00f3 en 1907. La finca de doce hect\u00e1reas pas\u00f3 a pertenecer a uno de sus tres hijos, <strong>Jaume Figueras Sagu\u00e9s<\/strong>, pero Gaud\u00ed abandon\u00f3 la obra solo dos a\u00f1os despu\u00e9s de la muerte de la viuda, dej\u00e1ndola inacabada. En 1916, <strong>Dom\u00e8nec Sugra\u00f1es <\/strong>retom\u00f3 el proyecto y dio por finalizada la obra que, por cierto, aprovech\u00f3 algunos restos de la muralla y dos torres de la antigua fortaleza.<\/p>\n","protected":false},"excerpt":{"rendered":"La acab\u00f3 comprando su viuda, Mar\u00eda Sagu\u00e9s i Molins, pero ella tambi\u00e9n falleci\u00f3 en 1907. La finca de&hellip;\n","protected":false},"author":2,"featured_media":209576,"comment_status":"","ping_status":"","sticky":false,"template":"","format":"standard","meta":{"footnotes":""},"categories":[173],"tags":[801,229,233,231,230,210,3101,232,234,56852,146,147,25,34433,24,31791,56853,23],"class_list":{"0":"post-209575","1":"post","2":"type-post","3":"status-publish","4":"format-standard","5":"has-post-thumbnail","7":"category-arte-y-diseno","8":"tag-arquitectura","9":"tag-arte","10":"tag-arte-y-diseno","11":"tag-arts","12":"tag-arts-and-design","13":"tag-barcelona","14":"tag-castillo","15":"tag-design","16":"tag-diseno","17":"tag-el-edificio-mas-bonito-de-europa-esta-en-espana-una-joya-escondida-de-gaudi-que-combina-castillo","18":"tag-entertainment","19":"tag-entretenimiento","20":"tag-es","21":"tag-escapate-cerca","22":"tag-espana","23":"tag-gaudi","24":"tag-naturaleza-y-modernismo","25":"tag-spain"},"share_on_mastodon":{"url":"https:\/\/pubeurope.com\/@es\/115465082809859354","error":""},"_links":{"self":[{"href":"https:\/\/www.europesays.com\/es\/wp-json\/wp\/v2\/posts\/209575","targetHints":{"allow":["GET"]}}],"collection":[{"href":"https:\/\/www.europesays.com\/es\/wp-json\/wp\/v2\/posts"}],"about":[{"href":"https:\/\/www.europesays.com\/es\/wp-json\/wp\/v2\/types\/post"}],"author":[{"embeddable":true,"href":"https:\/\/www.europesays.com\/es\/wp-json\/wp\/v2\/users\/2"}],"replies":[{"embeddable":true,"href":"https:\/\/www.europesays.com\/es\/wp-json\/wp\/v2\/comments?post=209575"}],"version-history":[{"count":0,"href":"https:\/\/www.europesays.com\/es\/wp-json\/wp\/v2\/posts\/209575\/revisions"}],"wp:featuredmedia":[{"embeddable":true,"href":"https:\/\/www.europesays.com\/es\/wp-json\/wp\/v2\/media\/209576"}],"wp:attachment":[{"href":"https:\/\/www.europesays.com\/es\/wp-json\/wp\/v2\/media?parent=209575"}],"wp:term":[{"taxonomy":"category","embeddable":true,"href":"https:\/\/www.europesays.com\/es\/wp-json\/wp\/v2\/categories?post=209575"},{"taxonomy":"post_tag","embeddable":true,"href":"https:\/\/www.europesays.com\/es\/wp-json\/wp\/v2\/tags?post=209575"}],"curies":[{"name":"wp","href":"https:\/\/api.w.org\/{rel}","templated":true}]}}