{"id":209615,"date":"2025-10-30T21:15:14","date_gmt":"2025-10-30T21:15:14","guid":{"rendered":"https:\/\/www.europesays.com\/es\/209615\/"},"modified":"2025-10-30T21:15:14","modified_gmt":"2025-10-30T21:15:14","slug":"barcelona-pedri-causa-baja-por-desgarro-muscular-y-crece-la-lista-de-lesionados-2","status":"publish","type":"post","link":"https:\/\/www.europesays.com\/es\/209615\/","title":{"rendered":"Barcelona: Pedri causa baja por desgarro muscular y crece la lista de lesionados"},"content":{"rendered":"\n<p>BARCELONA\u00a0\u2014\u00a0El volante creativo Pedri se sum\u00f3 a la amplia lista de bajas del Barcelona debido a un desgarro muscular en su muslo izquierdo.<\/p>\n<p>Medios espa\u00f1oles informaron que el centrocampista podr\u00eda estar fuera durante un mes por una rotura del b\u00edceps femoral de la pierna izquierda, pero el Barcelona mencion\u00f3 que \u201cel tiempo aproximado de recuperaci\u00f3n lo marcar\u00e1 la evoluci\u00f3n de la lesi\u00f3n\u201d.<\/p>\n<p>Pedri apenas se hab\u00eda perdido un partido bajo la direcci\u00f3n del t\u00e9cnico Hansi Flick, disputando en 72 de los 73 partidos posibles.<\/p>\n<p>Fue tituar en los 13 partidos de esta temporada y anot\u00f3 dos veces. Fue expulsado al final de la derrota del equipo por 2-1 ante el Real Madrid en el cl\u00e1sico de La Liga espa\u00f1ola el domingo.<\/p>\n<p>Otros jugadores del Barcelona que han estado lesionados recientemente incluyen a Robert Lewandowski, Raphinha, Dani Olmo, Gavi, Joan Garc\u00eda y Marc-Andr\u00e9 ter Stegen.<\/p>\n","protected":false},"excerpt":{"rendered":"BARCELONA\u00a0\u2014\u00a0El volante creativo Pedri se sum\u00f3 a la amplia lista de bajas del Barcelona debido a un desgarro&hellip;\n","protected":false},"author":2,"featured_media":209616,"comment_status":"","ping_status":"","sticky":false,"template":"","format":"standard","meta":{"footnotes":""},"categories":[93],"tags":[56861,7569,210,55430,168,56860,25,24,1489,55431,14924,14498,12182,1827,14988,55432,1045,16809,23,167],"class_list":{"0":"post-209615","1":"post","2":"type-post","3":"status-publish","4":"format-standard","5":"has-post-thumbnail","7":"category-deportes","8":"tag-aproximado","9":"tag-bajo","10":"tag-barcelona","11":"tag-biceps","12":"tag-deportes","13":"tag-desgarro","14":"tag-es","15":"tag-espana","16":"tag-espanol","17":"tag-femoral","18":"tag-izquierdo","19":"tag-lesionado","20":"tag-lista","21":"tag-medios","22":"tag-muscular","23":"tag-muslo","24":"tag-partido","25":"tag-pedri","26":"tag-spain","27":"tag-sports"},"share_on_mastodon":{"url":"https:\/\/pubeurope.com\/@es\/115465193023951236","error":""},"_links":{"self":[{"href":"https:\/\/www.europesays.com\/es\/wp-json\/wp\/v2\/posts\/209615","targetHints":{"allow":["GET"]}}],"collection":[{"href":"https:\/\/www.europesays.com\/es\/wp-json\/wp\/v2\/posts"}],"about":[{"href":"https:\/\/www.europesays.com\/es\/wp-json\/wp\/v2\/types\/post"}],"author":[{"embeddable":true,"href":"https:\/\/www.europesays.com\/es\/wp-json\/wp\/v2\/users\/2"}],"replies":[{"embeddable":true,"href":"https:\/\/www.europesays.com\/es\/wp-json\/wp\/v2\/comments?post=209615"}],"version-history":[{"count":0,"href":"https:\/\/www.europesays.com\/es\/wp-json\/wp\/v2\/posts\/209615\/revisions"}],"wp:featuredmedia":[{"embeddable":true,"href":"https:\/\/www.europesays.com\/es\/wp-json\/wp\/v2\/media\/209616"}],"wp:attachment":[{"href":"https:\/\/www.europesays.com\/es\/wp-json\/wp\/v2\/media?parent=209615"}],"wp:term":[{"taxonomy":"category","embeddable":true,"href":"https:\/\/www.europesays.com\/es\/wp-json\/wp\/v2\/categories?post=209615"},{"taxonomy":"post_tag","embeddable":true,"href":"https:\/\/www.europesays.com\/es\/wp-json\/wp\/v2\/tags?post=209615"}],"curies":[{"name":"wp","href":"https:\/\/api.w.org\/{rel}","templated":true}]}}