{"id":209619,"date":"2025-10-30T21:17:15","date_gmt":"2025-10-30T21:17:15","guid":{"rendered":"https:\/\/www.europesays.com\/es\/209619\/"},"modified":"2025-10-30T21:17:15","modified_gmt":"2025-10-30T21:17:15","slug":"stranger-things-lanza-el-trailer-oficial-e-imagenes-ineditas-de-su-temporada-final-en-netflix","status":"publish","type":"post","link":"https:\/\/www.europesays.com\/es\/209619\/","title":{"rendered":"&#8216;Stranger Things&#8217; lanza el tr\u00e1iler oficial e im\u00e1genes in\u00e9ditas de su temporada final en Netflix"},"content":{"rendered":"<p class=\"article-text\">\n        <strong>Netflix<\/strong> ha aprovechado el marco de <strong>Halloween <\/strong>para lanzar el <strong>tr\u00e1iler y 10 im\u00e1genes in\u00e9ditas<\/strong> de la quinta y \u00faltima temporada de <strong>Stranger Things. <\/strong>La serie emblem\u00e1tica serie de la plataforma llegar\u00e1 en tres fechas distintas: cuatro episodios el <strong>27 de noviembre<\/strong>, tres episodios el <strong>26 de diciembre <\/strong>y el episodio final, <strong>el 1 de enero.<\/strong>\n    <\/p>\n<p class=\"article-text\">\n        \u201cCreo que lo que hace \u00fanica a <strong>esta temporada es que empieza con cierto caos <\/strong>porque nuestros h\u00e9roes perdieron al final de la cuarta temporada. Normalmente, mostramos su vida cotidiana y c\u00f3mo les va en la escuela, y luego introducimos el elemento sobrenatural. Pero en este caso, esta temporada arranca a toda velocidad desde el principio\u201d, desvela <strong>Ross Duffer<\/strong>, cocreador, productor ejecutivo, guionista y director de la serie:\n    <\/p>\n<p class=\"article-text\">\n        \u201cNo est\u00e1n viviendo una vida normal. Nada en Hawkins es normal ya&#8230; su libertad de movimiento est\u00e1 restringida y<strong> hay c\u00e1maras de <\/strong><strong>Gran Hermano<\/strong> por todas partes. As\u00ed que no solo est\u00e1n activos, sino que su vida cotidiana es todo menos normal\u201d, a\u00f1ade Matt Duffer, cocreador de la serie junto a su hermano.\n    <\/p>\n<p>    Tr\u00e1iler oficial de la temporada final de &#8216;Stranger Things&#8217; en Netflix<\/p>\n<p>    As\u00ed es la sinopsis de la temporada 5 de &#8216;Stranger Things&#8217; en Netflix<\/p>\n<p class=\"article-text\">\n        Oto\u00f1o de <strong>1987<\/strong>. <strong>Hawkins <\/strong>sigue marcada por la apertura de los portales, y nuestros protagonistas comparten un \u00fanico objetivo: encontrar a <strong>Vecna <\/strong>y acabar con \u00e9l. Pero ha desaparecido, nadie sabe d\u00f3nde est\u00e1 ni cu\u00e1les son sus planes. Para complicar a\u00fan m\u00e1s las cosas, el <strong>Gobierno <\/strong>ha puesto la ciudad en cuarentena militar y ha intensificado la b\u00fasqueda de <strong>Eleven<\/strong>, que se ve obligada a esconderse de nuevo.\n    <\/p>\n<p class=\"article-text\">\n        A medida que se acerca el aniversario de la desaparici\u00f3n de <strong>Will<\/strong>, tambi\u00e9n crece una inquietud ya conocida. La batalla final est\u00e1 a punto de empezar, y deber\u00e1n enfrentarse a una oscuridad m\u00e1s poderosa y letal que nunca. Para acabar con esta pesadilla, deber\u00e1n estar<strong> todos juntos, una \u00faltima vez.<\/strong>\n    <\/p>\n<p class=\"article-text\">\n        El gran reparto de Stranger Things incluye a <strong>Winona Ryder<\/strong> (Joyce Byers), <strong>David Harbour<\/strong> (Jim Hopper), <strong>Millie Bobby Brown <\/strong>(Eleven), <strong>Finn Wolfhard<\/strong> (Mike Wheeler), <strong>Gaten Matarazzo<\/strong> (Dustin Henderson), <strong>Caleb McLaughlin<\/strong> (Lucas Sinclair), <strong>Noah Schnapp<\/strong> (Will Byers), <strong>Sadie Sink <\/strong>(Max Mayfield), <strong>Natalia Dyer <\/strong>(Nancy Wheeler), <strong>Charlie Heaton <\/strong>(Jonathan Byers), <strong>Joe Keery<\/strong> (Steve Harrington), <strong>Maya Hawke <\/strong>(Robin Buckley), <strong>Priah Ferguson <\/strong>(Erica Sinclair), <strong>Brett Gelman <\/strong>(Murray), <strong>Jamie Campbell Bower <\/strong>(Vecna), <strong>Cara Buono <\/strong>(Karen Wheeler), <strong>Amybeth McNulty <\/strong>(Vickie), <strong>Nell Fisher <\/strong>(Holly Wheeler), <strong>Jake Connelly <\/strong>(Derek Turnbow), <strong>Alex Breaux <\/strong>(teniente Akers) y <strong>Linda Hamilton <\/strong>(Dra. Kay).\n    <\/p>\n<p class=\"article-text\">\n        Stranger Things, creada por los <strong>hermanos Duffer<\/strong>, est\u00e1 producida por <strong>Upside Down Pictures<\/strong> y <strong>21 Laps Entertainment<\/strong>. Los hermanos Duffer ejercen como productores ejecutivos junto a <strong>Shawn Levy<\/strong> (21 Laps Entertainment) y <strong>Dan Cohen.<\/strong>\n    <\/p>\n","protected":false},"excerpt":{"rendered":"Netflix ha aprovechado el marco de Halloween para lanzar el tr\u00e1iler y 10 im\u00e1genes in\u00e9ditas de la quinta&hellip;\n","protected":false},"author":2,"featured_media":209620,"comment_status":"","ping_status":"","sticky":false,"template":"","format":"standard","meta":{"footnotes":""},"categories":[91],"tags":[10378,146,147,25,24,1058,1641,45360,2629,152,289,23,52336,1152,17646,183,2338],"class_list":{"0":"post-209619","1":"post","2":"type-post","3":"status-publish","4":"format-standard","5":"has-post-thumbnail","7":"category-entretenimiento","8":"tag-e","9":"tag-entertainment","10":"tag-entretenimiento","11":"tag-es","12":"tag-espana","13":"tag-final","14":"tag-imagenes","15":"tag-ineditas","16":"tag-lanza","17":"tag-netflix","18":"tag-oficial","19":"tag-spain","20":"tag-stranger","21":"tag-temporada","22":"tag-things","23":"tag-trailer","24":"tag-video"},"share_on_mastodon":{"url":"https:\/\/pubeurope.com\/@es\/115465200982696027","error":""},"_links":{"self":[{"href":"https:\/\/www.europesays.com\/es\/wp-json\/wp\/v2\/posts\/209619","targetHints":{"allow":["GET"]}}],"collection":[{"href":"https:\/\/www.europesays.com\/es\/wp-json\/wp\/v2\/posts"}],"about":[{"href":"https:\/\/www.europesays.com\/es\/wp-json\/wp\/v2\/types\/post"}],"author":[{"embeddable":true,"href":"https:\/\/www.europesays.com\/es\/wp-json\/wp\/v2\/users\/2"}],"replies":[{"embeddable":true,"href":"https:\/\/www.europesays.com\/es\/wp-json\/wp\/v2\/comments?post=209619"}],"version-history":[{"count":0,"href":"https:\/\/www.europesays.com\/es\/wp-json\/wp\/v2\/posts\/209619\/revisions"}],"wp:featuredmedia":[{"embeddable":true,"href":"https:\/\/www.europesays.com\/es\/wp-json\/wp\/v2\/media\/209620"}],"wp:attachment":[{"href":"https:\/\/www.europesays.com\/es\/wp-json\/wp\/v2\/media?parent=209619"}],"wp:term":[{"taxonomy":"category","embeddable":true,"href":"https:\/\/www.europesays.com\/es\/wp-json\/wp\/v2\/categories?post=209619"},{"taxonomy":"post_tag","embeddable":true,"href":"https:\/\/www.europesays.com\/es\/wp-json\/wp\/v2\/tags?post=209619"}],"curies":[{"name":"wp","href":"https:\/\/api.w.org\/{rel}","templated":true}]}}