{"id":209627,"date":"2025-10-30T21:21:09","date_gmt":"2025-10-30T21:21:09","guid":{"rendered":"https:\/\/www.europesays.com\/es\/209627\/"},"modified":"2025-10-30T21:21:09","modified_gmt":"2025-10-30T21:21:09","slug":"minguez-psoe-sobre-la-comparecencia-de-sanchez-no-hay-caso-psoe","status":"publish","type":"post","link":"https:\/\/www.europesays.com\/es\/209627\/","title":{"rendered":"M\u00ednguez (PSOE), sobre la comparecencia de S\u00e1nchez: \u00abNo hay caso PSOE\u00bb"},"content":{"rendered":"<p>El presidente del Gobierno, Pedro S\u00e1nchez, ha tenido que comparecer por la investigaci\u00f3n del caso Koldo en el Senado a petici\u00f3n del Partido Popular. <strong>Montse M\u00ednguez, portavoz de la Ejecutiva Federal del PSOE<\/strong>, ha asegurado en el informativo &#8217;24 Horas de RNE&#8217; sobre esta comisi\u00f3n: \u00abLo que hemos visto ni es comisi\u00f3n ni es de investigaci\u00f3n. <strong>Ha sido un circo frustrado del PP. No hay caso PSOE ni financiaci\u00f3n irregular por mucho fango que quiera expandir el PP\u00bb .<\/strong><\/p>\n<p>Sobre la ruptura de Junts con el PSOE, la portavoz ha reconocido: \u00ab<strong>Respetamos todas la decisiones de los militantes de los partidos pol\u00edticos y seguimos trabajando<\/strong> y ofreciendo la mano para seguir aprobando leyes y<strong> avanzar en nuestro pa\u00eds\u00bb.<\/strong><\/p>\n","protected":false},"excerpt":{"rendered":"El presidente del Gobierno, Pedro S\u00e1nchez, ha tenido que comparecer por la investigaci\u00f3n del caso Koldo en el&hellip;\n","protected":false},"author":2,"featured_media":209628,"comment_status":"","ping_status":"","sticky":false,"template":"","format":"standard","meta":{"footnotes":""},"categories":[8],"tags":[11980,17,18,25,24,13,14,11,19,20,56864,9,10,15,16,133,1448,1986,1987,56865,23,12,21,22],"class_list":{"0":"post-209627","1":"post","2":"type-post","3":"status-publish","4":"format-standard","5":"has-post-thumbnail","7":"category-espana","8":"tag-24-horas","9":"tag-breaking-news","10":"tag-breakingnews","11":"tag-es","12":"tag-espana","13":"tag-featured-news","14":"tag-featurednews","15":"tag-headlines","16":"tag-latest-news","17":"tag-latestnews","18":"tag-minguez-psoe","19":"tag-news","20":"tag-noticias","21":"tag-noticias-destacadas","22":"tag-noticiasdestacadas","23":"tag-online","24":"tag-radio","25":"tag-rne","26":"tag-rtve-play","27":"tag-sobre-la-comparecencia-de-sanchez-no-hay-caso-psoe","28":"tag-spain","29":"tag-titulares","30":"tag-ultimas-noticias","31":"tag-ultimasnoticias"},"share_on_mastodon":{"url":"https:\/\/pubeurope.com\/@es\/115465216839468519","error":""},"_links":{"self":[{"href":"https:\/\/www.europesays.com\/es\/wp-json\/wp\/v2\/posts\/209627","targetHints":{"allow":["GET"]}}],"collection":[{"href":"https:\/\/www.europesays.com\/es\/wp-json\/wp\/v2\/posts"}],"about":[{"href":"https:\/\/www.europesays.com\/es\/wp-json\/wp\/v2\/types\/post"}],"author":[{"embeddable":true,"href":"https:\/\/www.europesays.com\/es\/wp-json\/wp\/v2\/users\/2"}],"replies":[{"embeddable":true,"href":"https:\/\/www.europesays.com\/es\/wp-json\/wp\/v2\/comments?post=209627"}],"version-history":[{"count":0,"href":"https:\/\/www.europesays.com\/es\/wp-json\/wp\/v2\/posts\/209627\/revisions"}],"wp:featuredmedia":[{"embeddable":true,"href":"https:\/\/www.europesays.com\/es\/wp-json\/wp\/v2\/media\/209628"}],"wp:attachment":[{"href":"https:\/\/www.europesays.com\/es\/wp-json\/wp\/v2\/media?parent=209627"}],"wp:term":[{"taxonomy":"category","embeddable":true,"href":"https:\/\/www.europesays.com\/es\/wp-json\/wp\/v2\/categories?post=209627"},{"taxonomy":"post_tag","embeddable":true,"href":"https:\/\/www.europesays.com\/es\/wp-json\/wp\/v2\/tags?post=209627"}],"curies":[{"name":"wp","href":"https:\/\/api.w.org\/{rel}","templated":true}]}}