{"id":209660,"date":"2025-10-30T21:45:21","date_gmt":"2025-10-30T21:45:21","guid":{"rendered":"https:\/\/www.europesays.com\/es\/209660\/"},"modified":"2025-10-30T21:45:21","modified_gmt":"2025-10-30T21:45:21","slug":"la-universidad-de-navarra-suspende-la-actividad-por-un-acto-de-vito-quiles","status":"publish","type":"post","link":"https:\/\/www.europesays.com\/es\/209660\/","title":{"rendered":"La Universidad de Navarra suspende la actividad por un acto de Vito Quiles"},"content":{"rendered":"<p>Pamplona (EFE).- El acto convocado en el campus de la Universidad de Navarra por el activista pol\u00edtico Vito Quiles, pese a ser finalmente suspendido, ha provocado enfrentamientos en el mismo recinto universitario y posteriormente en las calles de Pamplona, donde un grupo de personas se ha enfrentado a la Polic\u00eda Nacional, que ha hecho uso de material antidisturbios.<\/p>\n<p>Ante la anunciada presencia de Vito Quiles en el campus, la Universidad de Navarra hab\u00eda decidido el cierre de sus edificios y la suspensi\u00f3n de su actividad desde las 15:00 horas.<\/p>\n<p>No obstante, al campus universitario, donde se hab\u00eda desplegado un fuerte dispositivo policial, ha llegado un grupo de medio centenar de personas contrarias al acto y otro grupo m\u00e1s reducido de j\u00f3venes seguidores del activista pol\u00edtico.<\/p>\n<blockquote class=\"twitter-tweet\" data-media-max-width=\"560\">\n<p lang=\"es\" dir=\"ltr\">Comunicado de la Universidad ante el evento del 30 de octubre \ud83d\udc47<a href=\"https:\/\/t.co\/DWrOxRrFvV\" rel=\"nofollow\">https:\/\/t.co\/DWrOxRrFvV<\/a> <a href=\"https:\/\/t.co\/qAIlHszJgH\" rel=\"nofollow\">pic.twitter.com\/qAIlHszJgH<\/a><\/p>\n<p>\u2014 Universidad de Navarra (@unav) <a href=\"https:\/\/twitter.com\/unav\/status\/1983496468699709611?ref_src=twsrc%5Etfw\" rel=\"nofollow noopener\" target=\"_blank\">October 29, 2025<\/a><\/p><\/blockquote>\n<p>La Polic\u00eda Nacional ha formado un cord\u00f3n de agentes entre ambos grupos, que han quedado separados por unos veinte metros. Los j\u00f3venes contrarios al acto, cuyo n\u00famero ha ido en aumento progresivamente, han recorrido el campus coreando gritos como \u00abFuera fascistas de nuestras calles\u00bb, lanzando objetos y encendiendo bengalas.<\/p>\n<p>Esto ha provocado la intervenci\u00f3n de los agentes de la Polic\u00eda Nacional, que han hecho uso de material antidisturbios.<\/p>\n<p>Los j\u00f3venes que han protagonizado estos incidentes se han desplazado entonces al barrio de Iturrama, donde han proseguido los enfrentamientos con la Polic\u00eda. Se han volcado contenedores y varios de ellos han sido incendiados y se han lanzado botellas y otros objetos a los agentes.<\/p>\n<p>Dos detenidos y 5 heridos por disturbios en Pamplona<\/p>\n<p>Dos personas han sido detenidas y al menos cinco han resultado heridas en los disturbios, han informado a EFE fuentes policiales.<\/p>\n<p>Cuatro de los heridos son agentes de la Polic\u00eda Nacional y el quinto un periodista, han se\u00f1alado a EFE fuentes de la Delegaci\u00f3n del Gobierno. Seg\u00fan publica \u2018El Espa\u00f1ol\u2019 en sus redes sociales, el periodista herido es un trabajador de ese medio que cubr\u00eda la informaci\u00f3n y ha sido objeto de una \u00abbrutal agresi\u00f3n\u00bb.<\/p>\n<p>La Delegaci\u00f3n del Gobierno en Navarra, \u00abdada la gravedad de las afirmaciones realizadas por Vito Quiles en la red social X\u201d, ha precisado en un comunicado que \u00abes falso\u00bb que la Polic\u00eda Nacional haya se\u00f1alado que no pod\u00eda garantizar la seguridad del acto previsto en la Universidad en Navarra.<\/p>\n<p>Tambi\u00e9n es falso, a\u00f1ade la Delegaci\u00f3n del Gobierno, que, como afirmaba Quiles, la Polic\u00eda Nacional se haya incautado de cuchillos y navajas de personas que supuestamente iban a protestar en contra de este evento.<\/p>\n<p>Por lo tanto, subraya, \u00abPolic\u00eda Nacional no ha influido en la decisi\u00f3n final sobre la celebraci\u00f3n o no del acto\u00bb.<\/p>\n<p>La delegada del Gobierno en Navarra, Alicia Echeverr\u00eda, ha condenado los incidentes registrados esta tarde en Pamplona y ha hecho un llamamiento a la convivencia.<\/p>\n<p>\t\t<script async src=\"https:\/\/platform.twitter.com\/widgets.js\" charset=\"utf-8\"><\/script><\/p>\n","protected":false},"excerpt":{"rendered":"Pamplona (EFE).- El acto convocado en el campus de la Universidad de Navarra por el activista pol\u00edtico Vito&hellip;\n","protected":false},"author":2,"featured_media":209661,"comment_status":"","ping_status":"","sticky":false,"template":"","format":"standard","meta":{"footnotes":""},"categories":[5],"tags":[17,18,25,24,13,14,11,19,20,9,10,15,16,23,12,21,22,13112],"class_list":{"0":"post-209660","1":"post","2":"type-post","3":"status-publish","4":"format-standard","5":"has-post-thumbnail","7":"category-titulares","8":"tag-breaking-news","9":"tag-breakingnews","10":"tag-es","11":"tag-espana","12":"tag-featured-news","13":"tag-featurednews","14":"tag-headlines","15":"tag-latest-news","16":"tag-latestnews","17":"tag-news","18":"tag-noticias","19":"tag-noticias-destacadas","20":"tag-noticiasdestacadas","21":"tag-spain","22":"tag-titulares","23":"tag-ultimas-noticias","24":"tag-ultimasnoticias","25":"tag-universidades"},"share_on_mastodon":{"url":"https:\/\/pubeurope.com\/@es\/115465310885589803","error":""},"_links":{"self":[{"href":"https:\/\/www.europesays.com\/es\/wp-json\/wp\/v2\/posts\/209660","targetHints":{"allow":["GET"]}}],"collection":[{"href":"https:\/\/www.europesays.com\/es\/wp-json\/wp\/v2\/posts"}],"about":[{"href":"https:\/\/www.europesays.com\/es\/wp-json\/wp\/v2\/types\/post"}],"author":[{"embeddable":true,"href":"https:\/\/www.europesays.com\/es\/wp-json\/wp\/v2\/users\/2"}],"replies":[{"embeddable":true,"href":"https:\/\/www.europesays.com\/es\/wp-json\/wp\/v2\/comments?post=209660"}],"version-history":[{"count":0,"href":"https:\/\/www.europesays.com\/es\/wp-json\/wp\/v2\/posts\/209660\/revisions"}],"wp:featuredmedia":[{"embeddable":true,"href":"https:\/\/www.europesays.com\/es\/wp-json\/wp\/v2\/media\/209661"}],"wp:attachment":[{"href":"https:\/\/www.europesays.com\/es\/wp-json\/wp\/v2\/media?parent=209660"}],"wp:term":[{"taxonomy":"category","embeddable":true,"href":"https:\/\/www.europesays.com\/es\/wp-json\/wp\/v2\/categories?post=209660"},{"taxonomy":"post_tag","embeddable":true,"href":"https:\/\/www.europesays.com\/es\/wp-json\/wp\/v2\/tags?post=209660"}],"curies":[{"name":"wp","href":"https:\/\/api.w.org\/{rel}","templated":true}]}}