{"id":209670,"date":"2025-10-30T21:55:09","date_gmt":"2025-10-30T21:55:09","guid":{"rendered":"https:\/\/www.europesays.com\/es\/209670\/"},"modified":"2025-10-30T21:55:09","modified_gmt":"2025-10-30T21:55:09","slug":"el-rey-felipe-condecora-al-sultan-de-oman-con-el-collar-de-isabel-la-catolica-visita-de-estado-a-la-vista","status":"publish","type":"post","link":"https:\/\/www.europesays.com\/es\/209670\/","title":{"rendered":"El rey Felipe condecora al sult\u00e1n de Om\u00e1n con el collar de Isabel la Cat\u00f3lica \u00bfVisita de Estado a la vista?"},"content":{"rendered":"<p id=\"eBjCWSM63x\" data-wc=\"73\">A primeros de noviembre, el sult\u00e1n de Om\u00e1n realizar\u00e1 previsiblemente un viaje de Estado a Espa\u00f1a. Una esperada visita que estaba programada para la primavera, pero que <a class=\"hm-link ho-link\" href=\"https:\/\/www.hola.com\/realeza\/casa_espanola\/20250519832878\/cancelada-visita-de-estado-sultan-de-oman-a-espana-muerte-suegra\/\" data-mrf-recirculation=\"article-body-link\" rel=\"nofollow noopener\" target=\"_blank\">tuvo que posponerse debido a una causa de fuerza mayor: el fallecimiento de Lady Al- Jalila,<\/a> su suegra. El encuentro finalmente se realizar\u00e1 en unos d\u00edas y don Felipa ya le ha concedido tanto a \u00e9l como a miembros del ejecutivo oman\u00ed, una importante condecoraci\u00f3n espa\u00f1ola.\u00a0<\/p>\n<p> <img src=\"https:\/\/www.europesays.com\/es\/wp-content\/uploads\/2025\/10\/0e0e2716611e-dlu554503022.jpg\"   width=\"1024\" height=\"682\" loading=\"lazy\" decoding=\"async\" alt=\"La reina Letizia, en una visita de Estado en \u00c1msterdam en 2024\" fetchpriority=\"auto\" class=\"image ho-image\"\/>\u00a9 GTRESLa reina Letizia, en una visita de Estado en \u00c1msterdam en 2024<\/p>\n<p id=\"eRpyP3TO4o\" data-wc=\"53\">El BOE de este jueves recoge el Real Decreto por el que se concede el collar de la <strong>Orden de Isabel la Cat\u00f3lica<\/strong> a Haitham Bin Tarik, sult\u00e1n de Om\u00e1n. Adem\u00e1s, tambi\u00e9n se ha decretado distinguir con la <strong>Gran Cruz de la Orden del M\u00e9rito Civil\u00a0<\/strong>a otras cuatro autoridades del pa\u00eds \u00e1rabe.\u00a0<\/p>\n<p> <img src=\"https:\/\/www.europesays.com\/es\/wp-content\/uploads\/2025\/10\/35c57e817c6d-gettyimages-2188081933.jpg\"   width=\"683\" height=\"1024\" loading=\"lazy\" decoding=\"async\" alt=\"El sult\u00e1n de Oman, Haitham bin Tariq Al Said\" fetchpriority=\"auto\" class=\"image ho-image\"\/>\u00a9 Getty ImagesEl sult\u00e1n de Oman, Haitham bin Tariq Al Said<\/p>\n<p id=\"eNWaoOoyCb\" data-wc=\"67\">Esta orden es una de las m\u00e1s antiguas y prestigiosas de Espa\u00f1a y fue creada por Fernando VII el 14 de marzo de 1815 para reconocer los m\u00e9ritos de quienes hubieran demostrado una conducta extraordinaria en favor de Espa\u00f1a o de la comunidad internacional. <strong>Suele concederse a diplom\u00e1ticos, personalidades extranjeras,<\/strong> empresarios o artista y tiene diferentes grados, siendo el collar y la gran cruz, las m\u00e1ximas distinciones.\u00a0<\/p>\n<p> <img src=\"https:\/\/www.europesays.com\/es\/wp-content\/uploads\/2025\/10\/a958f57d182b-20220203zafbg3212.jpg\"   width=\"673\" height=\"1024\" loading=\"lazy\" decoding=\"async\" alt=\"El sult\u00e1n de Om\u00e1n con su consorte, Lady Ahad bint Abdullah\" fetchpriority=\"auto\" class=\"image ho-image\"\/>\u00a9 ZUMAPRESS.com \/ Cordon PressEl sult\u00e1n de Om\u00e1n con su consorte, Lady Ahad bint Abdullah<\/p>\n<p> <img src=\"https:\/\/www.europesays.com\/es\/wp-content\/uploads\/2025\/10\/3b7996ccca06-dlu522442002.jpg\"   width=\"1024\" height=\"697\" loading=\"lazy\" decoding=\"async\" alt=\"Los reyes Felipe y Letizia en Croacia en 2022\" fetchpriority=\"auto\" class=\"image ho-image\"\/>\u00a9 GTRESLa reina Letizia con los pendientes de pluma que el sult\u00e1n de Om\u00e1n regal\u00f3 a la reina Sof\u00eda hace d\u00e9cadas<\/p>\n<p id=\"eliwqb_JqW\" data-wc=\"98\">Tambi\u00e9n est\u00e1 previsto que en el transcurso de esta visita, haya una cena de gala en honor a este ilustrr invitado en el Palacio Real, en la que se espera que la reina Letizia luzca tiara y joyas de gran valor simb\u00f3lico. Quiz\u00e1 do\u00f1a Letizia honre al sult\u00e1n luciendo un conjunto de joyas de la reina Sof\u00eda, un regalo del entonces sult\u00e1n de Om\u00e1n con motivo de su visita de Estado a Espa\u00f1a en 1989<a class=\"hm-link ho-link\" href=\"https:\/\/www.hola.com\/realeza\/casa_espanola\/20250507830591\/rey-felipe-reina-letizia-pendientes-sultan-oman-visita-estado\/\" data-mrf-recirculation=\"article-body-link\" rel=\"nofollow noopener\" target=\"_blank\">. La reina Letizia ha llevado los pendientes en varias ocasiones.<\/a> Se trata de unas piezas de platino y diamantes en forma de plumas.\u00a0<\/p>\n","protected":false},"excerpt":{"rendered":"A primeros de noviembre, el sult\u00e1n de Om\u00e1n realizar\u00e1 previsiblemente un viaje de Estado a Espa\u00f1a. Una esperada&hellip;\n","protected":false},"author":2,"featured_media":209671,"comment_status":"","ping_status":"","sticky":false,"template":"","format":"standard","meta":{"footnotes":""},"categories":[174],"tags":[255,146,147,25,24,256,1027,1029,8140,23],"class_list":{"0":"post-209670","1":"post","2":"type-post","3":"status-publish","4":"format-standard","5":"has-post-thumbnail","7":"category-famosos","8":"tag-celebrities","9":"tag-entertainment","10":"tag-entretenimiento","11":"tag-es","12":"tag-espana","13":"tag-famosos","14":"tag-realeza","15":"tag-realeza-espanola","16":"tag-rey-felipe-vi","17":"tag-spain"},"share_on_mastodon":{"url":"https:\/\/pubeurope.com\/@es\/115465351002104915","error":""},"_links":{"self":[{"href":"https:\/\/www.europesays.com\/es\/wp-json\/wp\/v2\/posts\/209670","targetHints":{"allow":["GET"]}}],"collection":[{"href":"https:\/\/www.europesays.com\/es\/wp-json\/wp\/v2\/posts"}],"about":[{"href":"https:\/\/www.europesays.com\/es\/wp-json\/wp\/v2\/types\/post"}],"author":[{"embeddable":true,"href":"https:\/\/www.europesays.com\/es\/wp-json\/wp\/v2\/users\/2"}],"replies":[{"embeddable":true,"href":"https:\/\/www.europesays.com\/es\/wp-json\/wp\/v2\/comments?post=209670"}],"version-history":[{"count":0,"href":"https:\/\/www.europesays.com\/es\/wp-json\/wp\/v2\/posts\/209670\/revisions"}],"wp:featuredmedia":[{"embeddable":true,"href":"https:\/\/www.europesays.com\/es\/wp-json\/wp\/v2\/media\/209671"}],"wp:attachment":[{"href":"https:\/\/www.europesays.com\/es\/wp-json\/wp\/v2\/media?parent=209670"}],"wp:term":[{"taxonomy":"category","embeddable":true,"href":"https:\/\/www.europesays.com\/es\/wp-json\/wp\/v2\/categories?post=209670"},{"taxonomy":"post_tag","embeddable":true,"href":"https:\/\/www.europesays.com\/es\/wp-json\/wp\/v2\/tags?post=209670"}],"curies":[{"name":"wp","href":"https:\/\/api.w.org\/{rel}","templated":true}]}}