{"id":209691,"date":"2025-10-30T22:07:16","date_gmt":"2025-10-30T22:07:16","guid":{"rendered":"https:\/\/www.europesays.com\/es\/209691\/"},"modified":"2025-10-30T22:07:16","modified_gmt":"2025-10-30T22:07:16","slug":"mazon-se-toma-unos-dias-para-reflexionar-tras-la-dana-y-dara-explicaciones-en-los-proximos-dias","status":"publish","type":"post","link":"https:\/\/www.europesays.com\/es\/209691\/","title":{"rendered":"Maz\u00f3n se toma unos d\u00edas para \u00abreflexionar\u00bb tras la DANA y dar\u00e1 explicaciones \u00aben los pr\u00f3ximos d\u00edas\u00bb"},"content":{"rendered":"<p>  Por&amp;nbsp<a href=\"https:\/\/es.euronews.com\/perfiles\/2828\" rel=\"nofollow noopener\" target=\"_blank\">Christina Thykjaer<\/a><\/p>\n<p>\n                    Publicado                 30\/10\/2025 &#8211; 12:30 CET<br \/>\n                \u2022Ultima actualizaci\u00f3n<br \/>\n                                     12:37\n                                        <\/p>\n<p>El presidente de la Generalitat Valenciana, <strong>Carlos Maz\u00f3n, ha anunciado que se tomar\u00e1 unos d\u00edas para \u00abreflexionar\u00bb<\/strong> despu\u00e9s del <a href=\"https:\/\/es.euronews.com\/2025\/10\/29\/reyes-funeral-estado-dana\" rel=\"nofollow noopener\" target=\"_blank\">tenso y emotivo funeral celebrado el mi\u00e9rcoles<\/a> en memoria de las v\u00edctimas de la DANA que azot\u00f3 la Comunidad Valenciana hace un a\u00f1o.<\/p>\n<p>Durante la ceremonia, Maz\u00f3n fue <strong>abucheado por algunos asistentes<\/strong>, entre ellos familiares de v\u00edctimas y personas afectadas por la cat\u00e1strofe, que expresaron su malestar por la gesti\u00f3n del Gobierno auton\u00f3mico durante la crisis y en el proceso posterior de reconstrucci\u00f3n.<\/p>\n<p>El dirigente del <strong>Partido Popular<\/strong> ha se\u00f1alado que comparecer\u00e1 <strong>\u00aben los pr\u00f3ximos d\u00edas\u00bb<\/strong> para ofrecer explicaciones y valorar la situaci\u00f3n, aunque no precis\u00f3 cu\u00e1ndo retomar\u00e1 su agenda institucional.<\/p>\n<p>Un a\u00f1o sin perd\u00f3n<\/p>\n<p>La decisi\u00f3n del presidente llega en un momento simb\u00f3lico: se cumple un a\u00f1o desde la devastadora <a href=\"https:\/\/es.euronews.com\/green\/2025\/10\/29\/un-ano-despues-de-la-dana-del-29-o-los-expertos-advierten-podria-volver-a-pasar\" rel=\"nofollow noopener\" target=\"_blank\">DANA que arras\u00f3 la regi\u00f3n de Valencia<\/a>, dejando <strong>229 muertos<\/strong> y miles de damnificados. Las fuertes lluvias y las inundaciones causaron da\u00f1os materiales por valor de cientos de millones de euros, y la recuperaci\u00f3n de algunas zonas a\u00fan contin\u00faa.<\/p>\n<p>El Gobierno valenciano ha sido objeto de cr\u00edticas por parte de asociaciones de v\u00edctimas, que reclaman <strong>mayor apoyo econ\u00f3mico y psicol\u00f3gico<\/strong>, as\u00ed como una revisi\u00f3n del sistema de prevenci\u00f3n y emergencia ante fen\u00f3menos meteorol\u00f3gicos extremos, cada vez m\u00e1s frecuentes en el Mediterr\u00e1neo. Adem\u00e1s, acusan a Maz\u00f3n de dejaci\u00f3n de funciones y <a href=\"https:\/\/es.euronews.com\/green\/2025\/10\/28\/un-ano-sin-perdon-las-victimas-del-29-o-claman-justicia-por-la-dana-que-arraso-valencia\" rel=\"nofollow noopener\" target=\"_blank\"><strong>aseguran que fue su \u00abgesti\u00f3n negligente\u00bb<\/strong><\/a> la que caus\u00f3 la gran mayor\u00eda de las muertes.<\/p>\n<p>Maz\u00f3n, <a href=\"https:\/\/es.euronews.com\/2025\/10\/27\/la-jueza-de-la-dana-reclama-las-llamadas-de-mazon-mientras-analiza-su-version-del-dia-de-l\" rel=\"nofollow noopener\" target=\"_blank\">que asumi\u00f3 la presidencia en 2023<\/a>, asegur\u00f3 en anteriores declaraciones que su Ejecutivo ha \u00abtrabajado sin descanso\u00bb para atender a los afectados y reconstruir las zonas da\u00f1adas, aunque reconoci\u00f3 que <strong>\u00abqueda mucho por hacer\u00bb<\/strong>. <\/p>\n","protected":false},"excerpt":{"rendered":"Por&amp;nbspChristina Thykjaer Publicado 30\/10\/2025 &#8211; 12:30 CET \u2022Ultima actualizaci\u00f3n 12:37 El presidente de la Generalitat Valenciana, Carlos Maz\u00f3n,&hellip;\n","protected":false},"author":2,"featured_media":209692,"comment_status":"","ping_status":"","sticky":false,"template":"","format":"standard","meta":{"footnotes":""},"categories":[8],"tags":[17,18,1681,25,24,13,14,11,44958,19,20,9,10,15,16,7499,23,12,21,22,235],"class_list":{"0":"post-209691","1":"post","2":"type-post","3":"status-publish","4":"format-standard","5":"has-post-thumbnail","7":"category-espana","8":"tag-breaking-news","9":"tag-breakingnews","10":"tag-dana","11":"tag-es","12":"tag-espana","13":"tag-featured-news","14":"tag-featurednews","15":"tag-headlines","16":"tag-inundacion","17":"tag-latest-news","18":"tag-latestnews","19":"tag-news","20":"tag-noticias","21":"tag-noticias-destacadas","22":"tag-noticiasdestacadas","23":"tag-partido-popular","24":"tag-spain","25":"tag-titulares","26":"tag-ultimas-noticias","27":"tag-ultimasnoticias","28":"tag-valencia"},"share_on_mastodon":{"url":"https:\/\/pubeurope.com\/@es\/115465397700963960","error":""},"_links":{"self":[{"href":"https:\/\/www.europesays.com\/es\/wp-json\/wp\/v2\/posts\/209691","targetHints":{"allow":["GET"]}}],"collection":[{"href":"https:\/\/www.europesays.com\/es\/wp-json\/wp\/v2\/posts"}],"about":[{"href":"https:\/\/www.europesays.com\/es\/wp-json\/wp\/v2\/types\/post"}],"author":[{"embeddable":true,"href":"https:\/\/www.europesays.com\/es\/wp-json\/wp\/v2\/users\/2"}],"replies":[{"embeddable":true,"href":"https:\/\/www.europesays.com\/es\/wp-json\/wp\/v2\/comments?post=209691"}],"version-history":[{"count":0,"href":"https:\/\/www.europesays.com\/es\/wp-json\/wp\/v2\/posts\/209691\/revisions"}],"wp:featuredmedia":[{"embeddable":true,"href":"https:\/\/www.europesays.com\/es\/wp-json\/wp\/v2\/media\/209692"}],"wp:attachment":[{"href":"https:\/\/www.europesays.com\/es\/wp-json\/wp\/v2\/media?parent=209691"}],"wp:term":[{"taxonomy":"category","embeddable":true,"href":"https:\/\/www.europesays.com\/es\/wp-json\/wp\/v2\/categories?post=209691"},{"taxonomy":"post_tag","embeddable":true,"href":"https:\/\/www.europesays.com\/es\/wp-json\/wp\/v2\/tags?post=209691"}],"curies":[{"name":"wp","href":"https:\/\/api.w.org\/{rel}","templated":true}]}}