{"id":209699,"date":"2025-10-30T22:16:09","date_gmt":"2025-10-30T22:16:09","guid":{"rendered":"https:\/\/www.europesays.com\/es\/209699\/"},"modified":"2025-10-30T22:16:09","modified_gmt":"2025-10-30T22:16:09","slug":"nikola-topic-jugador-de-los-okc-thunder-es-diagnosticado-con-cancer-testicular","status":"publish","type":"post","link":"https:\/\/www.europesays.com\/es\/209699\/","title":{"rendered":"Nikola Topic, jugador de los OKC Thunder, es diagnosticado con c\u00e1ncer testicular"},"content":{"rendered":"<p class=\"ft-text\">El base de los <strong>Oklahoma City Thunder, Nikola Topic<\/strong>, fue diagnosticado con<strong> c\u00e1ncer testicular y se mantendr\u00e1 alejado de las pistas por un tiempo indefinido<\/strong>, seg\u00fan inform\u00f3 este jueves la franquicia de la NBA.<\/p>\n<p class=\"ft-text\">El m\u00e1nager general de los Thunder, <strong>Sam Presti<\/strong>, anunci\u00f3 hoy a los medios que Topic se hab\u00eda sometido a un procedimiento m\u00e9dico durante la pretemporada y los resultados arrojaron que padec\u00eda c\u00e1ncer de test\u00edculo.<\/p>\n<p class=\"ft-text\">El base ya ha comenzado el tratamiento para curar la enfermedad, consistente en <strong>quimioterapia y no tiene una fecha se\u00f1alada para regresar a la competici\u00f3n<\/strong>, seg\u00fan Presti.<\/p>\n<p class=\"ft-text\">El m\u00e1nager general agreg\u00f3 que Topic sigue entrenando con el equipo durante el proceso, y asegur\u00f3 que tiene todo el apoyo de los jugadores y del personal de los Thunder.<\/p>\n<p class=\"ft-text\"><strong>\u00abSon extremadamente positivos respecto a su actitud ante esta situaci\u00f3n<\/strong>. Es importante saber que el c\u00e1ncer testicular es la forma de c\u00e1ncer con mayor tasa de curaci\u00f3n entre los hombres\u00bb, sentenci\u00f3 Presti.<\/p>\n","protected":false},"excerpt":{"rendered":"El base de los Oklahoma City Thunder, Nikola Topic, fue diagnosticado con c\u00e1ncer testicular y se mantendr\u00e1 alejado&hellip;\n","protected":false},"author":2,"featured_media":209700,"comment_status":"","ping_status":"","sticky":false,"template":"","format":"standard","meta":{"footnotes":""},"categories":[269],"tags":[299,298,168,25,24,56871,56872,21951,23,167],"class_list":{"0":"post-209699","1":"post","2":"type-post","3":"status-publish","4":"format-standard","5":"has-post-thumbnail","7":"category-baloncesto","8":"tag-baloncesto","9":"tag-basketball","10":"tag-deportes","11":"tag-es","12":"tag-espana","13":"tag-nikola-topic","14":"tag-okc-thunder","15":"tag-oklahoma","16":"tag-spain","17":"tag-sports"},"share_on_mastodon":{"url":"https:\/\/pubeurope.com\/@es\/115465433012669684","error":""},"_links":{"self":[{"href":"https:\/\/www.europesays.com\/es\/wp-json\/wp\/v2\/posts\/209699","targetHints":{"allow":["GET"]}}],"collection":[{"href":"https:\/\/www.europesays.com\/es\/wp-json\/wp\/v2\/posts"}],"about":[{"href":"https:\/\/www.europesays.com\/es\/wp-json\/wp\/v2\/types\/post"}],"author":[{"embeddable":true,"href":"https:\/\/www.europesays.com\/es\/wp-json\/wp\/v2\/users\/2"}],"replies":[{"embeddable":true,"href":"https:\/\/www.europesays.com\/es\/wp-json\/wp\/v2\/comments?post=209699"}],"version-history":[{"count":0,"href":"https:\/\/www.europesays.com\/es\/wp-json\/wp\/v2\/posts\/209699\/revisions"}],"wp:featuredmedia":[{"embeddable":true,"href":"https:\/\/www.europesays.com\/es\/wp-json\/wp\/v2\/media\/209700"}],"wp:attachment":[{"href":"https:\/\/www.europesays.com\/es\/wp-json\/wp\/v2\/media?parent=209699"}],"wp:term":[{"taxonomy":"category","embeddable":true,"href":"https:\/\/www.europesays.com\/es\/wp-json\/wp\/v2\/categories?post=209699"},{"taxonomy":"post_tag","embeddable":true,"href":"https:\/\/www.europesays.com\/es\/wp-json\/wp\/v2\/tags?post=209699"}],"curies":[{"name":"wp","href":"https:\/\/api.w.org\/{rel}","templated":true}]}}