{"id":209736,"date":"2025-10-30T22:41:10","date_gmt":"2025-10-30T22:41:10","guid":{"rendered":"https:\/\/www.europesays.com\/es\/209736\/"},"modified":"2025-10-30T22:41:10","modified_gmt":"2025-10-30T22:41:10","slug":"preguntan-a-barbara-lennie-por-el-19-de-los-jovenes-que-anoran-el-franquismo-y-da-una-respuesta-que-nadie-habia-dado","status":"publish","type":"post","link":"https:\/\/www.europesays.com\/es\/209736\/","title":{"rendered":"Preguntan a B\u00e1rbara Lennie por el 19% de los j\u00f3venes que a\u00f1oran el franquismo y da una respuesta que nadie hab\u00eda dado"},"content":{"rendered":"<p>La actriz B\u00e1rbara Lennie, ganadora de un Premio Goya y de un Forqu\u00e9 y que estrena esta semana la pel\u00edcula\u00a0Los Tigres,<b> ha dado una respuesta que todav\u00eda nadie hab\u00eda dado <\/b>al analizar el llamativo dato que indica que\u00a0<a href=\"https:\/\/www.huffingtonpost.es\/virales\/un-prestigioso-historiador-da-preocupante-explicacion-que-19-jovenes-cree-franquismo-bueno.html\" rel=\"nofollow noopener\" target=\"_blank\">el 19% de los j\u00f3venes espa\u00f1oles cree que los a\u00f1os del franquismo fueron \u00abmuy buenos\u00bb.<\/a><\/p>\n<p>Son datos extra\u00eddos de un estudio realizado por el Centro de Investigaciones Sociol\u00f3gicas (CIS) que refleja que <a href=\"https:\/\/www.huffingtonpost.es\/virales\/el-19-espanoles-creenos-franquismo-muy-buenos-jose-sacristan-da-replica-mas-sonada.html\" rel=\"nofollow noopener\" target=\"_blank\">esa querencia por la dictadura var\u00eda seg\u00fan la edad.<\/a> Entre quienes <b>consideran aquella \u00e9poca \u00abbuena o muy buena\u00bb <\/b>est\u00e1 un 15,9% de los espa\u00f1oles de entre los 25 y 34 a\u00f1os; un 18,5%, entre 35 y 44 a\u00f1os; un 20,6%, entre 45 y 54 a\u00f1os; un 24,5%, entre 55 y 64 a\u00f1os; un 22,6%, entre 65 y 74 a\u00f1os; y hasta un 25,8% de los mayores de 75 la valoran positivamente.<\/p>\n<p>A B\u00e1rbara Lennie le han preguntado en una entrevista en El Peri\u00f3dico por ese apoyo de los m\u00e1s j\u00f3venes al franquismo, pero ella lo ha analizado de un modo diferente: \u00abYo elijo quedarme con la parte menos negativa del dato, y es que<b> dentro de ese porcentaje hay muy pocas mujeres<\/b>; eso demuestra que el trabajo hecho por el feminismo ha tenido efecto, porque muchas chicas entienden que es necesario reivindicar ciertas cosas b\u00e1sicas\u00bb<\/p>\n<p>\u00abNo podemos bajar la guardia\u00bb<\/p>\n<p>Dicho eso, la actriz ha advertido de que <b>\u00abno podemos bajar la guardia, porque los logros que tanto trabajo exigen pueden perderse muy r\u00e1pidamente\u00bb: <\/b>\u00abEs urgente hacer cambios en la educaci\u00f3n. Mientras la Guerra Civil y el franquismo sigan sin estudiarse en los colegios y los institutos, los j\u00f3venes seguir\u00e1n sin saber lo que dicen al hablar de ello\u00bb.<\/p>\n<p>Mientras,\u00a0el catedr\u00e1tico de Historia Contempor\u00e1nea de la Universidad de Zaragoza Juli\u00e1n Casanova, que ha sido visitante en prestigiosas universidades brit\u00e1nicas, estadounidenses y latinoamericanas, <b>ha dado una posible explicaci\u00f3n de ese apoyo de los j\u00f3venes a la dictadura.<\/b><\/p>\n<p>\u00abLo que est\u00e1 funcionando es la desmemoria\u00bb\u00a0<\/p>\n<p>Casanova, que precisamente estos d\u00edas presenta su \u00faltimo libro, titulado Franco, ha se\u00f1alado al respecto que \u00e9l suele ir \u00aba muchos institutos\u00bb y que <b>\u00aben realidad lo que est\u00e1 funcionando es la desmemoria\u00bb.<\/b><\/p>\n<p>En una entrevista en Faro de Vigo, el experto es rotundo: \u00abHace much\u00edsimo tiempo, sobre todo en los \u00faltimos a\u00f1os, que hay gente en el mundo, no solo en Espa\u00f1a, que se\u00f1ala a todos <b>estos tiranos -y Franco lo era- <\/b>como modernizadores; y han tratado de convencer de que esa tiran\u00eda no era tal, que eso era un invento, sino que funcionaron y ayudaron a las clases populares\u00bb.<\/p>\n","protected":false},"excerpt":{"rendered":"La actriz B\u00e1rbara Lennie, ganadora de un Premio Goya y de un Forqu\u00e9 y que estrena esta semana&hellip;\n","protected":false},"author":2,"featured_media":209737,"comment_status":"","ping_status":"","sticky":false,"template":"","format":"standard","meta":{"footnotes":""},"categories":[174],"tags":[7671,255,146,147,25,24,256,1470,448,23],"class_list":{"0":"post-209736","1":"post","2":"type-post","3":"status-publish","4":"format-standard","5":"has-post-thumbnail","7":"category-famosos","8":"tag-barbara-lennie","9":"tag-celebrities","10":"tag-entertainment","11":"tag-entretenimiento","12":"tag-es","13":"tag-espana","14":"tag-famosos","15":"tag-franquismo","16":"tag-historia","17":"tag-spain"},"share_on_mastodon":{"url":"https:\/\/pubeurope.com\/@es\/115465531188905861","error":""},"_links":{"self":[{"href":"https:\/\/www.europesays.com\/es\/wp-json\/wp\/v2\/posts\/209736","targetHints":{"allow":["GET"]}}],"collection":[{"href":"https:\/\/www.europesays.com\/es\/wp-json\/wp\/v2\/posts"}],"about":[{"href":"https:\/\/www.europesays.com\/es\/wp-json\/wp\/v2\/types\/post"}],"author":[{"embeddable":true,"href":"https:\/\/www.europesays.com\/es\/wp-json\/wp\/v2\/users\/2"}],"replies":[{"embeddable":true,"href":"https:\/\/www.europesays.com\/es\/wp-json\/wp\/v2\/comments?post=209736"}],"version-history":[{"count":0,"href":"https:\/\/www.europesays.com\/es\/wp-json\/wp\/v2\/posts\/209736\/revisions"}],"wp:featuredmedia":[{"embeddable":true,"href":"https:\/\/www.europesays.com\/es\/wp-json\/wp\/v2\/media\/209737"}],"wp:attachment":[{"href":"https:\/\/www.europesays.com\/es\/wp-json\/wp\/v2\/media?parent=209736"}],"wp:term":[{"taxonomy":"category","embeddable":true,"href":"https:\/\/www.europesays.com\/es\/wp-json\/wp\/v2\/categories?post=209736"},{"taxonomy":"post_tag","embeddable":true,"href":"https:\/\/www.europesays.com\/es\/wp-json\/wp\/v2\/tags?post=209736"}],"curies":[{"name":"wp","href":"https:\/\/api.w.org\/{rel}","templated":true}]}}