{"id":209753,"date":"2025-10-30T22:51:13","date_gmt":"2025-10-30T22:51:13","guid":{"rendered":"https:\/\/www.europesays.com\/es\/209753\/"},"modified":"2025-10-30T22:51:13","modified_gmt":"2025-10-30T22:51:13","slug":"que-supermercados-estaran-abiertos-en-lugo-este-sabado-1-de-noviembre","status":"publish","type":"post","link":"https:\/\/www.europesays.com\/es\/209753\/","title":{"rendered":"\u00bfQu\u00e9 supermercados estar\u00e1n abiertos en Lugo este s\u00e1bado 1 de noviembre?"},"content":{"rendered":"<p>Con la llegada del <a target=\"_blank\" href=\"https:\/\/www.elprogreso.es\/tags\/dia-de-todos-los-santos\/\" rel=\"nofollow noopener\"><strong>D\u00eda de Todos los Santos<\/strong><\/a>, muchos lucenses se preparan para disfrutar de un <strong>s\u00e1bado festivo<\/strong>, entre visitas a los <a target=\"_blank\" href=\"https:\/\/www.elprogreso.es\/articulo\/a-marina\/altamira-testigo-final-locura-madre-que-mato-cuatro-hijos-viveiro\/202510301042481917592.html\" rel=\"nofollow noopener\"><strong>cementerios<\/strong><\/a>, comidas familiares y planes de fin de semana. Sin embargo, este d\u00eda \u2013de car\u00e1cter <strong>festivo en toda Galicia<\/strong>\u2013 tambi\u00e9n supone cambios en los horarios comerciales, especialmente en los <strong>supermercados<\/strong>.<\/p>\n<p>Para evitar desplazamientos innecesarios o sorpresas de \u00faltima hora, hemos recopilado la informaci\u00f3n actualizada sobre los <strong>horarios de apertura <\/strong>de los principales supermercados y tiendas de alimentaci\u00f3n que operan en la ciudad de <strong>Lugo<\/strong>.<\/p>\n<p>Horarios de apertura por cadena<\/p>\n<p>Mercadona<\/p>\n<p><strong>Cerrado<\/strong>. Todas las tiendas de Mercadona en Galicia permanecer\u00e1n cerradas este s\u00e1bado 1 de noviembre.<\/p>\n<p>Gadis<\/p>\n<p><strong>Cerrado<\/strong>. La compa\u00f1\u00eda gallega no abrir\u00e1 sus establecimientos al tratarse de un festivo no autorizado para la apertura comercial.<\/p>\n<p>Froiz<\/p>\n<p><strong>Cerrado<\/strong>. Tanto los supermercados Froiz como H\u00edper Froiz de Lugo mantendr\u00e1n cerradas sus puertas durante toda la jornada.<\/p>\n<p>Carrefour<\/p>\n<p><strong>Cerrado<\/strong>. Los hipermercados y supermercados Carrefour no abrir\u00e1n en la ciudad el D\u00eda de Todos los Santos.<\/p>\n<p>Eroski<\/p>\n<p><strong>Cerrado<\/strong>. No se prev\u00e9 actividad comercial en los establecimientos Eroski durante este s\u00e1bado.<\/p>\n<p>Lidl<\/p>\n<p><strong>Cerrado<\/strong>. Todas las tiendas Lidl de Galicia permanecer\u00e1n cerradas el 1 de noviembre.<\/p>\n<p>DIA<\/p>\n<p><strong>Cerrado<\/strong>. Ninguno de los establecimientos de la cadena operar\u00e1 durante la jornada festiva.<\/p>\n<p>Alternativas abiertas en Lugo<\/p>\n<p>Aunque las grandes cadenas permanecer\u00e1n cerradas, algunas <strong>tiendas de conveniencia<\/strong> y <strong>multitiendas locales<\/strong> s\u00ed estar\u00e1n operativas para cubrir las necesidades b\u00e1sicas de los lucenses:<\/p>\n<ul>\n<li><strong>Multitienda San Roque <\/strong>(R\u00faa San Roque, 155): abierta las 24 horas, todos los d\u00edas.<\/li>\n<li><strong>Barabau<\/strong> (R\u00faa dos Gardas, 1; y Avenida das Am\u00e9ricas, 83): abiertas\u00a0de 6:00 a 2:00,\u00a0la primera tienda, y de 8:00 a 23:00 la segunda.<\/li>\n<li><strong>S\u00faper 24\/7 Sewa<\/strong> (R\u00faa San Roque, 150): abierto de 08:00 a 01:00 h.<\/li>\n<li><strong>Agarimo Lugo<\/strong> (R\u00faa San Roque, 175): abierto de 08:00 a 22:00 h.<\/li>\n<li><strong>DeTodo Lugo <\/strong>(R\u00faa Montero R\u00edos, 84): abierto de 07:00 a 00:00 h.<\/li>\n<li><strong>Gasolinera Eroski \u2013 As Termas<\/strong> (Av. da Coru\u00f1a): tienda abierta durante el festivo, de 10:00 a 22:00 h.<\/li>\n<\/ul>\n<p>Como recomendaci\u00f3n, <strong>planifica tus compras <\/strong>con <strong>antelaci\u00f3n <\/strong>para evitar contratiempos durante el festivo. Y si surge alg\u00fan imprevisto, recuerda que las multitiendas de barrio y las tiendas en gasolineras estar\u00e1n disponibles durante gran parte del d\u00eda.<\/p>\n","protected":false},"excerpt":{"rendered":"Con la llegada del D\u00eda de Todos los Santos, muchos lucenses se preparan para disfrutar de un s\u00e1bado&hellip;\n","protected":false},"author":2,"featured_media":209754,"comment_status":"","ping_status":"","sticky":false,"template":"","format":"standard","meta":{"footnotes":""},"categories":[80],"tags":[5233,82,4007,56876,95,94,25,24,27526,7318,23],"class_list":{"0":"post-209753","1":"post","2":"type-post","3":"status-publish","4":"format-standard","5":"has-post-thumbnail","7":"category-economia","8":"tag-audiencias-um","9":"tag-business","10":"tag-destacado","11":"tag-dia-de-todos-los-santos","12":"tag-economia","13":"tag-economy","14":"tag-es","15":"tag-espana","16":"tag-festivos","17":"tag-lugo","18":"tag-spain"},"share_on_mastodon":{"url":"https:\/\/pubeurope.com\/@es\/115465570690889124","error":""},"_links":{"self":[{"href":"https:\/\/www.europesays.com\/es\/wp-json\/wp\/v2\/posts\/209753","targetHints":{"allow":["GET"]}}],"collection":[{"href":"https:\/\/www.europesays.com\/es\/wp-json\/wp\/v2\/posts"}],"about":[{"href":"https:\/\/www.europesays.com\/es\/wp-json\/wp\/v2\/types\/post"}],"author":[{"embeddable":true,"href":"https:\/\/www.europesays.com\/es\/wp-json\/wp\/v2\/users\/2"}],"replies":[{"embeddable":true,"href":"https:\/\/www.europesays.com\/es\/wp-json\/wp\/v2\/comments?post=209753"}],"version-history":[{"count":0,"href":"https:\/\/www.europesays.com\/es\/wp-json\/wp\/v2\/posts\/209753\/revisions"}],"wp:featuredmedia":[{"embeddable":true,"href":"https:\/\/www.europesays.com\/es\/wp-json\/wp\/v2\/media\/209754"}],"wp:attachment":[{"href":"https:\/\/www.europesays.com\/es\/wp-json\/wp\/v2\/media?parent=209753"}],"wp:term":[{"taxonomy":"category","embeddable":true,"href":"https:\/\/www.europesays.com\/es\/wp-json\/wp\/v2\/categories?post=209753"},{"taxonomy":"post_tag","embeddable":true,"href":"https:\/\/www.europesays.com\/es\/wp-json\/wp\/v2\/tags?post=209753"}],"curies":[{"name":"wp","href":"https:\/\/api.w.org\/{rel}","templated":true}]}}